{"id":128738,"date":"2025-05-26T07:44:10","date_gmt":"2025-05-26T07:44:10","guid":{"rendered":"https:\/\/www.europesays.com\/fr\/128738\/"},"modified":"2025-05-26T07:44:10","modified_gmt":"2025-05-26T07:44:10","slug":"lessentiel-du-sport-dans-nos-regions-le-president-du-fcg-se-confie-avant-la-demie-johann-zarco-encore-sur-le-podium-les-infos-de-ce-lundi-26-mai","status":"publish","type":"post","link":"https:\/\/www.europesays.com\/fr\/128738\/","title":{"rendered":"L&rsquo;essentiel du sport dans nos r\u00e9gions Le pr\u00e9sident du FCG se confie avant la demie, Johann Zarco encore sur le podium&#8230; les infos de ce lundi 26 mai"},"content":{"rendered":"<p>\u00c0 quatre jours de la demi-finale de Pro D2 du FCG, son pr\u00e9sident Patrick Goffi s&rsquo;est longuement confi\u00e9 dans les colonnes du Dauphin\u00e9 Lib\u00e9r\u00e9 \u00e9voquant notamment le dossier br\u00fblant du Stade des Alpes. En Grande-Bretagne, le Vauclusien Johann Zarco est une nouvelle fois mont\u00e9 sur le podium&#8230; Voici ce qu&rsquo;il faut savoir de l&rsquo;actualit\u00e9 sportive dans nos r\u00e9gions pour ce lundi 26 mai.<\/p>\n","protected":false},"excerpt":{"rendered":"\u00c0 quatre jours de la demi-finale de Pro D2 du FCG, son pr\u00e9sident Patrick Goffi s&rsquo;est longuement confi\u00e9&hellip;\n","protected":false},"author":2,"featured_media":128739,"comment_status":"","ping_status":"","sticky":false,"template":"","format":"standard","meta":{"footnotes":""},"categories":[9566],"tags":[1111,11,2430,1777,674,107,1701,1011,27,2731,12,25,517,1947],"class_list":{"0":"post-128738","1":"post","2":"type-post","3":"status-publish","4":"format-standard","5":"has-post-thumbnail","7":"category-grenoble","8":"tag-actu","9":"tag-actualites","10":"tag-auvergne-rhone-alpes","11":"tag-eu","12":"tag-europe","13":"tag-fil-info","14":"tag-fil-info-sport","15":"tag-fr","16":"tag-france","17":"tag-grenoble","18":"tag-news","19":"tag-republique-francaise","20":"tag-sport","21":"tag-sport-national"},"share_on_mastodon":{"url":"https:\/\/pubeurope.com\/@fr\/114573021361180390","error":""},"_links":{"self":[{"href":"https:\/\/www.europesays.com\/fr\/wp-json\/wp\/v2\/posts\/128738","targetHints":{"allow":["GET"]}}],"collection":[{"href":"https:\/\/www.europesays.com\/fr\/wp-json\/wp\/v2\/posts"}],"about":[{"href":"https:\/\/www.europesays.com\/fr\/wp-json\/wp\/v2\/types\/post"}],"author":[{"embeddable":true,"href":"https:\/\/www.europesays.com\/fr\/wp-json\/wp\/v2\/users\/2"}],"replies":[{"embeddable":true,"href":"https:\/\/www.europesays.com\/fr\/wp-json\/wp\/v2\/comments?post=128738"}],"version-history":[{"count":0,"href":"https:\/\/www.europesays.com\/fr\/wp-json\/wp\/v2\/posts\/128738\/revisions"}],"wp:featuredmedia":[{"embeddable":true,"href":"https:\/\/www.europesays.com\/fr\/wp-json\/wp\/v2\/media\/128739"}],"wp:attachment":[{"href":"https:\/\/www.europesays.com\/fr\/wp-json\/wp\/v2\/media?parent=128738"}],"wp:term":[{"taxonomy":"category","embeddable":true,"href":"https:\/\/www.europesays.com\/fr\/wp-json\/wp\/v2\/categories?post=128738"},{"taxonomy":"post_tag","embeddable":true,"href":"https:\/\/www.europesays.com\/fr\/wp-json\/wp\/v2\/tags?post=128738"}],"curies":[{"name":"wp","href":"https:\/\/api.w.org\/{rel}","templated":true}]}}