{"id":128740,"date":"2025-05-26T07:45:14","date_gmt":"2025-05-26T07:45:14","guid":{"rendered":"https:\/\/www.europesays.com\/fr\/128740\/"},"modified":"2025-05-26T07:45:14","modified_gmt":"2025-05-26T07:45:14","slug":"les-enfants-des-creches-relookes-avec-les-vieilles-tenues-des-jardiniers-de-la-ville","status":"publish","type":"post","link":"https:\/\/www.europesays.com\/fr\/128740\/","title":{"rendered":"Les enfants des cr\u00e8ches relook\u00e9s avec les vieilles tenues des jardiniers de la ville"},"content":{"rendered":"<p>Ils ne passent pas inaper\u00e7us avec leur tenue jaune flashy. Depuis un an, les enfants accueillis dans dix des dix-neuf cr\u00e8ches de la ville de Rennes enfilent \u00e0 chaque fois qu\u2019ils sont \u00e0 l\u2019ext\u00e9rieur leur joli costume d\u2019agent d\u2019entretien. Il ne s\u2019agit pas l\u00e0 d\u2019un d\u00e9guisement mais d\u2019un projet <a href=\"https:\/\/www.20minutes.fr\/planete\/recyclage\/\" class=\"color-ultramarine c-link\" target=\"_blank\" rel=\"noopener\">de r\u00e9emploi<\/a> des v\u00eatements de travail usag\u00e9s ou ab\u00eem\u00e9s des jardiniers de la ville.<\/p>\n<p>Plut\u00f4t que de les balancer, six professionnelles de la petite enfance ont eu l\u2019id\u00e9e de les r\u00e9utiliser pour en faire des pantalons, salopettes et gilets de s\u00e9curit\u00e9 pour les bambins pour les sorties en dehors de la cr\u00e8che. \u00ab\u00a0C\u2019est vertueux pour la plan\u00e8te mais aussi tr\u00e8s pratique pour les parents, qui n\u2019ont pas \u00e0 fournir ce type <a href=\"https:\/\/www.20minutes.fr\/dossier\/vetement\" class=\"color-ultramarine c-link\" target=\"_blank\" rel=\"noopener\">de v\u00eatements<\/a>\u00a0\u00bb, souligne la ville, qui a d\u00e9cid\u00e9 de p\u00e9renniser ce test et de le g\u00e9n\u00e9raliser \u00e0 toutes les cr\u00e8ches.<\/p>\n<p>D\u2019autres collectivit\u00e9s int\u00e9ress\u00e9es par la d\u00e9marche<\/p>\n<p>Des accessoires comme des sacs, des couffins et des petits habits de poup\u00e9es ont \u00e9galement \u00e9t\u00e9 confectionn\u00e9s \u00e0 partir des vieilles tenues, et \u00ab\u00a0un prototype de cape de pluie est en cours de finalisation\u00a0\u00bb, pr\u00e9cise la municipalit\u00e9 bretonne, qui va confier la fabrication des salopettes pour b\u00e9b\u00e9s et des pantalons pour les jeunes enfants \u00e0 un atelier d\u2019insertion.<\/p>\n<\/p>\n<p>Outre le recyclage de v\u00eatements usag\u00e9s, le projet vise \u00e0 faciliter les sorties et l\u2019usage des jardins des cr\u00e8ches et \u00ab\u00a0<a href=\"https:\/\/www.20minutes.fr\/societe\/4150321-20250426-quoi-concept-creches-plein-air-vont-ouvrir-automne-lyon\" class=\"color-ultramarine c-link\" target=\"_blank\" rel=\"noopener\">de d\u00e9velopper plus encore l\u2019\u00e9veil \u00e0 la nature<\/a> et le respect de l\u2019environnement.\u00a0\u00bb A terme, le projet rennais pourrait faire des petits aupr\u00e8s d\u2019autres collectivit\u00e9s d\u00e9j\u00e0 int\u00e9ress\u00e9s par la d\u00e9marche. Les patrons des mod\u00e8les de v\u00eatements leur ont ainsi \u00e9t\u00e9 communiqu\u00e9s, pr\u00e9cise la ville. Le jaune flashy va bient\u00f4t faire fureur dans les cr\u00e8ches de France.<\/p>\n","protected":false},"excerpt":{"rendered":"Ils ne passent pas inaper\u00e7us avec leur tenue jaune flashy. Depuis un an, les enfants accueillis dans dix&hellip;\n","protected":false},"author":2,"featured_media":128741,"comment_status":"","ping_status":"","sticky":false,"template":"","format":"standard","meta":{"footnotes":""},"categories":[2821],"tags":[1111,47,11,3493,829,2695,847,436,1777,674,1011,27,848,12,52,3887,584,25,104,1969,2422,996],"class_list":{"0":"post-128740","1":"post","2":"type-post","3":"status-publish","4":"format-standard","5":"has-post-thumbnail","7":"category-rennes","8":"tag-actu","9":"tag-actualite","10":"tag-actualites","11":"tag-bebe","12":"tag-bretagne","13":"tag-creche","14":"tag-enfant","15":"tag-environnement","16":"tag-eu","17":"tag-europe","18":"tag-fr","19":"tag-france","20":"tag-ille-et-vilaine","21":"tag-news","22":"tag-planete","23":"tag-recyclage","24":"tag-rennes","25":"tag-republique-francaise","26":"tag-societe","27":"tag-style","28":"tag-textile","29":"tag-vetement"},"share_on_mastodon":{"url":"https:\/\/pubeurope.com\/@fr\/114573025160058012","error":""},"_links":{"self":[{"href":"https:\/\/www.europesays.com\/fr\/wp-json\/wp\/v2\/posts\/128740","targetHints":{"allow":["GET"]}}],"collection":[{"href":"https:\/\/www.europesays.com\/fr\/wp-json\/wp\/v2\/posts"}],"about":[{"href":"https:\/\/www.europesays.com\/fr\/wp-json\/wp\/v2\/types\/post"}],"author":[{"embeddable":true,"href":"https:\/\/www.europesays.com\/fr\/wp-json\/wp\/v2\/users\/2"}],"replies":[{"embeddable":true,"href":"https:\/\/www.europesays.com\/fr\/wp-json\/wp\/v2\/comments?post=128740"}],"version-history":[{"count":0,"href":"https:\/\/www.europesays.com\/fr\/wp-json\/wp\/v2\/posts\/128740\/revisions"}],"wp:featuredmedia":[{"embeddable":true,"href":"https:\/\/www.europesays.com\/fr\/wp-json\/wp\/v2\/media\/128741"}],"wp:attachment":[{"href":"https:\/\/www.europesays.com\/fr\/wp-json\/wp\/v2\/media?parent=128740"}],"wp:term":[{"taxonomy":"category","embeddable":true,"href":"https:\/\/www.europesays.com\/fr\/wp-json\/wp\/v2\/categories?post=128740"},{"taxonomy":"post_tag","embeddable":true,"href":"https:\/\/www.europesays.com\/fr\/wp-json\/wp\/v2\/tags?post=128740"}],"curies":[{"name":"wp","href":"https:\/\/api.w.org\/{rel}","templated":true}]}}