{"id":128742,"date":"2025-05-26T07:46:08","date_gmt":"2025-05-26T07:46:08","guid":{"rendered":"https:\/\/www.europesays.com\/fr\/128742\/"},"modified":"2025-05-26T07:46:08","modified_gmt":"2025-05-26T07:46:08","slug":"jusqua-6-km-de-bouchons-sur-la-quatre-voies","status":"publish","type":"post","link":"https:\/\/www.europesays.com\/fr\/128742\/","title":{"rendered":"jusqu\u2019\u00e0 6 km de bouchons sur la quatre voies"},"content":{"rendered":"<p>            Par<br \/>\n        <strong><br \/>\n            <a href=\"https:\/\/actu.fr\/auteur\/redaction-jv\" title=\"Consulter tous les articles de R\u00e9daction Vitr\u00e9\" target=\"_blank\" rel=\"noopener\">R\u00e9daction Vitr\u00e9<\/a><br \/>\n        <\/strong><\/p>\n<p>        Publi\u00e9 le<\/p>\n<p>            26 mai 2025 \u00e0 9h36        <\/p>\n<p>Lundi 26\u00a0mai 2025, un peu avant 8\u2009h, un <b>accident <\/b>est survenu sur la quatre voies entre <b>Vitr\u00e9 (Ille-et-Vilaine) et Rennes<\/b>.<\/p>\n<p class=\" wall-content\">Il s\u2019est produit \u00e0 hauteur de <b>Br\u00e9c\u00e9<\/b> et a impliqu\u00e9 <b>trois v\u00e9hicules<\/b>, selon Bison fut\u00e9.<\/p>\n<p>Jusqu\u2019\u00e0 6\u00a0km de bouchons<\/p>\n<p class=\" wall-content\"><b>Aucun bless\u00e9<\/b> n\u2019est \u00e0 signaler pr\u00e9cise le Centre op\u00e9rationnel d\u00e9partemental d\u2019incendie et de secours (Codis).<\/p>\n<p class=\" wall-content\">\u00c0 cette heure de la journ\u00e9e, l\u2019accident a provoqu\u00e9 d\u2019importants ralentissements. Jusqu\u2019\u00e0 <b>6\u00a0km de bouchons<\/b> \u00e9taient signal\u00e9s \u00e0 8\u2009h par Bison fut\u00e9.<\/p>\n<p class=\" wall-content\">La circulation a pu reprendre normalement apr\u00e8s 9\u2009h.<\/p>\n<p>Vid\u00e9os : en ce moment sur Actu<\/p>\n<p class=\" wall-content\">Suivez toute l\u2019actualit\u00e9 de vos villes et m\u00e9dias favoris en vous inscrivant \u00e0 <a href=\"https:\/\/moncompte.actu.fr\" title=\"D\u00e9couvez Mon Actu\" rel=\"nofollow noopener\" data-trk=\"{&quot;cta&quot;:{&quot;action&quot;:&quot;https:\\\/\\\/moncompte.actu.fr&quot;,&quot;category&quot;:&quot;mon compte&quot;,&quot;from&quot;:&quot;article footer&quot;,&quot;name&quot;:&quot;Mon actu&quot;,&quot;type&quot;:&quot;cta&quot;}}\" target=\"_blank\">Mon Actu<\/a>.<\/p>\n","protected":false},"excerpt":{"rendered":"Par R\u00e9daction Vitr\u00e9 Publi\u00e9 le 26 mai 2025 \u00e0 9h36 Lundi 26\u00a0mai 2025, un peu avant 8\u2009h, un&hellip;\n","protected":false},"author":2,"featured_media":128743,"comment_status":"","ping_status":"","sticky":false,"template":"","format":"standard","meta":{"footnotes":""},"categories":[2821],"tags":[119,1111,11,6427,829,1777,674,118,1011,27,12,584,25],"class_list":{"0":"post-128742","1":"post","2":"type-post","3":"status-publish","4":"format-standard","5":"has-post-thumbnail","7":"category-rennes","8":"tag-accident","9":"tag-actu","10":"tag-actualites","11":"tag-bison-fute","12":"tag-bretagne","13":"tag-eu","14":"tag-europe","15":"tag-faits-divers","16":"tag-fr","17":"tag-france","18":"tag-news","19":"tag-rennes","20":"tag-republique-francaise"},"share_on_mastodon":{"url":"https:\/\/pubeurope.com\/@fr\/114573029072835795","error":""},"_links":{"self":[{"href":"https:\/\/www.europesays.com\/fr\/wp-json\/wp\/v2\/posts\/128742","targetHints":{"allow":["GET"]}}],"collection":[{"href":"https:\/\/www.europesays.com\/fr\/wp-json\/wp\/v2\/posts"}],"about":[{"href":"https:\/\/www.europesays.com\/fr\/wp-json\/wp\/v2\/types\/post"}],"author":[{"embeddable":true,"href":"https:\/\/www.europesays.com\/fr\/wp-json\/wp\/v2\/users\/2"}],"replies":[{"embeddable":true,"href":"https:\/\/www.europesays.com\/fr\/wp-json\/wp\/v2\/comments?post=128742"}],"version-history":[{"count":0,"href":"https:\/\/www.europesays.com\/fr\/wp-json\/wp\/v2\/posts\/128742\/revisions"}],"wp:featuredmedia":[{"embeddable":true,"href":"https:\/\/www.europesays.com\/fr\/wp-json\/wp\/v2\/media\/128743"}],"wp:attachment":[{"href":"https:\/\/www.europesays.com\/fr\/wp-json\/wp\/v2\/media?parent=128742"}],"wp:term":[{"taxonomy":"category","embeddable":true,"href":"https:\/\/www.europesays.com\/fr\/wp-json\/wp\/v2\/categories?post=128742"},{"taxonomy":"post_tag","embeddable":true,"href":"https:\/\/www.europesays.com\/fr\/wp-json\/wp\/v2\/tags?post=128742"}],"curies":[{"name":"wp","href":"https:\/\/api.w.org\/{rel}","templated":true}]}}