{"id":128747,"date":"2025-05-26T07:49:09","date_gmt":"2025-05-26T07:49:09","guid":{"rendered":"https:\/\/www.europesays.com\/fr\/128747\/"},"modified":"2025-05-26T07:49:09","modified_gmt":"2025-05-26T07:49:09","slug":"le-port-de-nice-accueille-une-journee-portes-ouvertes-du-yachting-dans-le","status":"publish","type":"post","link":"https:\/\/www.europesays.com\/fr\/128747\/","title":{"rendered":"Le Port de Nice accueille une Journ\u00e9e Portes Ouvertes du yachting dans le (\u2026)"},"content":{"rendered":"<p>                    <img loading=\"lazy\" decoding=\"async\" src=\"https:\/\/www.europesays.com\/fr\/wp-content\/uploads\/2025\/05\/ce8c74b960b2e48241f499977a7efb.png\" class=\"img-responsive post-image\" width=\"680\" height=\"510\" alt=\"Le Port de Nice accueille\" title=\"Le Port de Nice accueille une Journ\u00e9e Portes Ouvertes du yachting dans le cadre du World Boating Day\"\/><\/p>\n<p class=\"chapo\">Le Comit\u00e9 Europ\u00e9en pour le Yachting Professionnel (ECPY) organise une Journ\u00e9e Portes Ouvertes au Port de Nice, mardi 27 mai, dans le cadre du World Boating Day. L\u2019\u00e9v\u00e9nement, soutenu par l\u2019entreprise Bluewater, a pour objectif de rendre le monde du yachting plus accessible au grand public\u00a0: la journ\u00e9e est plac\u00e9e sous le signe de l\u2019inclusion, de la transmission et de la c\u00e9l\u00e9bration du monde du yachting.<\/p>\n<p>Cette initiative s\u2019inscrit dans un mouvement international r\u00e9unissant plus de 37 organisations \u00e0 travers le monde. L\u2019ECPY met l\u2019accent sur trois axes majeurs\u00a0:<strong> l\u2019attractivit\u00e9 des m\u00e9tiers du yachting, la valorisation m\u00e9diatique du secteur, et l\u2019\u00e9largissement de la communaut\u00e9 nautique.<br class=\"texte\"\/><br \/>\n<\/strong>  Fond\u00e9 en 1993, le Comit\u00e9 Europ\u00e9en pour le Yachting Professionnel regroupe plus de 180 entreprises actives dans le courtage, la construction navale, l\u2019assurance, la logistique, le conseil et les services li\u00e9s au yachting. L\u2019ECPY \u0153uvre \u00e0 l\u2019harmonisation des cadres r\u00e9glementaires europ\u00e9ens et \u00e0 la promotion d\u2019un d\u00e9veloppement durable de l\u2019industrie.<\/p>\n<p>Au programme le 27 mai \u00e0 Nice <\/p>\n<p>Des ateliers m\u00e9tiers seront propos\u00e9s en collaboration avec Bluewater pour pr\u00e9senter les parcours de formation menant aux fonctions de<strong> matelot, stewardess, ing\u00e9nieur ou capitaine.<\/strong> Des professionnels partageront \u00e9galement leur exp\u00e9rience \u00e0 bord pour donner un aper\u00e7u concret du quotidien en mer. <a href=\"https:\/\/worldboatingday.com\/events\/?act=view_event&amp;event_id=104\" class=\"spip_out\" rel=\"external nofollow noopener\" target=\"_blank\">L\u2019\u00e9v\u00e9nement<\/a> se veut aussi une vitrine positive du secteur, en proposant des visites de yachts et des \u00e9changes entre acteurs de l\u2019industrie. Enfin, l\u2019ECPY accueillera des \u00e9l\u00e8ves de l\u2019\u00e9cole du port Lympia ainsi que des membres de l\u2019association EXc3pt, d\u00e9di\u00e9e aux personnes en situation de handicap, pour leur faire d\u00e9couvrir les opportunit\u00e9s offertes par le yachting.<\/p>\n<p><strong><br class=\"autobr\"\/><br \/>\nInformations pratiques <\/strong> <br class=\"autobr\"\/><br \/>\nInscription recommand\u00e9e\u00a0: informations\u00a0: <a href=\"https:\/\/www.petitesaffiches.fr\/cdn-cgi\/l\/email-protection\" class=\"__cf_email__\" data-cfemail=\"f59986b5859487819b9087869d9c85db9387\" rel=\"nofollow noopener\" target=\"_blank\">[email\u00a0protected]<\/a> &#8211;  06 99 76 98 00<br class=\"autobr\"\/><br \/>\nMardi 27 mai 2025 de 9h30 \u00e0 17h30<br class=\"autobr\"\/><br \/>\nPort de Nice \u2013 Quai du Commerce<\/p>\n","protected":false},"excerpt":{"rendered":"Le Comit\u00e9 Europ\u00e9en pour le Yachting Professionnel (ECPY) organise une Journ\u00e9e Portes Ouvertes au Port de Nice, mardi&hellip;\n","protected":false},"author":2,"featured_media":128748,"comment_status":"","ping_status":"","sticky":false,"template":"","format":"standard","meta":{"footnotes":""},"categories":[2819],"tags":[1111,11,2408,1777,674,1011,27,12,2401,882,25],"class_list":{"0":"post-128747","1":"post","2":"type-post","3":"status-publish","4":"format-standard","5":"has-post-thumbnail","7":"category-nice","8":"tag-actu","9":"tag-actualites","10":"tag-appels-d","11":"tag-eu","12":"tag-europe","13":"tag-fr","14":"tag-france","15":"tag-news","16":"tag-nice","17":"tag-provence-alpes-cote-dazur","18":"tag-republique-francaise"},"share_on_mastodon":{"url":"https:\/\/pubeurope.com\/@fr\/114573041017172702","error":""},"_links":{"self":[{"href":"https:\/\/www.europesays.com\/fr\/wp-json\/wp\/v2\/posts\/128747","targetHints":{"allow":["GET"]}}],"collection":[{"href":"https:\/\/www.europesays.com\/fr\/wp-json\/wp\/v2\/posts"}],"about":[{"href":"https:\/\/www.europesays.com\/fr\/wp-json\/wp\/v2\/types\/post"}],"author":[{"embeddable":true,"href":"https:\/\/www.europesays.com\/fr\/wp-json\/wp\/v2\/users\/2"}],"replies":[{"embeddable":true,"href":"https:\/\/www.europesays.com\/fr\/wp-json\/wp\/v2\/comments?post=128747"}],"version-history":[{"count":0,"href":"https:\/\/www.europesays.com\/fr\/wp-json\/wp\/v2\/posts\/128747\/revisions"}],"wp:featuredmedia":[{"embeddable":true,"href":"https:\/\/www.europesays.com\/fr\/wp-json\/wp\/v2\/media\/128748"}],"wp:attachment":[{"href":"https:\/\/www.europesays.com\/fr\/wp-json\/wp\/v2\/media?parent=128747"}],"wp:term":[{"taxonomy":"category","embeddable":true,"href":"https:\/\/www.europesays.com\/fr\/wp-json\/wp\/v2\/categories?post=128747"},{"taxonomy":"post_tag","embeddable":true,"href":"https:\/\/www.europesays.com\/fr\/wp-json\/wp\/v2\/tags?post=128747"}],"curies":[{"name":"wp","href":"https:\/\/api.w.org\/{rel}","templated":true}]}}