{"id":128749,"date":"2025-05-26T07:50:08","date_gmt":"2025-05-26T07:50:08","guid":{"rendered":"https:\/\/www.europesays.com\/fr\/128749\/"},"modified":"2025-05-26T07:50:08","modified_gmt":"2025-05-26T07:50:08","slug":"effet-grand-prix-de-formule-1-a-monaco-a-nice-les-hotels-et-les-plages-de-la-baie-des-anges-font-le-plein","status":"publish","type":"post","link":"https:\/\/www.europesays.com\/fr\/128749\/","title":{"rendered":"Effet Grand Prix de Formule 1 \u00e0 Monaco: \u00e0 Nice, les h\u00f4tels et les plages de la Baie des Anges font le plein"},"content":{"rendered":"<p>Nice a affich\u00e9 \u00ab\u00a0complet\u00a0\u00bb. Ces derniers jours et plus particuli\u00e8rement ce week-end, ce fut complet dans l\u2019h\u00f4tellerie ni\u00e7oise: <strong>\u00ab\u00a0Entre 95 et 100%, quelles que soient les cat\u00e9gories\u00a0\u00bb<\/strong>, se r\u00e9jouit Bruno Mercadal, vice-pr\u00e9sident de la branche h\u00f4teli\u00e8re de la F\u00e9d\u00e9ration de l\u2019h\u00f4tellerie, de la restauration et du tourisme Nice C\u00f4te d\u2019Azur.<\/p>\n<p><strong>Nice a profit\u00e9 davantage de l\u2019effet Grand Prix de Monaco que de celui du festival du film cannois<\/strong>. \u00ab\u00a0L\u2019\u00e9v\u00e9nement sportif mon\u00e9gasque g\u00e9n\u00e8re toujours beaucoup d\u2019activit\u00e9 et de d\u00e9placements en plus de l\u2019affluence touristique.\u00a0\u00bb<\/p>\n<p>En g\u00e9n\u00e9ral, toute la partie de la client\u00e8le technique (\u00e9curies, m\u00e9caniciens, logistique&#8230;) demeure en Principaut\u00e9, tandis que le public qui vient assister aux essais et \u00e0 la course, d\u00e9borde sur les h\u00f4tels de la capitale azur\u00e9enne.<\/p>\n<p>Une client\u00e8le d\u00e9pensi\u00e8re<\/p>\n<p>Une client\u00e8le ais\u00e9e, d\u00e9pensi\u00e8re, notamment sur les plages priv\u00e9es ni\u00e7oises, o\u00f9 apr\u00e8s les 4 premiers mois de l\u2019ann\u00e9e un peu \u00e0 la tra\u00eene et un mois de mai pas tr\u00e8s excitant, on se rattrape. Ren\u00e9 Colomban, pr\u00e9sident des plagistes, explique: \u00ab\u00a0Les supporters de F1 viennent sur nos plages apr\u00e8s les essais, rejoindre leurs \u00e9pouses. Des Allemands, des Hollandais&#8230; arrivent par groupes. Ce sont de bons consommateurs qui font de belles tables, et qui boivent beaucoup de bi\u00e8re et de bons vins.\u00a0\u00bb<\/p>\n<p>Bruno Mercadal estime que le taux d\u2019occupation de ce week-end est meilleur que celui de 2024: \u00ab\u00a0Il y a plus de demandes, les portefeuilles sont sup\u00e9rieurs pour l\u2019\u00e9t\u00e9. On s\u2019attend \u00e0 r\u00e9aliser une meilleure saison.\u00a0\u00bb Ren\u00e9 Colomban va dans le m\u00eame sens: \u00ab\u00a0En juin et juillet, on devrait cartonner!\u00a0\u00bb<\/p>\n","protected":false},"excerpt":{"rendered":"Nice a affich\u00e9 \u00ab\u00a0complet\u00a0\u00bb. Ces derniers jours et plus particuli\u00e8rement ce week-end, ce fut complet dans l\u2019h\u00f4tellerie ni\u00e7oise:&hellip;\n","protected":false},"author":2,"featured_media":128750,"comment_status":"","ping_status":"","sticky":false,"template":"","format":"standard","meta":{"footnotes":""},"categories":[2819],"tags":[1111,11,1777,674,1011,27,12,2401,882,25,3366],"class_list":{"0":"post-128749","1":"post","2":"type-post","3":"status-publish","4":"format-standard","5":"has-post-thumbnail","7":"category-nice","8":"tag-actu","9":"tag-actualites","10":"tag-eu","11":"tag-europe","12":"tag-fr","13":"tag-france","14":"tag-news","15":"tag-nice","16":"tag-provence-alpes-cote-dazur","17":"tag-republique-francaise","18":"tag-vie-locale"},"share_on_mastodon":{"url":"https:\/\/pubeurope.com\/@fr\/114573044783467679","error":""},"_links":{"self":[{"href":"https:\/\/www.europesays.com\/fr\/wp-json\/wp\/v2\/posts\/128749","targetHints":{"allow":["GET"]}}],"collection":[{"href":"https:\/\/www.europesays.com\/fr\/wp-json\/wp\/v2\/posts"}],"about":[{"href":"https:\/\/www.europesays.com\/fr\/wp-json\/wp\/v2\/types\/post"}],"author":[{"embeddable":true,"href":"https:\/\/www.europesays.com\/fr\/wp-json\/wp\/v2\/users\/2"}],"replies":[{"embeddable":true,"href":"https:\/\/www.europesays.com\/fr\/wp-json\/wp\/v2\/comments?post=128749"}],"version-history":[{"count":0,"href":"https:\/\/www.europesays.com\/fr\/wp-json\/wp\/v2\/posts\/128749\/revisions"}],"wp:featuredmedia":[{"embeddable":true,"href":"https:\/\/www.europesays.com\/fr\/wp-json\/wp\/v2\/media\/128750"}],"wp:attachment":[{"href":"https:\/\/www.europesays.com\/fr\/wp-json\/wp\/v2\/media?parent=128749"}],"wp:term":[{"taxonomy":"category","embeddable":true,"href":"https:\/\/www.europesays.com\/fr\/wp-json\/wp\/v2\/categories?post=128749"},{"taxonomy":"post_tag","embeddable":true,"href":"https:\/\/www.europesays.com\/fr\/wp-json\/wp\/v2\/tags?post=128749"}],"curies":[{"name":"wp","href":"https:\/\/api.w.org\/{rel}","templated":true}]}}