{"id":128765,"date":"2025-05-26T07:59:08","date_gmt":"2025-05-26T07:59:08","guid":{"rendered":"https:\/\/www.europesays.com\/fr\/128765\/"},"modified":"2025-05-26T07:59:08","modified_gmt":"2025-05-26T07:59:08","slug":"le-tunnel-prado-carenage-ferme-a-lentree-de-marseille-le-tube-vieux-port-sature","status":"publish","type":"post","link":"https:\/\/www.europesays.com\/fr\/128765\/","title":{"rendered":"le tunnel Prado-Car\u00e9nage ferm\u00e9 \u00e0 l&rsquo;entr\u00e9e de Marseille, le tube Vieux-Port satur\u00e9"},"content":{"rendered":"<p>Depuis une dizaine de minutes, le tunnel Prado-Car\u00e9nage est ferm\u00e9, dans le sens Aubagne-Marseille. Et ce pour r\u00e9gulation du trafic en raison du grand nombre de v\u00e9hicules qui se trouvent \u00e0 l&rsquo;int\u00e9rieur du tube. Cette forte affluence est due au trafic satur\u00e9 dans les tubes de la Major et du Vieux-Port. <\/p>\n<p>Normalement, le Prado-Car\u00e9nage devrait rouvrir dans une dizaine de minutes si tout se passe bien. Ce jeudi matin, la circulation est donc bien compliqu\u00e9e entre l&rsquo;autoroute A50 et l&rsquo;A55 depuis la cit\u00e9 phoc\u00e9enne. Le bassin Car\u00e9nage, \u00e0 proximit\u00e9 du tunnel Vieux-Port, est aussi tr\u00e8s encombr\u00e9. Comme l&rsquo;avenue de la Corse, dans le secteur d&rsquo;Endoume<\/p>\n","protected":false},"excerpt":{"rendered":"Depuis une dizaine de minutes, le tunnel Prado-Car\u00e9nage est ferm\u00e9, dans le sens Aubagne-Marseille. Et ce pour r\u00e9gulation&hellip;\n","protected":false},"author":2,"featured_media":128766,"comment_status":"","ping_status":"","sticky":false,"template":"","format":"standard","meta":{"footnotes":""},"categories":[2814],"tags":[17,1111,11,1777,674,9095,1011,27,22652,884,12,25275,882,16,25,8107,17374],"class_list":{"0":"post-128765","1":"post","2":"type-post","3":"status-publish","4":"format-standard","5":"has-post-thumbnail","7":"category-marseille","8":"tag-17","9":"tag-actu","10":"tag-actualites","11":"tag-eu","12":"tag-europe","13":"tag-ferme","14":"tag-fr","15":"tag-france","16":"tag-lentree","17":"tag-marseille","18":"tag-news","19":"tag-prado-carenage","20":"tag-provence-alpes-cote-dazur","21":"tag-region","22":"tag-republique-francaise","23":"tag-tube","24":"tag-tunnel"},"share_on_mastodon":{"url":"https:\/\/pubeurope.com\/@fr\/114573080212276098","error":""},"_links":{"self":[{"href":"https:\/\/www.europesays.com\/fr\/wp-json\/wp\/v2\/posts\/128765","targetHints":{"allow":["GET"]}}],"collection":[{"href":"https:\/\/www.europesays.com\/fr\/wp-json\/wp\/v2\/posts"}],"about":[{"href":"https:\/\/www.europesays.com\/fr\/wp-json\/wp\/v2\/types\/post"}],"author":[{"embeddable":true,"href":"https:\/\/www.europesays.com\/fr\/wp-json\/wp\/v2\/users\/2"}],"replies":[{"embeddable":true,"href":"https:\/\/www.europesays.com\/fr\/wp-json\/wp\/v2\/comments?post=128765"}],"version-history":[{"count":0,"href":"https:\/\/www.europesays.com\/fr\/wp-json\/wp\/v2\/posts\/128765\/revisions"}],"wp:featuredmedia":[{"embeddable":true,"href":"https:\/\/www.europesays.com\/fr\/wp-json\/wp\/v2\/media\/128766"}],"wp:attachment":[{"href":"https:\/\/www.europesays.com\/fr\/wp-json\/wp\/v2\/media?parent=128765"}],"wp:term":[{"taxonomy":"category","embeddable":true,"href":"https:\/\/www.europesays.com\/fr\/wp-json\/wp\/v2\/categories?post=128765"},{"taxonomy":"post_tag","embeddable":true,"href":"https:\/\/www.europesays.com\/fr\/wp-json\/wp\/v2\/tags?post=128765"}],"curies":[{"name":"wp","href":"https:\/\/api.w.org\/{rel}","templated":true}]}}