{"id":128769,"date":"2025-05-26T08:01:10","date_gmt":"2025-05-26T08:01:10","guid":{"rendered":"https:\/\/www.europesays.com\/fr\/128769\/"},"modified":"2025-05-26T08:01:10","modified_gmt":"2025-05-26T08:01:10","slug":"toute-lactualite-de-ce-lundi-26-mai-2025-a-lyon","status":"publish","type":"post","link":"https:\/\/www.europesays.com\/fr\/128769\/","title":{"rendered":"Toute l&rsquo;actualit\u00e9 de ce lundi 26 mai 2025 \u00e0 Lyon"},"content":{"rendered":"<p>A la une de l\u2019info \u00e0 Lyon : l\u2019avenir des ZFE en question, les D\u00e9raillantes contre le Lyon-Turin, la V\u00e9lostation de la Part-Dieu, une marche silencieuse contre le g\u00e9nocide \u00e0 Gaza\u2026<\/p>\n<p>ECOUTEZ LE 1\/4H LYONNAIS\u2026 Toute l\u2019actualit\u00e9 de ce lundi 26 mai 2025<\/p>\n<p>LE 1\/4H LYONNAIS | lundi 26 mai 2025<\/p>\n<p>Cette semaine s\u2019annonce d\u00e9cisive concernant l\u2019avenir des <strong>ZFE<\/strong>. Le dispositif des <strong><a href=\"https:\/\/zfe.grandlyon.com\/zfe-grand-lyon\/\" target=\"_blank\" rel=\"noreferrer noopener\">Zones \u00e0 Faibles Emissions<\/a><\/strong> visant \u00e0 r\u00e9duire la <strong>pollution de l\u2019air<\/strong>, responsable de <strong>40 000 morts chaque ann\u00e9e<\/strong> dans l\u2019Hexagone, pourrait \u00eatre r\u00e9duit \u00e0 peau de chagrin\u2026<\/p>\n<p>Neuf jours de <strong>convoi militant \u00e0 v\u00e9lo<\/strong>: les <strong>D\u00e9raillantes<\/strong> sont partis de Lyon samedi pour protester contre le projet de <strong>ligne ferroviaire grande vitesse Lyon-Turin<\/strong>.<\/p>\n<p>Egalement dans l\u2019actualit\u00e9 de ce lundi 26 mai<\/p>\n<p><strong>Stationner son v\u00e9lo sans risque de se le faire voler<\/strong>\u2026 Les Lyonnaises et les Lyonnais sont en perp\u00e9tuelle recherche de solutions. La <strong><a href=\"https:\/\/www.lyon.fr\/actualite\/mobilites\/park-velo-beraudier-la-plus-grande-velostation-de-france\" target=\"_blank\" rel=\"noreferrer noopener\">V\u00e9lostation de la Part-Dieu<\/a><\/strong> en est une. On vous fait visiter ?<\/p>\n<p>Nos invit\u00e9s : <strong>Fabien Bagnon<\/strong>, vice pr\u00e9sident de la <strong>M\u00e9tropole de Lyon<\/strong> d\u00e9l\u00e9gu\u00e9 aux Mobilit\u00e9s Actives. <strong>Alexandre Deloffre<\/strong>, administrateur de l\u2019association <strong><a href=\"https:\/\/lavilleavelo.org\/\" target=\"_blank\" rel=\"noreferrer noopener\">La Ville \u00e0 V\u00e9lo<\/a><\/strong>. <strong>Gr\u00e9gory Doucet<\/strong>, le maire de <strong>Lyon<\/strong>. Et <strong>Elsa Rousselet<\/strong> de <strong><a href=\"https:\/\/www.lpa.fr\/des-solutions-pour-stationner-son-velo-en-parc-et-en-voirie\/\" target=\"_blank\" rel=\"noreferrer noopener\">Lyon Parc Auto<\/a><\/strong>\u2026<\/p>\n<p>Des cercueils en t\u00eate de cort\u00e8ge. Environ 2 000 personnes ont march\u00e9 samedi en silence \u00e0 Lyon, pour \u00ab crier qu\u2019un<strong> g\u00e9nocide<\/strong> a lieu \u00e0 <strong><a href=\"https:\/\/collectif69palestine.fr\/\" target=\"_blank\" rel=\"noreferrer noopener\">Gaza<\/a><\/strong> \u00bb.<\/p>\n<p>Le titre de la Coupe de France est revenu sans surprise au PSG ce week-end. Cons\u00e9quence : l\u2019Olympique Lyonnais disputera la Ligue Europa la saison prochaine<\/p>\n<p>Rugby : le LOU battu en finale de la Challenge Cup domin\u00e9e par Bath \u00e0 Cardiff<\/p>\n<p>Ecoutez aussi : <a href=\"https:\/\/www.lyondemain.fr\/conditions-de-deplacement-a-velo\/\" target=\"_blank\" rel=\"noreferrer noopener\">Une grande enqu\u00eate sur les conditions de d\u00e9placement \u00e0 v\u00e9lo<\/a><\/p>\n<p>Dans cette \u00e9dition, focus sur la V\u00e9lostation de la gare de la Part-Dieu<\/p>\n<p>Avec plus de <strong>1 500 places s\u00e9curis\u00e9es<\/strong>, la <strong>v\u00e9lostation de la gare de la Part-Dieu<\/strong>, est accessible \u00e0 <strong>tous les types de v\u00e9los<\/strong>, y compris les <strong>longtails<\/strong> et <strong>v\u00e9los cargo<\/strong>. C\u2019est la <strong>plus grande v\u00e9lostation de France<\/strong>\u2026<\/p>\n<p>La <strong>v\u00e9lostation<\/strong>, dont la gestion est confi\u00e9e \u00e0 <strong>LPA<\/strong>, est accessible tous les jours \u00bc d\u2019heure avant l\u2019ouverture et \u00bc apr\u00e8s la fermeture de la gare de la Part-Dieu, soit <strong>de 4h30 \u00e0 1h du matin<\/strong>. <\/p>\n<p>Il est possible de laisser son v\u00e9lo la nuit ou plusieurs jours, avec une dur\u00e9e maximale de 14 jours. L\u2019ensemble de l\u2019espace est <strong>vid\u00e9osurveill\u00e9<\/strong>.<\/p>\n<p>Ecoutez aussi : <a href=\"https:\/\/www.lyondemain.fr\/actualite-de-ce-vendredi-23-mai-lyon-info-foulee-dechaussee\/\" target=\"_blank\" rel=\"noreferrer noopener\">Toute l\u2019actualit\u00e9 de ce vendredi 23 mai 2025 \u00e0 Lyon<\/a><\/p>\n<p><img fetchpriority=\"high\" decoding=\"async\" width=\"1200\" height=\"675\" src=\"https:\/\/www.europesays.com\/fr\/wp-content\/uploads\/2025\/05\/actualite-de-ce-lundi-26-mai-2025.jpg\" alt=\"actualit\u00e9 de ce lundi 26 mai 2025\" class=\"wp-image-249635\"  \/>Retrouvez aussi le Quart d\u2019Heure Lyonnais de Lyon Demain sur les antennes de Radio Pluriel (Lyon). Radio Salam (Lyon, Saint-Etienne et Bourg) et Radio Arm\u00e9nie (Lyon et Vienne)<br \/>\nJ\u2019aime \u00e7a\u00a0:<\/p>\n<p>J\u2019aime chargement\u2026<\/p>\n<p><a class=\"sd-link-color\"\/><\/p>\n<p>\n\tArticles similaires\n<\/p>\n<p>\t\t\t\t<img decoding=\"async\" src=\"https:\/\/www.europesays.com\/fr\/wp-content\/uploads\/2025\/05\/1748246470_797_7866158698e17e8ed633c05e8f8e7fe5d9e057ad78661c4dc34e413abb6b9f19\" alt=\"G\u00e9rald Bouchon\"\/><\/p>\n<p>Pionnier des radios libres, passionn\u00e9 de radio, journaliste et dirigeant de m\u00e9dias \u00e9co-responsables..<\/p>\n","protected":false},"excerpt":{"rendered":"A la une de l\u2019info \u00e0 Lyon : l\u2019avenir des ZFE en question, les D\u00e9raillantes contre le Lyon-Turin,&hellip;\n","protected":false},"author":2,"featured_media":128770,"comment_status":"","ping_status":"","sticky":false,"template":"","format":"standard","meta":{"footnotes":""},"categories":[1889],"tags":[1111,11,2430,4628,25276,1777,674,25277,1011,27,25278,5226,23032,12589,25279,2428,25280,25281,10510,12,978,25282,25283,25284,1800,25,12519,6173,25285,208,21642,3533,25286],"class_list":{"0":"post-128769","1":"post","2":"type-post","3":"status-publish","4":"format-standard","5":"has-post-thumbnail","7":"category-lyon","8":"tag-actu","9":"tag-actualites","10":"tag-auvergne-rhone-alpes","11":"tag-bande-de-gaza","12":"tag-deraillantes","13":"tag-eu","14":"tag-europe","15":"tag-fabien-bagnon","16":"tag-fr","17":"tag-france","18":"tag-gare-lyon-part-dieu","19":"tag-gregory-doucet","20":"tag-la-ville-a-velo","21":"tag-lou-rugby","22":"tag-lpa","23":"tag-lyon","24":"tag-lyon-parc-auto","25":"tag-lyon-turin","26":"tag-metropole-de-lyon","27":"tag-news","28":"tag-olympique-lyonnais","29":"tag-opposants-au-lyon-turin","30":"tag-parking-a-velos","31":"tag-place-beraudier","32":"tag-pollution","33":"tag-republique-francaise","34":"tag-securisation","35":"tag-stationnement","36":"tag-tunnel-lyon-turin","37":"tag-velo","38":"tag-velostation","39":"tag-zfe","40":"tag-zone-a-faibles-emissions"},"share_on_mastodon":{"url":"https:\/\/pubeurope.com\/@fr\/114573088194966581","error":""},"_links":{"self":[{"href":"https:\/\/www.europesays.com\/fr\/wp-json\/wp\/v2\/posts\/128769","targetHints":{"allow":["GET"]}}],"collection":[{"href":"https:\/\/www.europesays.com\/fr\/wp-json\/wp\/v2\/posts"}],"about":[{"href":"https:\/\/www.europesays.com\/fr\/wp-json\/wp\/v2\/types\/post"}],"author":[{"embeddable":true,"href":"https:\/\/www.europesays.com\/fr\/wp-json\/wp\/v2\/users\/2"}],"replies":[{"embeddable":true,"href":"https:\/\/www.europesays.com\/fr\/wp-json\/wp\/v2\/comments?post=128769"}],"version-history":[{"count":0,"href":"https:\/\/www.europesays.com\/fr\/wp-json\/wp\/v2\/posts\/128769\/revisions"}],"wp:featuredmedia":[{"embeddable":true,"href":"https:\/\/www.europesays.com\/fr\/wp-json\/wp\/v2\/media\/128770"}],"wp:attachment":[{"href":"https:\/\/www.europesays.com\/fr\/wp-json\/wp\/v2\/media?parent=128769"}],"wp:term":[{"taxonomy":"category","embeddable":true,"href":"https:\/\/www.europesays.com\/fr\/wp-json\/wp\/v2\/categories?post=128769"},{"taxonomy":"post_tag","embeddable":true,"href":"https:\/\/www.europesays.com\/fr\/wp-json\/wp\/v2\/tags?post=128769"}],"curies":[{"name":"wp","href":"https:\/\/api.w.org\/{rel}","templated":true}]}}