{"id":128771,"date":"2025-05-26T08:02:08","date_gmt":"2025-05-26T08:02:08","guid":{"rendered":"https:\/\/www.europesays.com\/fr\/128771\/"},"modified":"2025-05-26T08:02:08","modified_gmt":"2025-05-26T08:02:08","slug":"lyon-gregory-doucet-veut-defendre-son-bilan-a-la-mairie-une-polemique-enfle","status":"publish","type":"post","link":"https:\/\/www.europesays.com\/fr\/128771\/","title":{"rendered":"Lyon. Gr\u00e9gory Doucet veut d\u00e9fendre son bilan \u00e0 la mairie, une pol\u00e9mique enfle"},"content":{"rendered":"<p>            Par<br \/>\n        <strong><br \/>\n            <a href=\"https:\/\/actu.fr\/auteur\/redaction-lyon\" title=\"Consulter tous les articles de R\u00e9daction Lyon\" rel=\"nofollow noopener\" target=\"_blank\">R\u00e9daction Lyon<\/a><br \/>\n        <\/strong><\/p>\n<p>        Publi\u00e9 le<\/p>\n<p>            26 mai 2025 \u00e0 9h55<br \/>\n        ; mis \u00e0 jour le 26 mai 2025 \u00e0 9h56    <\/p>\n<p>Le maire \u00e9cologiste de <a href=\"https:\/\/actu.fr\/auvergne-rhone-alpes\/lyon_69123\" rel=\"nofollow noopener\" target=\"_blank\">Lyon<\/a>, <a href=\"https:\/\/actu.fr\/tag\/gregory-doucet\" rel=\"nofollow noopener\" target=\"_blank\">Gr\u00e9gory Doucet<\/a>, inaugure lundi soir des <strong>d\u00e9bats publics<\/strong> qu\u2019il pr\u00e9sente comme un \u00ab\u00a0exercice de transparence\u00a0\u00bb sur son bilan, quand l\u2019opposition d\u00e9nonce une \u00ab\u00a0campagne \u00e9lectorale d\u00e9guis\u00e9e, financ\u00e9e par l\u2019argent public\u00a0\u00bb \u00e0 dix mois des <a href=\"https:\/\/actu.fr\/tag\/municipales-2026\" rel=\"nofollow noopener\" target=\"_blank\">\u00e9lections municipales de 2026<\/a>.<\/p>\n<p>\u00ab\u00a0Rendre compte\u00a0\u00bb aux Lyonnais<\/p>\n<p class=\" wall-content\">L\u2019\u00e9dile de 51 ans, inconnu en politique avant de ravir la troisi\u00e8me ville de France en 2020 \u00e0 la t\u00eate d\u2019une coalition EELV-LFI-PS-PCF, veut \u00ab\u00a0rendre des comptes\u00a0\u00bb aux Lyonnais avec neuf \u00ab\u00a0rencontres\u00a0\u00bb, une par arrondissement. Tout sauf une \u00ab\u00a0campagne \u00e9lectorale\u00a0\u00bb, s\u2019\u00e9poumone son entourage, qui invoque \u00ab\u00a0redevabilit\u00e9\u00a0\u00bb et \u00ab\u00a0participation citoyenne\u00a0\u00bb.<\/p>\n<p class=\" wall-content\">Mais M. Doucet, qui a d\u00e9voil\u00e9 d\u00e8s 2022 son intention de <strong>briguer un second mandat<\/strong>, doit s\u2019attendre \u00e0 de rudes apostrophes, notamment de commer\u00e7ants, riverains et automobilistes en col\u00e8re.<\/p>\n<p class=\" wall-content\">Au diapason de l\u2019opposition macroniste et des droites, ils pestent chaque jour contre \u00ab\u00a0l\u2019ins\u00e9curit\u00e9\u00a0\u00bb, <a href=\"https:\/\/actu.fr\/auvergne-rhone-alpes\/lyon_69123\/travaux-a-lyon-gregory-doucet-repond-aux-commercants-en-colere-et-defend-les-amenagements_62677398.html\" rel=\"nofollow noopener\" target=\"_blank\">les nombreux chantiers et leurs embouteillages<\/a>, <a href=\"https:\/\/actu.fr\/auvergne-rhone-alpes\/lyon_69123\/lyon-a-30-km-h-le-premier-bilan-devoile-par-gregory-doucet-de-nouveaux-radars-souhaites_62444396.html\" rel=\"nofollow noopener\" target=\"_blank\">les zones \u00e0 30 km\/h<\/a>, <a href=\"https:\/\/actu.fr\/auvergne-rhone-alpes\/lyon_69123\/le-gouvernement-bayrou-sauve-la-zfe-dans-la-metropole-de-lyon-malgre-les-critiques_62626789.html\" rel=\"nofollow noopener\" target=\"_blank\">\u00e0 faible \u00e9mission ou \u00e0 trafic limit\u00e9<\/a>, <a href=\"https:\/\/actu.fr\/auvergne-rhone-alpes\/lyon_69123\/lyon-zone-a-trafic-limite-en-presqu-ile-les-dates-connues-voici-les-grandes-etapes-a-venir_62511949.html\" rel=\"nofollow noopener\" target=\"_blank\">la pi\u00e9tonisation d\u2019une partie du centre-ville<\/a>\u2026 et les incivilit\u00e9s de certains cyclistes et trottinettistes.<\/p>\n<p>Des arguments mis en avant<\/p>\n<p class=\" wall-content\">La m\u00eame petite musique <strong>qu\u2019entendue depuis dix ans<\/strong> dans le Paris d\u2019Anne Hidalgo alli\u00e9e aux Verts et, depuis 2020, dans les autres grandes villes remport\u00e9es par les \u00e9cologistes : Bordeaux, Strasbourg et Grenoble, entre autres.<\/p>\n<p>Vid\u00e9os : en ce moment sur Actu<\/p>\n<p class=\" wall-content\">Gr\u00e9gory Doucet r\u00e9torque en mettant en avant des r\u00e9alisations profitables \u00e0 tous : le <strong>verdissement de la ville<\/strong> (14 ha de nature entre 2020 et 2025, selon la mairie) <strong>et la baisse de la pollution<\/strong> (\u00ab\u00a0-11% de particules fines\u00a0\u00bb et \u00ab\u00a022% de consommation d\u2019\u00e9nergie en moins\u00a0\u00bb).<\/p>\n<p class=\" wall-content\">\u00ab\u00a0Le nombre d\u2019accidents a \u00e9t\u00e9 divis\u00e9 par deux en cinq ans\u00a0\u00bb, plaidait aussi le maire jeudi dans un d\u00e9bat t\u00e9l\u00e9vis\u00e9, accus\u00e9 \u00ab\u00a0d\u2019\u00eatre le maire des cyclistes\u00a0\u00bb contre les automobilistes. \u00ab\u00a0Ma priorit\u00e9, c\u2019est que les pi\u00e9tons puissent marcher paisiblement et en s\u00e9curit\u00e9 et l\u2019am\u00e9lioration de la sant\u00e9 de tous avec moins d\u2019\u00e9missions toxiques\u00a0\u00bb, a-t-il martel\u00e9.<\/p>\n<p class=\" wall-content\">Quant \u00e0 ceux qui l\u2019accusent de \u00ab\u00a0tuer\u00a0\u00bb le petit commerce en ville, il a demand\u00e9 de la patience pour des \u00ab\u00a0travaux indispensables\u00a0\u00bb afin de rendre Lyon plus attractive, tout en soulignant que, \u00ab\u00a0partout en France\u00a0\u00bb, des boutiques baissent le rideau face aux achats en ligne.<\/p>\n<p>Des tracts \u00ab\u00a0luxueux\u00a0\u00bb\u00a0<\/p>\n<p class=\" wall-content\">La mairie souligne aussi la note maximale (AA) de l\u2019agence de notation financi\u00e8re des grandes villes Morningstar DBRS, qui saluait en mars les \u00ab\u00a0solides performances financi\u00e8res\u00a0\u00bb de Lyon, son \u00ab\u00a0endettement tr\u00e8s mod\u00e9r\u00e9\u00a0\u00bb et sa \u00ab\u00a0gestion budg\u00e9taire de qualit\u00e9\u00a0\u00bb.\u00a0<\/p>\n<p class=\" wall-content\">Mais les oppositions d\u00e9noncent une \u00ab\u00a0campagne \u00e9lectorale d\u00e9guis\u00e9e\u00a0\u00bb du maire financ\u00e9e avec l\u2019argent de la collectivit\u00e9 et des tracts \u00ab\u00a0luxueux\u00a0\u00bb g\u00e9n\u00e9reusement distribu\u00e9s. La p\u00e9riode l\u00e9gale imposant aux mairies de limiter leur communication institutionnelle et les candidats \u00e0 comptabiliser leurs d\u00e9penses<strong> n\u2019ouvre que le 1er septembre<\/strong>.<\/p>\n<p>La pol\u00e9mique enfle<\/p>\n<p class=\" wall-content\">\u00ab\u00a0Cette confusion des genres <strong>entre bilan de mandat et campagne \u00e9lectorale<\/strong> n\u2019est pas acceptable\u00a0\u00bb, s\u2019offusque dans un communiqu\u00e9 Thomas Rudigoz, chef de file de Renaissance \u00e0 Lyon, \u00e9voquant une d\u00e9pense totale de \u00ab\u00a0700 000 euros d\u2019argent public\u00a0\u00bb.<\/p>\n<p class=\" wall-content\">\u00ab\u00a0Affabulations, d\u00e9magogie ! Des preuves !\u00a0\u00bb, s\u2019\u00e9nerve un proche de Gr\u00e9gory Doucet, qui parlait jeudi de \u00ab\u00a0228 000 euros\u00a0\u00bb comprenant aussi les tracts et 21 rencontres en arrondissements d\u2019\u00e9lus de la majorit\u00e9 <a href=\"https:\/\/actu.fr\/auvergne-rhone-alpes\/lyon_69123\/lyon-gregory-doucet-va-defendre-son-bilan-des-projets-coincent-d-autres-avancent_62595451.html\" rel=\"nofollow noopener\" target=\"_blank\">pr\u00e9c\u00e9dant les neuf du maire<\/a>.<\/p>\n<p class=\" wall-content\">Cette pol\u00e9mique survient alors que sa candidature appara\u00eet fragilis\u00e9e : d\u2019une part par <a href=\"https:\/\/actu.fr\/auvergne-rhone-alpes\/lyon_69123\/info-actu-lyon-la-garde-a-vue-de-gregory-doucet-levee-apres-plusieurs-heures-d-audition_62489905.html#:~:text=INFO%20ACTU%20LYON.-,La%20garde%20%C3%A0%20vue%20de%20Gr%C3%A9gory%20Doucet%20lev%C3%A9e%20apr%C3%A8s%20plusieurs,plusieurs%20heures%20par%20la%20police.\" rel=\"nofollow noopener\" target=\"_blank\">une garde \u00e0 vue de 8 heures le 30 avril<\/a>, dans une enqu\u00eate sur 24 agents municipaux affect\u00e9s \u00ab\u00a0ill\u00e9galement\u00a0\u00bb \u00e0 des \u00ab\u00a0missions politiques\u00a0\u00bb selon la Chambre R\u00e9gionale des Comptes. D\u2019autre part par une candidature de plus en plus probable de <a href=\"https:\/\/actu.fr\/tag\/jean-michel-aulas\" rel=\"nofollow noopener\" target=\"_blank\">Jean-Michel Aulas<\/a>, l\u2019ex-patron du club de foot Olympique lyonnais, en passe de rassembler derri\u00e8re lui la macronie et LR.<\/p>\n<p>Des premiers sondages qui donnent le ton<\/p>\n<p class=\" wall-content\">M. Doucet \u00e9vacue toute inqui\u00e9tude judiciaire, affirmant qu\u2019il s\u2019agissait bien de \u00ab\u00a0vrais emplois (\u2026) d\u2019agents administratifs\u00a0\u00bb, d\u00e9j\u00e0 pr\u00e9sents sous la mandature de ses pr\u00e9d\u00e9cesseurs.<\/p>\n<p class=\" wall-content\">Quant \u00e0 la possible candidature de M. Aulas, 310\u1d49 fortune de France selon le magazine Challenges, elle continue de faire parler. Dans un r\u00e9cent sondage Elabe-BFM, l\u2019homme d\u2019affaires ne devancerait l\u2019actuel patron de la ville <strong>d\u2019une courte t\u00eate au premier tour<\/strong> (24% contre 22%) que dans le cas d\u2019une gauche et d\u2019une opposition toutes deux divis\u00e9es. Dans toutes les autres hypoth\u00e8ses, le maire sortant le pr\u00e9c\u00e8de de 4 \u00e0 9 points.<\/p>\n<p class=\" wall-content\"><strong>AFP.<\/strong><\/p>\n<p class=\" wall-content\">Suivez toute l\u2019actualit\u00e9 de vos villes et m\u00e9dias favoris en vous inscrivant \u00e0 <a href=\"https:\/\/moncompte.actu.fr\" title=\"D\u00e9couvez Mon Actu\" rel=\"nofollow noopener\" data-trk=\"{&quot;cta&quot;:{&quot;action&quot;:&quot;https:\\\/\\\/moncompte.actu.fr&quot;,&quot;category&quot;:&quot;mon compte&quot;,&quot;from&quot;:&quot;article footer&quot;,&quot;name&quot;:&quot;Mon actu&quot;,&quot;type&quot;:&quot;cta&quot;}}\" target=\"_blank\">Mon Actu<\/a>.<\/p>\n","protected":false},"excerpt":{"rendered":"Par R\u00e9daction Lyon Publi\u00e9 le 26 mai 2025 \u00e0 9h55 ; mis \u00e0 jour le 26 mai 2025&hellip;\n","protected":false},"author":2,"featured_media":45148,"comment_status":"","ping_status":"","sticky":false,"template":"","format":"standard","meta":{"footnotes":""},"categories":[1889],"tags":[1111,11,2430,1777,674,1011,27,5226,5227,2428,3434,12,25,104],"class_list":{"0":"post-128771","1":"post","2":"type-post","3":"status-publish","4":"format-standard","5":"has-post-thumbnail","7":"category-lyon","8":"tag-actu","9":"tag-actualites","10":"tag-auvergne-rhone-alpes","11":"tag-eu","12":"tag-europe","13":"tag-fr","14":"tag-france","15":"tag-gregory-doucet","16":"tag-jean-michel-aulas","17":"tag-lyon","18":"tag-municipales-2026","19":"tag-news","20":"tag-republique-francaise","21":"tag-societe"},"share_on_mastodon":{"url":"https:\/\/pubeurope.com\/@fr\/114573091995462662","error":""},"_links":{"self":[{"href":"https:\/\/www.europesays.com\/fr\/wp-json\/wp\/v2\/posts\/128771","targetHints":{"allow":["GET"]}}],"collection":[{"href":"https:\/\/www.europesays.com\/fr\/wp-json\/wp\/v2\/posts"}],"about":[{"href":"https:\/\/www.europesays.com\/fr\/wp-json\/wp\/v2\/types\/post"}],"author":[{"embeddable":true,"href":"https:\/\/www.europesays.com\/fr\/wp-json\/wp\/v2\/users\/2"}],"replies":[{"embeddable":true,"href":"https:\/\/www.europesays.com\/fr\/wp-json\/wp\/v2\/comments?post=128771"}],"version-history":[{"count":0,"href":"https:\/\/www.europesays.com\/fr\/wp-json\/wp\/v2\/posts\/128771\/revisions"}],"wp:featuredmedia":[{"embeddable":true,"href":"https:\/\/www.europesays.com\/fr\/wp-json\/wp\/v2\/media\/45148"}],"wp:attachment":[{"href":"https:\/\/www.europesays.com\/fr\/wp-json\/wp\/v2\/media?parent=128771"}],"wp:term":[{"taxonomy":"category","embeddable":true,"href":"https:\/\/www.europesays.com\/fr\/wp-json\/wp\/v2\/categories?post=128771"},{"taxonomy":"post_tag","embeddable":true,"href":"https:\/\/www.europesays.com\/fr\/wp-json\/wp\/v2\/tags?post=128771"}],"curies":[{"name":"wp","href":"https:\/\/api.w.org\/{rel}","templated":true}]}}