{"id":128774,"date":"2025-05-26T08:05:11","date_gmt":"2025-05-26T08:05:11","guid":{"rendered":"https:\/\/www.europesays.com\/fr\/128774\/"},"modified":"2025-05-26T08:05:11","modified_gmt":"2025-05-26T08:05:11","slug":"les-valeurs-a-suivre-a-paris-et-en-europe-actualise-26-05-2025-a-0852","status":"publish","type":"post","link":"https:\/\/www.europesays.com\/fr\/128774\/","title":{"rendered":"Les valeurs \u00e0 suivre \u00e0 Paris et en Europe (actualis\u00e9) &#8211; 26\/05\/2025 \u00e0 08:52"},"content":{"rendered":"<p>\n (Actualis\u00e9 avec Sanofi, Capgemini, TotalEnergies, secteur<br \/>\nautomobile allemand)\n<\/p>\n<p>\n *\n<\/p>\n<p>\n Variation des futures sur indice CAC 40  0#FCE:\n<\/p>\n<p>\n *\n<\/p>\n<p>\n Variation des futures sur indice Stoxx 600  0#FXXP:\n<\/p>\n<p>\n *\n<\/p>\n<p>\n Valeurs qui se traitent ex-dividende  .EX.PA\n<\/p>\n<p>\n *\n<\/p>\n<p>\n Le point sur les march\u00e9s europ\u00e9ens  .EUFR\n<\/p>\n<p>\n Les valeurs \u00e0 suivre lundi \u00e0<br \/>\nla Bourse de Paris et en Europe :\n<\/p>\n<p>\n * AIRBUS a annonc\u00e9 lundi avoir re\u00e7u une commande de Vietjet,<br \/>\nla plus grande compagnie a\u00e9rienne priv\u00e9e du Vietnam, pour 20<br \/>\navions A330-900, portant ainsi \u00e0 40 les commandes d&rsquo;A330neo par<br \/>\nVietjet. L&rsquo;accord intervient dans le cadre d&rsquo;un d\u00e9placement du<br \/>\npr\u00e9sident Emmanuel Macron \u00e0 Hano\u00ef, o\u00f9 Paris cherche \u00e0 renforcer<br \/>\nson influence dans un contexte de tensions commerciales<br \/>\nmondiales.\n<\/p>\n<p>\n Les accords sign\u00e9s lundi entre le Vietnam et la France<br \/>\nportent \u00e9galement sur les vaccins mis au point par SANOFI\n<\/p>\n<p>\n <a href=\"https:\/\/www.boursorama.com\/cours\/1rPSAN\/\" rel=\"nofollow noopener\" target=\"_blank\"><br \/>\n  SASY.PA<br \/>\n <\/a><br \/>\n , selon des documents consult\u00e9s par Reuters qui<br \/>\nconfirment une information donn\u00e9e pr\u00e9c\u00e9demment.\n<\/p>\n<p>\n * REMY COINTREAU<br \/>\n <a href=\"https:\/\/www.boursorama.com\/cours\/1rPRCO\/\" rel=\"nofollow noopener\" target=\"_blank\"><br \/>\n  RCOP.PA<br \/>\n <\/a><br \/>\n , PERNOD RICARD<br \/>\n <a href=\"https:\/\/www.boursorama.com\/cours\/1rPRI\/\" rel=\"nofollow noopener\" target=\"_blank\"><br \/>\n  PERP.PA<br \/>\n <\/a><br \/>\n &#8211; Les<br \/>\nproducteurs fran\u00e7ais de cognac ne seraient plus en mesure de<br \/>\nvendre leurs eaux-de-vie aux Etats-Unis si les droits de douane<br \/>\nde 50% \u00e9voqu\u00e9s par le pr\u00e9sident am\u00e9ricain Donald Trump contre<br \/>\nl&rsquo;Union europ\u00e9enne entraient en vigueur, a d\u00e9clar\u00e9 vendredi une<br \/>\nsource haut plac\u00e9e au sein du secteur.\n<\/p>\n<p>\n Le pr\u00e9sident am\u00e9ricain est toutefois revenu dimanche sur ses<br \/>\nnouvelles menaces, acceptant de repousser au 9 juillet la date<br \/>\nbutoir afin de la faire co\u00efncider avec celle fix\u00e9e pour la fin<br \/>\ndes n\u00e9gociations commerciales avec le bloc.\n<\/p>\n<p>\n * CAPGEMINI<br \/>\n <a href=\"https:\/\/www.boursorama.com\/cours\/1rPCAP\/\" rel=\"nofollow noopener\" target=\"_blank\"><br \/>\n  CAPP.PA<br \/>\n <\/a><br \/>\n &#8211; Les n\u00e9gociations du groupe<br \/>\nfran\u00e7ais en vue de l&rsquo;acquisition de WNS Holdings sont au point<br \/>\nmort en raison de la volatilit\u00e9 des march\u00e9s mondiaux, a rapport\u00e9<br \/>\nvendredi l&rsquo;agence Bloomberg.\n<\/p>\n<p>\n * TOTALENERGIES<br \/>\n <a href=\"https:\/\/www.boursorama.com\/cours\/1rPTTE\/\" rel=\"nofollow noopener\" target=\"_blank\"><br \/>\n  TTEF.PA<br \/>\n <\/a>\n<\/p>\n<p>\n a annonc\u00e9\n<\/p>\n<p>\n lundi le lancement de la production de la quatri\u00e8me phase<br \/>\nde d\u00e9veloppement du champ de Mero, au large de Rio de Janeiro,<br \/>\nau Br\u00e9sil, portant la production totale de Mero \u00e0 770.000 barils<br \/>\npar jour.\n<\/p>\n<p>\n * SECTEUR AUTOMOBILE &#8211; Les actions des constructeurs<br \/>\nautomobiles allemands Mercedes<br \/>\n <a href=\"https:\/\/www.boursorama.com\/cours\/1zMBG\/\" rel=\"nofollow noopener\" target=\"_blank\"><br \/>\n  MBGn.DE<br \/>\n <\/a><br \/>\n , PORSCHE<br \/>\n <a href=\"https:\/\/www.boursorama.com\/cours\/1zPAH3\/\" rel=\"nofollow noopener\" target=\"_blank\"><br \/>\n  PSHG_p.DE<br \/>\n <\/a><br \/>\n ,<br \/>\nBMW<br \/>\n <a href=\"https:\/\/www.boursorama.com\/cours\/1zBMW\/\" rel=\"nofollow noopener\" target=\"_blank\"><br \/>\n  BMWG.DE<br \/>\n <\/a><br \/>\n et VOLKSWAGEN<br \/>\n <a href=\"https:\/\/www.boursorama.com\/cours\/1zVOW\/\" rel=\"nofollow noopener\" target=\"_blank\"><br \/>\n  VOWG.DE<br \/>\n <\/a><br \/>\n devraient progresser lundi<br \/>\n\u00e0 l&rsquo;ouverture de la Bourse de Francfort apr\u00e8s que le pr\u00e9sident<br \/>\nam\u00e9ricain Donald Trump est revenu sur ses nouvelles menaces sur<br \/>\nles importations en provenance de l&rsquo;UE.\n<\/p>\n<p>\n * ADIDAS<br \/>\n <a href=\"https:\/\/www.boursorama.com\/cours\/1zADS\/\" rel=\"nofollow noopener\" target=\"_blank\"><br \/>\n  ADSGn.DE<br \/>\n <\/a><br \/>\n &#8211; Le fabricant allemand de v\u00eatements de<br \/>\nsport a annonc\u00e9 vendredi qu&rsquo;une partie externe non autoris\u00e9e<br \/>\navait acc\u00e9d\u00e9 \u00e0 certaines donn\u00e9es de consommateurs via un<br \/>\nprestataire de services client tiers.\n<\/p>\n<p>\n * THYSSENKRUPP<br \/>\n <a href=\"https:\/\/www.boursorama.com\/cours\/1zTKA\/\" rel=\"nofollow noopener\" target=\"_blank\"><br \/>\n  TKAG.DE<br \/>\n <\/a><br \/>\n pr\u00e9voit de tenir une assembl\u00e9e<br \/>\ng\u00e9n\u00e9rale extraordinaire le 8 ao\u00fbt pour demander aux actionnaires<br \/>\nd&rsquo;approuver un projet de scission de sa division navale<br \/>\nmilitaire dans le courant de l&rsquo;ann\u00e9e, a rapport\u00e9 dimanche le<br \/>\njournal Bild, citant des sources.\n<\/p>\n<p>\n * PIRELLI<br \/>\n <a href=\"https:\/\/www.boursorama.com\/cours\/1gPIRC\/\" rel=\"nofollow noopener\" target=\"_blank\"><br \/>\n  PIRC.MI<br \/>\n <\/a><br \/>\n &#8211; Le fabricant italien de pneus se<br \/>\ntrouve dans une situation risqu\u00e9e apr\u00e8s que son principal<br \/>\nactionnaire, le groupe chinois Sinochem, a rejet\u00e9 une<br \/>\nproposition du groupe visant \u00e0 r\u00e9soudre les probl\u00e8mes de<br \/>\ngouvernance qui pourraient entraver son expansion aux<br \/>\n\u00c9tats-Unis, a d\u00e9clar\u00e9 samedi le directeur g\u00e9n\u00e9ral au journal<br \/>\nCorriere della Sera.\n<\/p>\n<p>\n L&rsquo;AGENDA FRANCE &amp; INTERNATIONAL \u00c0 7 JOURS:<\/p>\n<p> nL8N3RU1IC\n<\/p>\n<p>\n (R\u00e9dig\u00e9 par Diana Mandia, \u00e9dit\u00e9 par Augustin Turpin)<\/p>\n","protected":false},"excerpt":{"rendered":"(Actualis\u00e9 avec Sanofi, Capgemini, TotalEnergies, secteur automobile allemand) * Variation des futures sur indice CAC 40 0#FCE: *&hellip;\n","protected":false},"author":2,"featured_media":64038,"comment_status":"","ping_status":"","sticky":false,"template":"","format":"standard","meta":{"footnotes":""},"categories":[1888],"tags":[400,1111,1928,11,1927,398,408,405,1777,674,1011,27,403,402,399,404,12,1926,626,1925,25,401,406,407],"class_list":{"0":"post-128774","1":"post","2":"type-post","3":"status-publish","4":"format-standard","5":"has-post-thumbnail","7":"category-paris","8":"tag-action-cac-40","9":"tag-actu","10":"tag-actu-paris","11":"tag-actualites","12":"tag-actualites-paris","13":"tag-bourse-de-paris","14":"tag-boursorama","15":"tag-cotations","16":"tag-eu","17":"tag-europe","18":"tag-fr","19":"tag-france","20":"tag-indices-devises","21":"tag-investir","22":"tag-investissement","23":"tag-marche-boursier","24":"tag-news","25":"tag-news-paris","26":"tag-paris","27":"tag-paris-news","28":"tag-republique-francaise","29":"tag-sicav","30":"tag-trackers","31":"tag-warrants"},"share_on_mastodon":{"url":"https:\/\/pubeurope.com\/@fr\/114573103798870112","error":""},"_links":{"self":[{"href":"https:\/\/www.europesays.com\/fr\/wp-json\/wp\/v2\/posts\/128774","targetHints":{"allow":["GET"]}}],"collection":[{"href":"https:\/\/www.europesays.com\/fr\/wp-json\/wp\/v2\/posts"}],"about":[{"href":"https:\/\/www.europesays.com\/fr\/wp-json\/wp\/v2\/types\/post"}],"author":[{"embeddable":true,"href":"https:\/\/www.europesays.com\/fr\/wp-json\/wp\/v2\/users\/2"}],"replies":[{"embeddable":true,"href":"https:\/\/www.europesays.com\/fr\/wp-json\/wp\/v2\/comments?post=128774"}],"version-history":[{"count":0,"href":"https:\/\/www.europesays.com\/fr\/wp-json\/wp\/v2\/posts\/128774\/revisions"}],"wp:featuredmedia":[{"embeddable":true,"href":"https:\/\/www.europesays.com\/fr\/wp-json\/wp\/v2\/media\/64038"}],"wp:attachment":[{"href":"https:\/\/www.europesays.com\/fr\/wp-json\/wp\/v2\/media?parent=128774"}],"wp:term":[{"taxonomy":"category","embeddable":true,"href":"https:\/\/www.europesays.com\/fr\/wp-json\/wp\/v2\/categories?post=128774"},{"taxonomy":"post_tag","embeddable":true,"href":"https:\/\/www.europesays.com\/fr\/wp-json\/wp\/v2\/tags?post=128774"}],"curies":[{"name":"wp","href":"https:\/\/api.w.org\/{rel}","templated":true}]}}