{"id":128781,"date":"2025-05-26T08:09:12","date_gmt":"2025-05-26T08:09:12","guid":{"rendered":"https:\/\/www.europesays.com\/fr\/128781\/"},"modified":"2025-05-26T08:09:12","modified_gmt":"2025-05-26T08:09:12","slug":"trump-accuse-la-russie-davoir-vole-la-technologie-americaine-sous-obama","status":"publish","type":"post","link":"https:\/\/www.europesays.com\/fr\/128781\/","title":{"rendered":"Trump accuse la Russie d&rsquo;avoir vol\u00e9 la technologie am\u00e9ricaine \u00ab\u00a0sous Obama\u00a0\u00bb"},"content":{"rendered":"<p>Ce samedi 24 mai, Donald Trump &#8211; coutumier des affirmations chocs &#8211; a une nouvelle fois d\u00e9fray\u00e9 la chronique en affirmant que la Russie avait vol\u00e9 la technologie am\u00e9ricaine concernant les missiles hypersoniques, rapporte <a href=\"https:\/\/www.huffingtonpost.fr\/international\/article\/pourquoi-trump-affirme-que-la-russie-a-vole-aux-etats-unis-une-technologie-de-missiles-hypersoniques_250499.html\" target=\"_blank\" rel=\"nofollow noopener\">le site du huffingtonpost<\/a>.<\/p>\n<p>C&rsquo;est lors d&rsquo;un discours \u00e0 destination des arm\u00e9es am\u00e9ricaines que le Pr\u00e9sident des \u00c9tats-Unis a d\u00e9clar\u00e9 les choses suivantes : \u00ab\u00a0Vous savez, la n\u00f4tre nous a \u00e9t\u00e9 vol\u00e9e (NDLR =La technologie hypersonique). Nous en sommes les concepteurs. Elle nous a \u00e9t\u00e9 vol\u00e9e sous l&rsquo;administration Obama. Vous savez qui l&rsquo;a vol\u00e9e ? Les Russes. Il s&rsquo;est pass\u00e9 quelque chose de grave.\u00a0\u00bb<\/p>\n<p>Sans doute que le R\u00e9publicain, en tenant ses propos, \u00e9voque <a href=\"https:\/\/www.laprovence.com\/article\/france-monde\/2123403366164615\/a-kiev-la-peur-dune-attaque-de-missile-russe-orechnik\" target=\"_blank\" rel=\"nofollow noopener\">le tir de missile hypersonique russe contre la ville ukrainienne de Dnipro<\/a>, \u00e0 la fin de l&rsquo;ann\u00e9e 2024. Cette arme nomm\u00e9e Oreshnik, d&rsquo;une vitesse \u00e9lev\u00e9e puisqu&rsquo;on consid\u00e8re qu&rsquo;elle est sup\u00e9rieure \u00e0 Mach 10 (environ 12 300 km\/h). Elle ne peut, semble-t-il, \u00eatre d\u00e9truite par un syst\u00e8me de d\u00e9fense antimissile.<\/p>\n","protected":false},"excerpt":{"rendered":"Ce samedi 24 mai, Donald Trump &#8211; coutumier des affirmations chocs &#8211; a une nouvelle fois d\u00e9fray\u00e9 la&hellip;\n","protected":false},"author":2,"featured_media":128782,"comment_status":"","ping_status":"","sticky":false,"template":"","format":"standard","meta":{"footnotes":""},"categories":[1591],"tags":[17,10983,11,25288,1887,329,25287,8908,12,1885,1886,132,467,9343],"class_list":{"0":"post-128781","1":"post","2":"type-post","3":"status-publish","4":"format-standard","5":"has-post-thumbnail","7":"category-russie","8":"tag-17","9":"tag-accuse","10":"tag-actualites","11":"tag-davoir","12":"tag-federation-de-russie","13":"tag-france-monde","14":"tag-hypersoniques","15":"tag-missiles","16":"tag-news","17":"tag-russia","18":"tag-russian-federation","19":"tag-russie","20":"tag-trump","21":"tag-vole"},"share_on_mastodon":{"url":"https:\/\/pubeurope.com\/@fr\/114573119495789092","error":""},"_links":{"self":[{"href":"https:\/\/www.europesays.com\/fr\/wp-json\/wp\/v2\/posts\/128781","targetHints":{"allow":["GET"]}}],"collection":[{"href":"https:\/\/www.europesays.com\/fr\/wp-json\/wp\/v2\/posts"}],"about":[{"href":"https:\/\/www.europesays.com\/fr\/wp-json\/wp\/v2\/types\/post"}],"author":[{"embeddable":true,"href":"https:\/\/www.europesays.com\/fr\/wp-json\/wp\/v2\/users\/2"}],"replies":[{"embeddable":true,"href":"https:\/\/www.europesays.com\/fr\/wp-json\/wp\/v2\/comments?post=128781"}],"version-history":[{"count":0,"href":"https:\/\/www.europesays.com\/fr\/wp-json\/wp\/v2\/posts\/128781\/revisions"}],"wp:featuredmedia":[{"embeddable":true,"href":"https:\/\/www.europesays.com\/fr\/wp-json\/wp\/v2\/media\/128782"}],"wp:attachment":[{"href":"https:\/\/www.europesays.com\/fr\/wp-json\/wp\/v2\/media?parent=128781"}],"wp:term":[{"taxonomy":"category","embeddable":true,"href":"https:\/\/www.europesays.com\/fr\/wp-json\/wp\/v2\/categories?post=128781"},{"taxonomy":"post_tag","embeddable":true,"href":"https:\/\/www.europesays.com\/fr\/wp-json\/wp\/v2\/tags?post=128781"}],"curies":[{"name":"wp","href":"https:\/\/api.w.org\/{rel}","templated":true}]}}