{"id":128785,"date":"2025-05-26T08:11:09","date_gmt":"2025-05-26T08:11:09","guid":{"rendered":"https:\/\/www.europesays.com\/fr\/128785\/"},"modified":"2025-05-26T08:11:09","modified_gmt":"2025-05-26T08:11:09","slug":"la-bourse-de-paris-en-hausse-apres-laccalmie-commerciale-entre-ue-et-etats-unis-actualites","status":"publish","type":"post","link":"https:\/\/www.europesays.com\/fr\/128785\/","title":{"rendered":"La Bourse de Paris en hausse apr\u00e8s l&rsquo;accalmie commerciale entre UE et Etats-Unis : Actualit\u00e9s"},"content":{"rendered":"<p class=\"lead \">La Bourse de Paris est en nette hausse lundi apr\u00e8s l&rsquo;annonce d&rsquo;une nouvelle pause jusqu&rsquo;au 9 juillet dans le rel\u00e8vement annonc\u00e9 des droits de douane impos\u00e9s par les \u00c9tats-Unis \u00e0 l&rsquo;Union europ\u00e9enne.<\/p>\n<p class=\"lead \">Vers 09H40 (heure de Paris), le CAC 40 prenait 1,11% \u00e0 7.820,75 points, en hausse de 86,35 points. Vendredi, l&rsquo;indice vedette parisien avait perdu 1,65%.<\/p>\n<p class=\"lead \">Les march\u00e9s se f\u00e9licitent du fait que \u00ab\u00a0le pr\u00e9sident Trump ait repouss\u00e9 la mise en place des droits de douane de 50% sur les produits europ\u00e9ens\u00a0\u00bb, explique John Plassard, sp\u00e9cialiste de l&rsquo;investissement pour Mirabaud.<\/p>\n<p class=\"lead \">Le dirigeant avait annonc\u00e9 vendredi qu&rsquo;il voulait imposer de nouvelles taxes \u00e0 l&rsquo;importation sur les produits europ\u00e9ens d\u00e8s le 1er juin, avant la fin du d\u00e9lai de 90 jours de pause dans les hausses douani\u00e8res, accord\u00e9e le mois dernier pour n\u00e9gocier avec ses partenaires commerciaux.<\/p>\n<p class=\"lead \">Il avait estim\u00e9 que les discussions avec l&rsquo;UE \u00ab\u00a0ne vont nulle part\u00a0\u00bb, ce qui avait fait d\u00e9visser les march\u00e9s europ\u00e9ens. <\/p>\n<p class=\"lead \">Le pr\u00e9sident am\u00e9ricain a finalement une nouvelle fois chang\u00e9 d&rsquo;avis dimanche soir, dans la foul\u00e9e d&rsquo;un appel de la pr\u00e9sidente de la Commission europ\u00e9enne Ursula von der Leyen.<\/p>\n<p class=\"lead \">\u00ab\u00a0Nous avons eu une tr\u00e8s bonne conversation et j&rsquo;ai accept\u00e9 de d\u00e9placer la date au 9 juillet. (&#8230;) J&rsquo;ai accept\u00e9, et elle m&rsquo;a dit que nous allions rapidement nous rencontrer et voir si nous pouvions trouver une solution\u00a0\u00bb, a indiqu\u00e9 Donald Trump sur son r\u00e9seau Truth Social.<\/p>\n<p class=\"lead \">Les taux d&rsquo;int\u00e9r\u00eat des emprunts souverains, qui avaient fortement recul\u00e9 vendredi sur fond de ru\u00e9e sur les valeurs refuge que sont les obligations, repartaient en revanche en l\u00e9g\u00e8re hausse.<\/p>\n<p class=\"lead \">Le rendement de l&#8217;emprunt \u00e0 dix ans fran\u00e7ais atteignait 3,27%, contre 3,26% vendredi en cl\u00f4ture. Son \u00e9quivalent allemand, r\u00e9f\u00e9rence en Europe, atteignait 2,59%, contre 2,57%.<\/p>\n<p class=\"lead \">Malgr\u00e9 ce r\u00e9pit, \u00ab\u00a0la guerre commerciale entre l&rsquo;Union Europ\u00e9enne et les \u00c9tats-Unis pourrait \u00eatre plus longue et tendue que pr\u00e9vu. Cela complique la situation pour les actions\u00a0\u00bb, pr\u00e9vient toutefois Christopher Dembik, conseiller en investissement pour Pictet AM.<\/p>\n<p class=\"lead \">\u00ab\u00a0Ce sujet restera latent sur les march\u00e9s au cours des prochaines semaines et sera source de volatilit\u00e9. La question des droits de douane punitifs am\u00e9ricains est l\u00e0 pour rester\u00a0\u00bb, abonde Andreas Lipkow, analyste ind\u00e9pendant.<\/p>\n<p class=\"lead \">Mis \u00e0 part ces d\u00e9veloppements, la s\u00e9ance devrait \u00eatre calme, dans la mesure o\u00f9 Wall Street est aussi ferm\u00e9e en raison du \u00ab\u00a0Memorial Day\u00a0\u00bb. <\/p>\n<p class=\"lead \">Stellantis, ArcelorMittal et Airbus en hausse<\/p>\n<p class=\"lead \">Les valeurs qui avaient c\u00e9d\u00e9 du terrain vendredi reprennent des couleurs, \u00e0 l&rsquo;image des constructeurs automobiles, qui exportent beaucoup en direction du march\u00e9 am\u00e9ricain. En France, Stellantis prenait 2,29% \u00e0 8,95 euros vers 09H40.<\/p>\n<p class=\"lead \">Le sid\u00e9rurgiste ArcelorMittal (+3,67% \u00e0 27,42 euros) bondissait aussi, tout comme Airbus (+2,36% \u00e0 161,02 euros), qui, comme l&rsquo;ensemble du secteur a\u00e9ronautique, est d\u00e9pendant des \u00e9changes entre les \u00c9tats-Unis et l&rsquo;Union Europ\u00e9enne.<\/p>\n<p class=\"lead \"><a href=\"https:\/\/www.euronext.com\/fr\/products\/indices\/FR0003500008-XPAR\" target=\"_blank\" rel=\"noopener\">Euronext CAC40<\/a><\/p>\n<p class=\"small font-weight-bold text-gray3 \"> publi\u00e9 le 26 mai \u00e0 10h05, AFP<\/p>\n<p>                             Partager<\/p>\n","protected":false},"excerpt":{"rendered":"La Bourse de Paris est en nette hausse lundi apr\u00e8s l&rsquo;annonce d&rsquo;une nouvelle pause jusqu&rsquo;au 9 juillet dans&hellip;\n","protected":false},"author":2,"featured_media":128786,"comment_status":"","ping_status":"","sticky":false,"template":"","format":"standard","meta":{"footnotes":""},"categories":[1589],"tags":[11,340,73,1866,6205,12,1864,1865,1863,308],"class_list":{"0":"post-128785","1":"post","2":"type-post","3":"status-publish","4":"format-standard","5":"has-post-thumbnail","7":"category-etats-unis","8":"tag-actualites","9":"tag-bourse","10":"tag-etats-unis","11":"tag-etats-unis-damerique","12":"tag-marchs","13":"tag-news","14":"tag-united-states","15":"tag-united-states-of-america","16":"tag-us","17":"tag-usa"},"share_on_mastodon":{"url":"https:\/\/pubeurope.com\/@fr\/114573127364125107","error":""},"_links":{"self":[{"href":"https:\/\/www.europesays.com\/fr\/wp-json\/wp\/v2\/posts\/128785","targetHints":{"allow":["GET"]}}],"collection":[{"href":"https:\/\/www.europesays.com\/fr\/wp-json\/wp\/v2\/posts"}],"about":[{"href":"https:\/\/www.europesays.com\/fr\/wp-json\/wp\/v2\/types\/post"}],"author":[{"embeddable":true,"href":"https:\/\/www.europesays.com\/fr\/wp-json\/wp\/v2\/users\/2"}],"replies":[{"embeddable":true,"href":"https:\/\/www.europesays.com\/fr\/wp-json\/wp\/v2\/comments?post=128785"}],"version-history":[{"count":0,"href":"https:\/\/www.europesays.com\/fr\/wp-json\/wp\/v2\/posts\/128785\/revisions"}],"wp:featuredmedia":[{"embeddable":true,"href":"https:\/\/www.europesays.com\/fr\/wp-json\/wp\/v2\/media\/128786"}],"wp:attachment":[{"href":"https:\/\/www.europesays.com\/fr\/wp-json\/wp\/v2\/media?parent=128785"}],"wp:term":[{"taxonomy":"category","embeddable":true,"href":"https:\/\/www.europesays.com\/fr\/wp-json\/wp\/v2\/categories?post=128785"},{"taxonomy":"post_tag","embeddable":true,"href":"https:\/\/www.europesays.com\/fr\/wp-json\/wp\/v2\/tags?post=128785"}],"curies":[{"name":"wp","href":"https:\/\/api.w.org\/{rel}","templated":true}]}}