{"id":128794,"date":"2025-05-26T08:16:09","date_gmt":"2025-05-26T08:16:09","guid":{"rendered":"https:\/\/www.europesays.com\/fr\/128794\/"},"modified":"2025-05-26T08:16:09","modified_gmt":"2025-05-26T08:16:09","slug":"pour-ocon-il-faut-interdire-les-tactiques-racing-bulls-et-williams","status":"publish","type":"post","link":"https:\/\/www.europesays.com\/fr\/128794\/","title":{"rendered":"Pour Ocon, il faut \u00ab\u00a0interdire\u00a0\u00bb les tactiques Racing Bulls et Williams"},"content":{"rendered":"<p>Comme tout le monde, <a href=\"https:\/\/fr.motorsport.com\/driver\/esteban-ocon\/95096\/\" target=\"_blank\" rel=\"noopener\">Esteban Ocon<\/a> aura v\u00e9cu un Grand Prix de Monaco qu&rsquo;il qualifie lui-m\u00eame d'\u00a0\u00bb\u00e9tonnant\u00a0\u00bb. Le Fran\u00e7ais, qui a termin\u00e9 septi\u00e8me de la course apr\u00e8s s&rsquo;\u00eatre \u00e9lanc\u00e9 huiti\u00e8me &#8211; b\u00e9n\u00e9ficiant de l&rsquo;abandon sur probl\u00e8me technique de <a href=\"https:\/\/fr.motorsport.com\/driver\/fernando-alonso\/76096\/\" target=\"_blank\" rel=\"noopener\">Fernando Alonso<\/a> parti devant lui -, ne cachait \u00e9videmment pas sa satisfaction d&rsquo;avoir converti un week-end bien men\u00e9 par <a href=\"https:\/\/fr.motorsport.com\/team\/haas\/1949\/\" target=\"_blank\" rel=\"noopener\">Haas<\/a> m\u00eame s&rsquo;il reconnaissait que l&rsquo;\u00e9preuve avait pris une tournure \u00e9trange.<\/p>\n<p>Au micro de Canal+ apr\u00e8s la course, il d\u00e9clarait : \u00ab\u00a0\u00c9tonnant, c&rsquo;est le mot, je pense. \u00c7a a \u00e9t\u00e9 des rythmes tr\u00e8s diff\u00e9rents \u00e0 certains moments : il a fallu pousser fort, \u00e0 d&rsquo;autres moments g\u00e9rer, \u00e0 d&rsquo;autres moments voir un peu la d\u00e9gradation [des pneus], [parfois] plut\u00f4t r\u00e9fl\u00e9chir et ralentir devant le box pour bien s\u00e9curiser la position. Mais c&rsquo;\u00e9tait une belle bataille avec Isack [Hadjar, qui a termin\u00e9 sixi\u00e8me] tout le long de la course, bravo \u00e0 lui pour cette belle course et ce beau week-end.\u00a0\u00bb<\/p>\n<p>Lire aussi :<\/p>\n<p>\u00ab\u00a0En ce qui nous concerne, je pense qu&rsquo;on fait le maximum possible aujourd&rsquo;hui, on ram\u00e8ne de beaux points pour l&rsquo;\u00e9quipe et \u00e7a fait vraiment plaisir. Je pense que c&rsquo;\u00e9tait un week-end bien construit, on a fait ce qui fallait, on n&rsquo;a pas mis une roue dehors de tout le week-end, donc je suis plut\u00f4t content.\u00a0\u00bb<\/p>\n<p>Interrog\u00e9 sur sa connaissance de ce qui se tramait derri\u00e8re lui, \u00e0 savoir les tactiques d\u00e9lib\u00e9r\u00e9ment mises en place par <a href=\"https:\/\/fr.motorsport.com\/team\/racing-bulls-610\/610\/\" target=\"_blank\" rel=\"noopener\">Racing Bulls<\/a> et <a href=\"https:\/\/fr.motorsport.com\/team\/williams\/613\/\" target=\"_blank\" rel=\"noopener\">Williams<\/a> pour ralentir une partie du peloton et s&rsquo;am\u00e9nager ainsi le temps suffisant pour que leurs pilotes puissent effectuer les deux arr\u00eats au stand obligatoires sans perdre de places, Ocon a indiqu\u00e9 qu&rsquo;elles ne lui avaient pas v\u00e9ritablement profit\u00e9 mais a surtout tenu \u00e0 exprimer sa d\u00e9sapprobation face \u00e0 de telles strat\u00e9gies.<\/p>\n<p>\u00ab\u00a0Cela ne m&rsquo;a pas vraiment aid\u00e9 dans la course, non\u00a0\u00bb, a-t-il d\u00e9clar\u00e9 devant la presse. \u00ab\u00a0Oui, j&rsquo;avais un \u00e9cart derri\u00e8re moi avec Liam [Lawson], mais Isack a tellement ralenti qu&rsquo;il a rattrap\u00e9 24 secondes vers la fin&#8230; Je me suis dit\u00a0:\u00a0&lsquo;Oh oui, 24 secondes d&rsquo;\u00e9cart&rsquo;. Cinq tours plus tard, il \u00e9tait derri\u00e8re nous. Mais non, je n&rsquo;avais pas assez d&rsquo;avance pour m&rsquo;arr\u00eater aux stands.\u00a0\u00bb<\/p>\n<p>\u00ab\u00a0Liam a r\u00e9ussi \u00e0 donner assez de temps \u00e0 Isack, mais Isack avait six ou sept secondes d&rsquo;avance parce que Fernando [Alonso] \u00e9tait entre nous. De ce c\u00f4t\u00e9-l\u00e0, \u00e7a ne m&rsquo;a pas vraiment favoris\u00e9 dans ma course. Il \u00e9tait assez difficile de savoir qui mettait en place une strat\u00e9gie et qui n&rsquo;avait pas de rythme. Fernando a eu un peu de mal \u00e0 un moment donn\u00e9 avec le rythme. On a r\u00e9ussi \u00e0 le d\u00e9passer avant qu&rsquo;il ait des probl\u00e8mes, donc c&rsquo;est la seule vraie bataille qu&rsquo;on a eue sur la piste.\u00a0\u00bb<\/p>\n<blockquote>\n<p>\u00c7a simplifie la course d&rsquo;une des voitures dans une \u00e9quipe, mais \u00e7a n&rsquo;est pas hyper beau.<\/p>\n<\/blockquote>\n<p>\u00ab\u00a0Je pense que ces choses-l\u00e0 ne devraient pas \u00eatre autoris\u00e9es, malheureusement\u00a0\u00bb, a-t-il d\u00e9clar\u00e9 sur Canal+. \u00ab\u00a0\u00c7a ruine un petit peu la course et le bel aspect de Monaco sur ces arr\u00eats, etc. C&rsquo;est s\u00fbr que c&rsquo;est le jeu, mais je pense qu&rsquo;il y aurait moyen de voir si certains en font trop par moment, car parfois je me suis retrouv\u00e9 derri\u00e8re des voitures qui \u00e9taient trois ou quatre secondes plus lentes que ce qu&rsquo;elles devraient \u00eatre. Donc oui, \u00e7a simplifie la course d&rsquo;une des voitures dans une \u00e9quipe, mais \u00e7a n&rsquo;est pas hyper beau.\u00a0\u00bb<\/p>\n<p>Puis, aupr\u00e8s des m\u00e9dias internationaux, il a ajout\u00e9 : \u00ab\u00a0Honn\u00eatement, je pense que ces tactiques, cette course, avec des pilotes qui roulent \u00e0 quatre secondes du rythme, ce n&rsquo;\u00e9tait pas beau \u00e0 voir. C&rsquo;est super artificiel, il y a beaucoup de consignes d&rsquo;\u00e9quipe. Ce n&rsquo;est pas pur en termes de sport, tel que nous l&rsquo;aimons. Nous ne sommes pas en DTM, et nous voulons que cela reste pur dans une certaine mesure. Cela devrait donc \u00eatre interdit par la FIA, et je suis s\u00fbr que les gens vont se pencher sur la question, car on ne peut pas simplement ralentir tout le monde de trois secondes par tour comme \u00e7a. Ce n&rsquo;est pas vraiment juste, pour \u00eatre honn\u00eate.\u00a0\u00bb<\/p>\n<p style=\"text-align: right;\">Avec Emily Selleck et Oleg Karpov<\/p>\n<p><img decoding=\"async\" class=\"sizer\" draggable=\"false\" src=\"data:image\/png;base64,iVBORw0KGgoAAAANSUhEUgAAABAAAAAJCAYAAAA7KqwyAAAAGXRFWHRTb2Z0d2FyZQBBZG9iZSBJbWFnZVJlYWR5ccllPAAAABpJREFUeNpi\/P\/\/PwMlgImBQjBqwLAwACDAAOVfAw9\/ZDvcAAAAAElFTkSuQmCC\" alt=\"\" loading=\"lazy\"\/><\/p>\n<p class=\"title\">VID\u00c9O &#8211; R\u00c9SUM\u00c9 : Les meilleurs moments du GP de Monaco<\/p>\n<p>Dans cet article<\/p>\n<p>    Fabien Gaillard\n<\/p>\n<p>    Formule 1\n<\/p>\n<p>    Esteban Ocon\n<\/p>\n<p>    Haas\n<\/p>\n<p>Soyez le premier inform\u00e9 et souscrivez aux alertes mails pour recevoir les infos en temps r\u00e9el<\/p>\n<p>    S&rsquo;abonner aux alertes de news<\/p>\n","protected":false},"excerpt":{"rendered":"Comme tout le monde, Esteban Ocon aura v\u00e9cu un Grand Prix de Monaco qu&rsquo;il qualifie lui-m\u00eame d&rsquo;\u00a0\u00bb\u00e9tonnant\u00a0\u00bb. Le&hellip;\n","protected":false},"author":2,"featured_media":128795,"comment_status":"","ping_status":"","sticky":false,"template":"","format":"standard","meta":{"footnotes":""},"categories":[2],"tags":[11,2249,1454,1011,27,23310,4443,5386,12,25],"class_list":{"0":"post-128794","1":"post","2":"type-post","3":"status-publish","4":"format-standard","5":"has-post-thumbnail","7":"category-actualites","8":"tag-actualites","9":"tag-esteban-ocon","10":"tag-formule-1","11":"tag-fr","12":"tag-france","13":"tag-gp-de-monaco","14":"tag-haas","15":"tag-monte-carlo","16":"tag-news","17":"tag-republique-francaise"},"share_on_mastodon":{"url":"https:\/\/pubeurope.com\/@fr\/114573147168927516","error":""},"_links":{"self":[{"href":"https:\/\/www.europesays.com\/fr\/wp-json\/wp\/v2\/posts\/128794","targetHints":{"allow":["GET"]}}],"collection":[{"href":"https:\/\/www.europesays.com\/fr\/wp-json\/wp\/v2\/posts"}],"about":[{"href":"https:\/\/www.europesays.com\/fr\/wp-json\/wp\/v2\/types\/post"}],"author":[{"embeddable":true,"href":"https:\/\/www.europesays.com\/fr\/wp-json\/wp\/v2\/users\/2"}],"replies":[{"embeddable":true,"href":"https:\/\/www.europesays.com\/fr\/wp-json\/wp\/v2\/comments?post=128794"}],"version-history":[{"count":0,"href":"https:\/\/www.europesays.com\/fr\/wp-json\/wp\/v2\/posts\/128794\/revisions"}],"wp:featuredmedia":[{"embeddable":true,"href":"https:\/\/www.europesays.com\/fr\/wp-json\/wp\/v2\/media\/128795"}],"wp:attachment":[{"href":"https:\/\/www.europesays.com\/fr\/wp-json\/wp\/v2\/media?parent=128794"}],"wp:term":[{"taxonomy":"category","embeddable":true,"href":"https:\/\/www.europesays.com\/fr\/wp-json\/wp\/v2\/categories?post=128794"},{"taxonomy":"post_tag","embeddable":true,"href":"https:\/\/www.europesays.com\/fr\/wp-json\/wp\/v2\/tags?post=128794"}],"curies":[{"name":"wp","href":"https:\/\/api.w.org\/{rel}","templated":true}]}}