{"id":128819,"date":"2025-05-26T08:32:13","date_gmt":"2025-05-26T08:32:13","guid":{"rendered":"https:\/\/www.europesays.com\/fr\/128819\/"},"modified":"2025-05-26T08:32:13","modified_gmt":"2025-05-26T08:32:13","slug":"planete-metal-on-refait-lactu-du-19-au-25-mai-2025","status":"publish","type":"post","link":"https:\/\/www.europesays.com\/fr\/128819\/","title":{"rendered":"PLAN\u00c8TE METAL On refait l&rsquo;actu du 19 au 25 mai 2025"},"content":{"rendered":"<p>\t\t\t\t\t<img decoding=\"async\" src=\"https:\/\/www.europesays.com\/fr\/wp-content\/uploads\/2025\/05\/PM-25-05.jpg\" style=\"height: 468px; width: 850px;\"\/><\/p>\n<p>&#13;<br \/>\n<strong>\u200bL&rsquo;actualit\u00e9 musicale est tellement charg\u00e9e que certaines infos sont peut-\u00eatre pass\u00e9es sous votre radar. Petite s\u00e9ance de rattrapage avec Plan\u00e8te Metal, votre rendez-vous du dimanche en fin de journ\u00e9e, en attendant de recevoir <a href=\"https:\/\/hardforce.com\/register?fbclid=IwY2xjawI0QDBleHRuA2FlbQIxMAABHflnBmrEqGMUTtQZQRNZtbQdWHV8YFQcEaq8k3jzHX2JZFuxpMCOxw97cQ_aem_XJp8Q3nnIFDemTjjybFMSA\" target=\"_blank\" rel=\"noopener\">L&rsquo;Hebdo<\/a> par mail\u2026<\/strong><br \/>&#13;<br \/>\n\u00a0<\/p>\n<p><strong>TEASING \u00a0<\/strong><\/p>\n<p>\u2026 metal extr\u00eame ?<br \/>&#13;<br \/>\nQuatre ans apr\u00e8s la tragique <a href=\"https:\/\/hardforce.com\/actu\/37368\/joey-jordison-deces-batteur-sinsaenum-slipknot\" target=\"_blank\" rel=\"noopener\">disparition<\/a> de <strong>Joey Jordison<\/strong>,\u00a0<strong>SINSAENUM<\/strong>\u00a0sera de retour en ao\u00fbt avec un 3e LP. Et, \u00e0 la batterie, quelqu&rsquo;un qui \u00e9tait tr\u00e8s proche de l&rsquo;ex-batteur de SLIPKNOT\u2026<\/p>\n<p style=\"text-align: center;\">\u200b<\/p>\n<p>&#13;<br \/>\n\u2026\u00a0hard rock alterntif\u00a0?<br \/>&#13;<br \/>\nGuitariste de STONE TEMPLE PILOTS,\u00a0<strong>Dean DeLeo<\/strong>\u00a0a lanc\u00e9 un nouveau projet, <strong>ONE SATELLITE<\/strong>, dans lequel il est accompagn\u00e9 par le chanteur\/guitariste<strong> Pete Shoulder<\/strong> avec qui il a d\u00e9j\u00e0 travaill\u00e9 dans le pass\u00e9. A la batterie, le duo a fait appel \u00e0 <strong>Rocco<\/strong> <strong>DeLeo<\/strong>, fils de, sur 3 titres, \u00e0 <strong>Eric Kretz<\/strong> de STP ainsi qu&rsquo;\u00e0 <strong>Brian Tichy<\/strong> (WHITESNAKE, Ozzy,\u00a0THE DEAD DAISIES).\u00a0Un avant-go\u00fbt de l&rsquo;album \u00e9ponyme, attendu le 18 juillet, avec un premier extrait.<\/p>\n<p style=\"text-align: center;\">\u200b<\/p>\n<p>&#13;<br \/>\n\u2026\u00a0black metal (am\u00e9rindien)\u00a0?<br \/>&#13;<br \/>\nCris, tambours et masques de guerre pour\u00a0<strong>BLACKBRAID<\/strong>\u00a0avec\u00a0\u201cWardrums At Dawn On The Day Of My Death\u201d, premier extrait de \u00ab Blackbraid III \u00bb, 3e incantation dans les bacs le 8 ao\u00fbt.<\/p>\n<p style=\"text-align: center;\">\u200b<\/p>\n<p>&#13;<br \/>\n\u2026\u00a0death metal\u00a0?<br \/>&#13;<br \/>\n\u2026\u00a0ou plus particuli\u00e8rement de\u00a0<strong>Mikael Stanne<\/strong>, \u00e9galement chanteur de\u00a0DARK TRANQUILLITY,\u00a0THE HALO EFFECT\u00a0et\u00a0CEMETERY SKYLINE,\u00a0qui a quand m\u00eame trouv\u00e9 le temps d&rsquo;enregistrer un nouvel EP\u00a0avec\u00a0<strong>GRAND CADAVER<\/strong> ? La sortie de \u00ab The Rot Beneath \u00bb, cal\u00e9e au 15 ao\u00fbt, est \u00e9galement le titre de son premier extrait.<\/p>\n<p style=\"text-align: center;\">\n<p>&#13;<br \/>\n\u2026\u00a0post-hardcore\u00a0?<br \/>&#13;<br \/>\n<strong>LA DISPUTE<\/strong>\u00a0revient semer la zizanie avec son 5e album, \u00ab No One Was Driving The Car \u00bb, attendu \u00e0 l&rsquo;automne et une premi\u00e8re vid\u00e9o.<\/p>\n<p style=\"text-align: center;\">&#13;<br \/>\n\u00a0<\/p>\n<p><strong>SORTIES<\/strong>\u00a0<\/p>\n<p>Changement d&rsquo;ambiance, mais pas de style, pour <strong>ELECTRIC CALLBOY<\/strong> qui a d\u00e9laiss\u00e9, au moins le temps de\u00a0\u201cRevery\u201d, un tout nouveau morceau et son clip, son univers d\u00e9lirant et color\u00e9 pour une ambiance\u00a0nettement plus sombre. Rendez-vous avec les Allemands au Z\u00e9nith de Paris et au Radiant \u00e0 Lyon les 18 et 20 janvier 2026.<br \/>&#13;<br \/>\nEn attendant, c&rsquo;est <strong>Frank Zummo<\/strong>, batteur de SUM\u00a041, qui sera derri\u00e8re les f\u00fbts sur les dates estivales en festival \u2013 dont le Hellfest le 19 juin \u2013 suite au d\u00e9part, le mois dernier, de\u00a0David-Karl Friedrich qu&rsquo;il\u00a0avait d\u00e9j\u00e0 remplac\u00e9 en d\u00e9cembre dernier, en Australie, quand ce dernier \u00e9tait tomb\u00e9 malade.<\/p>\n<p style=\"text-align: center;\">\u200b<\/p>\n<p>&#13;<br \/>\n<strong>BLACKRAIN<\/strong>, rejoint par <strong>Franky Costanza<\/strong>, ex-batteur de DAGOBA, et un nouveau guitariste, <strong>Jerem G<\/strong>, sortira le 27 f\u00e9vrier prochain \u00ab Orphan Of The Light \u00bb, son nouveau LP qui c\u00e9l\u00e8brera ses 20 ans d&rsquo;existence. Accompagn\u00e9 par OVERDRIVERS, le quartet sera en concert en t\u00eate d&rsquo;affiche au Trianon, \u00e0 Paris, le 28 f\u00e9vrier. Infos, billets et bande-annonce \u00e0 retrouver <a href=\"https:\/\/shotgun.live\/fr\/events\/blackrain-overdrivers\" target=\"_blank\" rel=\"noopener\">ici<\/a>.<\/p>\n<p>Deuxi\u00e8me album pour\u00a0<strong>WARMEN<\/strong>, groupe fond\u00e9 par\u00a0<strong>Janne Wirman<\/strong>, ex-clavi\u00e9riste de CHILDREN OF BODOM, \u00ab Band Of Brothers \u00bb est attendu le 15 ao\u00fbt. En attendant du son, ce qui ne saurait tarder, voici d\u00e9j\u00e0 l&rsquo;artwork.<\/p>\n<p>&#13;<\/p>\n<p style=\"text-align: center;\"><img decoding=\"async\" src=\"https:\/\/www.europesays.com\/fr\/wp-content\/uploads\/2025\/05\/Capture-d-ecran-2025-05-19-a-23-16-47.png\" style=\"height: 500px; width: 500px;\"\/><\/p>\n<p>&#13;<\/p>\n<p>&#13;<br \/>\nTout nouveau single pour\u00a0<strong>DORO<\/strong>, \u201cWarriors Of The Sea\u201d a lanc\u00e9 l&rsquo;abordage\u2026<\/p>\n<p style=\"text-align: center;\">\u200b<br \/>&#13;<br \/>\n\u00a0<\/p>\n<p><strong>EN STUDIO\u00a0<\/strong><\/p>\n<p>En d\u00e9cembre dernier,\u00a0<strong>Jay Weinberg<\/strong>, batteur de SUICIDAL TENDENCIES et ex-SLIPKNOT, annon\u00e7ait qu&rsquo;il planchait sur son premier album solo. On n&rsquo;en sait pas plus, mais il vient de poster une photo de lui en studio en compagnie de\u00a0<strong>Mark Whelan<\/strong>, chanteur\/guitariste de FUMING MOUTH, et de <strong>Kurt Ballou<\/strong>, guitariste de CONVERGE et producteur. A suivre\u2026<\/p>\n<blockquote class=\"instagram-media\" data-instgrm-captioned=\"\" data-instgrm-permalink=\"https:\/\/www.instagram.com\/p\/DJ7n904JNzC\/?utm_source=ig_embed&amp;utm_campaign=loading\" data-instgrm-version=\"14\" style=\" background:#FFF; border:0; border-radius:3px; box-shadow:0 0 1px 0 rgba(0,0,0,0.5),0 1px 10px 0 rgba(0,0,0,0.15); margin: 1px; max-width:540px; min-width:326px; padding:0; width:99.375%; width:-webkit-calc(100% - 2px); width:calc(100% - 2px);\"><p>&#13;<br \/>\n&#13;\n<\/p><\/blockquote>\n<p>&#13;<br \/>\n<strong>\u00c9V\u00c9NEMENTS\u00a0<\/strong><\/p>\n<p>Historique. Le 31 mai,\u00a0<strong>LINKIN PARK<\/strong>\u00a0assurera le show d&rsquo;ouverture de la Ligue des Champions de l&rsquo;UEFA qui verra le PSG affronter l&rsquo;Inter de Milan \u00e0 Munich. Les Am\u00e9ricains, dont l&rsquo;\u00e9dition deluxe de \u00ab From Zero \u00bb est sortie le 16 mai, seront en concert le 22 juin au Hellfest et le 11 juillet dans un Stade de France qui affichait comple\u00a0moins d&rsquo;une heure apr\u00e8s la mise en vente des billets\u2026<br \/>&#13;<br \/>\n\u00a0<\/p>\n<p><strong>MASTERCLASS<\/strong>\u00a0<\/p>\n<p><strong>Doug Aldrich<\/strong>, guitariste de THE DEAD DAISIES, ex-WHITESNAKE et ex-DIO, sera en d\u00e9mo en France <a href=\"https:\/\/hardforce.com\/actu\/44929\/doug-aldrich-masterclass-france\" target=\"_blank\" rel=\"noopener\">fin juin<\/a>.<\/p>\n<p style=\"text-align: center;\">&#13;<br \/>\n\u200b<\/p>\n<p><strong>AVENTURES EN SOLITAIRE\u00a0<\/strong><\/p>\n<p>\u201cAttention\u201d, c&rsquo;est la 4e chanson extraite de \u00ab\u00a0Some Kind Of Feeling \u00bb, nouvel album solo d&rsquo;<strong>Orianthi<\/strong>, ex-guitariste live d&rsquo;Alice Cooper.\u00a0Il sortira en trois temps\u00a0: le 27 juin en version digitale, le 15 ao\u00fbt en CD et le 19 septembre en vinyle.<\/p>\n<p style=\"text-align: center;\">\u200b<br \/>&#13;<br \/>\n\u00a0<\/p>\n<p><strong>GUESTS\u00a0<\/strong><\/p>\n<p>Une star de la pop anglaise qui invite une l\u00e9gende du heavy metal britannique\u00a0? Non, \u00e7a n&rsquo;est toujours pas Ed Sheeran et Dani Filth de CRADLE OF FILTH (cette Arl\u00e9sienne), mais \u201cRocket\u201d de <strong>Robbie Williams<\/strong>, extrait de son \u00ab Britpop \u00bb, sur lequel appara\u00eet\u00a0<strong>Tony Iommi<\/strong>.<\/p>\n<p style=\"text-align: center;\">\u200b<br \/>&#13;<br \/>\n\u00a0<\/p>\n<p><strong>R.I.P.<\/strong><\/p>\n<p><strong>Bruno Ramos<\/strong>, guitariste de SORTIL\u00c8GE et ex-MANIGANCE, nous a quitt\u00e9s.<\/p>\n<p style=\"text-align: center;\">\n<p style=\"text-align: center;\">\u00a0<\/p>\n<p>Le 22 mai, le\u00a0Cessna 550 pilot\u00e9 par <strong>David Shapiro<\/strong>,\u00a0agent artistique et propri\u00e9taire de Sound Talent Group (STG), s&rsquo;est \u00e9cras\u00e9 \u00e0 San Diego en raison de mauvaises conditions m\u00e9t\u00e9o apr\u00e8s avoir heurt\u00e9 des lignes \u00e9lectriques. Les sept personnes\u00a0\u00e0 bord, dont\u00a0<strong>Daniel Williams<\/strong>, ex-batteur de THE DEVIL WEARS PRADA, \u00e2g\u00e9 de 39 ans, ont trouv\u00e9 la mort. Ce dernier avait quitt\u00e9 le groupe en 2016.\u00a0<\/p>\n<p style=\"text-align: center;\">\u200b<\/p>\n<p style=\"text-align: center;\">\u00a0<\/p>\n<p><strong>COLLAB&rsquo;\u00a0<\/strong><\/p>\n<p>Pour \u201cGod Is A Weapon\u201d, le tout nouveau single (et sa vid\u00e9o) de<strong>\u00a0FALLING IN REVERSE<\/strong>,\u00a0<strong>Ronnie Radke<\/strong>\u00a0a invit\u00e9\u00a0<strong>Marilyn Manson<\/strong>. Ou quand deux des chanteurs les plus clivants du moment s&rsquo;associent pour un magnifique clip aux airs de pub pour parfum\u2026<\/p>\n<p style=\"text-align: center;\">&#13;<br \/>\n\u00a0<\/p>\n<p><strong>EN CONCERT\u00a0<\/strong><\/p>\n<p>Suite \u00e0 l&rsquo;annulation de la derni\u00e8re partie de la tourn\u00e9e mondiale \u201cThe Poisoned Ascendancy Tour\u201d avec BULLET FOR MY VALENTINE, Matt Tuck, le guitariste\/chanteur des Anglais, ayant d\u00e9cid\u00e9 qu&rsquo;il \u00e9tait temps pour eux de retourner plancher sur leur prochain album,\u00a0<strong>TRIVIUM<\/strong>\u00a0a ajout\u00e9 des concerts. Dont un passage au Motocultor Festival le 16 ao\u00fbt.<\/p>\n<p style=\"text-align: center;\">\u200b<\/p>\n<p>&#13;<br \/>\n<strong>METALLICA<\/strong> sera de retour en Europe de d\u00e9but mai \u00e0 d\u00e9but juillet 2026, toujours dans le cadre du \u201cM72 World Tour\u201d. A ce jour, seulement 16 dates ont \u00e9t\u00e9 annonc\u00e9es\u2026 et aucune chez nous. A moins bien s\u00fbr que les Four Horsemen ne fassent partie de l&rsquo;affiche d&rsquo;un \u00e9norme festival fran\u00e7ais. <strong>GOJIRA<\/strong> et <strong>KNOCKED LOOSE<\/strong> assureront la premi\u00e8re partie des concerts sur un soir, <strong>PANTERA<\/strong> et <strong>AVATAR<\/strong>, celles des No Repeat Weekend.<\/p>\n<p>&#13;<\/p>\n<p style=\"text-align: center;\"><img decoding=\"async\" src=\"https:\/\/www.europesays.com\/fr\/wp-content\/uploads\/2025\/05\/Capture-d-ecran-2025-05-22-a-19-50-47.png\" style=\"height: 500px; width: 500px;\"\/><br \/>&#13;<br \/>\n\u00a0<\/p>\n<p>&#13;<\/p>\n<p><strong>INTERVIEWS<\/strong><\/p>\n<p>Cliquez sur le post pour acc\u00e9der \u00e0 l&rsquo;interview.<\/p>\n<p>Retrouvez toutes les interviews en cliquant sur <a href=\"https:\/\/hardforce.com\/interviews\" target=\"_blank\" rel=\"noopener\">ce lien<\/a>.<br \/>&#13;<br \/>\n\u00a0<\/p>\n<p><strong>LIVE REVIEWS<\/strong><\/p>\n<p>Cliquez sur le post pour d\u00e9couvrir le compte-rendu du concert et le portfolio (si portfolio il y a).<\/p>\n<p>Retrouvez tous les comptes-rendus de concert\u00a0en\u00a0<a href=\"https:\/\/hardforce.com\/concerts-reviews\" target=\"_blank\" rel=\"noopener\">c<\/a>liquant <a href=\"https:\/\/hardforce.com\/concerts-reviews\" target=\"_blank\" rel=\"noopener\">ici<\/a>.<br \/>&#13;<br \/>\n\u00a0<\/p>\n<p><strong style=\"color: rgb(51, 51, 51);\">PORTFOLIOS<\/strong><\/p>\n<p>Cliquez sur le post ou la photo pour d\u00e9couvrir la galerie photos.<\/p>\n<p>Retrouvez tous les portfolios en cliquant <a href=\"https:\/\/hardforce.com\/portfolios\" target=\"_blank\" rel=\"noopener\">l\u00e0<\/a>.<br \/>&#13;<br \/>\n\u00a0<\/p>\n<p><strong>WTF ?<\/strong><\/p>\n<p>Le Kamasutra version chutes d&rsquo;<strong>Axl Rose<\/strong> (\u00e0 plat ventre, sur le dos, \u00e0 genoux\u2026) ? Il suffit de demander avec cette compilation vid\u00e9o de 14 des taules de son chanteur que\u00a0<strong>GUNS N&rsquo; ROSES<\/strong> a post\u00e9e.\u00a0Welcome to the tumble !\u00a0<\/p>\n<blockquote class=\"instagram-media\" data-instgrm-captioned=\"\" data-instgrm-permalink=\"https:\/\/www.instagram.com\/reel\/DJ1rqF7gXO8\/?utm_source=ig_embed&amp;utm_campaign=loading\" data-instgrm-version=\"14\" style=\" background:#FFF; border:0; border-radius:3px; box-shadow:0 0 1px 0 rgba(0,0,0,0.5),0 1px 10px 0 rgba(0,0,0,0.15); margin: 1px; max-width:540px; min-width:326px; padding:0; width:99.375%; width:-webkit-calc(100% - 2px); width:calc(100% - 2px);\"><p>&#13;<br \/>\n&#13;\n<\/p><\/blockquote>\n<p>&#13;<br \/>\n<strong>L&rsquo;HEBDO<\/strong><\/p>\n<p>Nouveaut\u00e9 dans la galaxie HARD FORCE, <strong>L&rsquo;HEBDO<\/strong> vous donne rendez-vous chaque semaine avec l&rsquo;actualit\u00e9. Interviews, news, chroniques, live reviews, portfolios et bien plus encore sont \u00e0 une port\u00e9e de clic puisqu&rsquo;il suffit de vous <a href=\"https:\/\/hardforce.com\/register?fbclid=IwY2xjawI0QDBleHRuA2FlbQIxMAABHflnBmrEqGMUTtQZQRNZtbQdWHV8YFQcEaq8k3jzHX2JZFuxpMCOxw97cQ_aem_XJp8Q3nnIFDemTjjybFMSA\" target=\"_blank\" rel=\"noopener\">inscrire<\/a> pour le recevoir (gratuitement) par mail.\u00a0<\/p>\n<p style=\"text-align: center;\">&#13;<br \/>\n\u200b<\/p>\n<p><strong>NUM\u00c9RO SP\u00c9CIAL<\/strong><\/p>\n<p>Alors que <strong>SLEEP TOKEN<\/strong> vient de sortir \u00ab Even In Arcadia \u00bb, retrouvez un num\u00e9ro digital \u00e9volutif consacr\u00e9 aux myst\u00e9rieux Anglais, <strong>SLEEP TOKEN x HARD FORCE<\/strong>.<\/p>\n<p style=\"text-align: center;\">&#13;<br \/>\n\u00a0<\/p>\n<p><strong>CLASSEMENTS<\/strong><\/p>\n<p>Retrouvez le <strong>Top 100 des ventes rock et metal en France<\/strong> et, tant qu&rsquo;on y est, jetez aussi un coup d&rsquo;\u0153il sur ce qui marche en Allemagne, en Belgique\/Wallonie et outre-Manche\u2026<\/p>\n<p style=\"text-align: center;\">&#13;<br \/>\n\u00a0<\/p>\n<p><strong>TOP 20 SINGLES<\/strong><\/p>\n<p>D\u00e9couvrez les singles les plus diffus\u00e9s sur <strong>HEAVY1<\/strong>.<\/p>\n<p style=\"text-align: center;\">\u200b<br \/>&#13;<br \/>\n\u00a0<\/p>\n<p><strong>DIVERS<\/strong><\/p>\n<p>Sans en arriver aux mesures drastiques prises par Tobias Forge aux concerts de GHOST o\u00f9 tous les spectateurs doivent garder leur smartphone dans une Yondr pooch qui les emp\u00eache de l&rsquo;utiliser pendant le show,\u00a0<strong>IRON MAIDEN<\/strong> \u2013 par l&rsquo;interm\u00e9diaire de son manager <strong>Rod Smallwood<\/strong> \u2013 a demand\u00e9 aux fans qui assisteront au \u201cRun For Your Lives Tour\u201d de limiter \u00e0 l&rsquo;extr\u00eame l&rsquo;usage de leur t\u00e9l\u00e9phone. \u00ab\u00a0Nous souhaitons vraiment que les fans profitent des concerts en direct plut\u00f4t que sur leurs petits \u00e9crans, explique-t-il. De nos jours, l&rsquo;utilisation intensive des t\u00e9l\u00e9phones diminue le plaisir, notamment pour le groupe qui est sur sc\u00e8ne et regarde des rang\u00e9es de t\u00e9l\u00e9phones, mais aussi pour les autres spectateurs. Nous pensons que la passion et l&rsquo;implication de nos fans lors des concerts les rendent vraiment sp\u00e9ciaux, mais cette obsession pour les t\u00e9l\u00e9phones est tellement incontr\u00f4lable qu&rsquo;elle est devenue une distraction inutile, surtout pour le groupe. J&rsquo;esp\u00e8re que les fans comprendront cela et qu&rsquo;ils feront preuve de bon sens en limitant drastiquement l&rsquo;utilisation de leurs t\u00e9l\u00e9phones par respect pour le groupe et leurs fans. \u00bb\u00a0La Vierge de Fer donnera <a href=\"https:\/\/hardforce.com\/actu\/43917\/iron-maiden-concert-supplementaire-paris-defense-arena\" target=\"_blank\" rel=\"noopener\">3 concerts<\/a> en France en juillet.<\/p>\n<p>Apr\u00e8s 20 ans pass\u00e9s chez <strong>FOREIGNER<\/strong>, o\u00f9 il a remplac\u00e9 Lou Gramm, <strong>Kelly Hansen<\/strong> a annonc\u00e9 qu&rsquo;il tirerait sa r\u00e9v\u00e9rence \u00e0 l&rsquo;issue de la tourn\u00e9e am\u00e9ricaine estivale des juke-box heroes, pour laisser le micro au guitariste\u00a0<strong>Luis Maldonado<\/strong>. Pas de mauvais feeling entre lui et le reste du groupe, mais\u00a0\u00e0 64 ans, il estime tout simplement que le moment est venu pour lui de faire autre chose \u00ab tant que j&rsquo;en suis\u00a0encore capable \u00bb dit-il.<\/p>\n<p>Et toujours, pour les amateurs de d\u00e9couvertes musicales : <strong>Noiseweek<\/strong> sur HEAVY1 avec \u00ab Stranger To Love \u00bb de <strong>SENNA<\/strong> en album de la semaine ainsi que de nombreuses nouveaut\u00e9s. (<a href=\"https:\/\/heavy1.radio\/rss\/noiseweek-le-podcast-14\" target=\"_blank\" rel=\"noopener\">Podcast<\/a>)<\/p>\n<p style=\"text-align: center;\">\u200b<\/p>\n<p>\t\t\t\t\t\t\t<script async src=\"\/\/www.instagram.com\/embed.js\"><\/script><\/p>\n","protected":false},"excerpt":{"rendered":"&#13; \u200bL&rsquo;actualit\u00e9 musicale est tellement charg\u00e9e que certaines infos sont peut-\u00eatre pass\u00e9es sous votre radar. Petite s\u00e9ance de&hellip;\n","protected":false},"author":2,"featured_media":128820,"comment_status":"","ping_status":"","sticky":false,"template":"","format":"standard","meta":{"footnotes":""},"categories":[1355],"tags":[25305,25296,25310,25299,25312,25313,58,25295,25302,19220,59,9182,25303,1011,27,25314,25311,25292,25307,9194,25306,25300,25298,9156,1361,873,9154,25315,25301,9153,16674,25308,25309,25294,25293,9193,25297,25304],"class_list":{"0":"post-128819","1":"post","2":"type-post","3":"status-publish","4":"format-standard","5":"has-post-thumbnail","7":"category-musique","8":"tag-a-day-to-remember","9":"tag-axl-rose","10":"tag-blackbraid","11":"tag-blackrain","12":"tag-bruno-ramos","13":"tag-daniel-williams","14":"tag-divertissement","15":"tag-doro","16":"tag-doug-aldrich","17":"tag-electric-callboy","18":"tag-entertainment","19":"tag-falling-in-reverse","20":"tag-foreigner","21":"tag-fr","22":"tag-france","23":"tag-frank-zummo","24":"tag-grand-cadaver","25":"tag-iron-maiden","26":"tag-jay-weinberg","27":"tag-lhebdo","28":"tag-la-dispute","29":"tag-linkin-park","30":"tag-marilyn-manson","31":"tag-metallica","32":"tag-music","33":"tag-musique","34":"tag-on-refait-lactu","35":"tag-one-satellite","36":"tag-orianthi","37":"tag-planete-metal","38":"tag-senna","39":"tag-sinsaenum","40":"tag-sleep-token","41":"tag-sortilege","42":"tag-tony-iommi","43":"tag-top-100-rock-metal","44":"tag-trivium","45":"tag-warmen"},"share_on_mastodon":{"url":"","error":"Validation failed: Text character limit of 500 exceeded"},"_links":{"self":[{"href":"https:\/\/www.europesays.com\/fr\/wp-json\/wp\/v2\/posts\/128819","targetHints":{"allow":["GET"]}}],"collection":[{"href":"https:\/\/www.europesays.com\/fr\/wp-json\/wp\/v2\/posts"}],"about":[{"href":"https:\/\/www.europesays.com\/fr\/wp-json\/wp\/v2\/types\/post"}],"author":[{"embeddable":true,"href":"https:\/\/www.europesays.com\/fr\/wp-json\/wp\/v2\/users\/2"}],"replies":[{"embeddable":true,"href":"https:\/\/www.europesays.com\/fr\/wp-json\/wp\/v2\/comments?post=128819"}],"version-history":[{"count":0,"href":"https:\/\/www.europesays.com\/fr\/wp-json\/wp\/v2\/posts\/128819\/revisions"}],"wp:featuredmedia":[{"embeddable":true,"href":"https:\/\/www.europesays.com\/fr\/wp-json\/wp\/v2\/media\/128820"}],"wp:attachment":[{"href":"https:\/\/www.europesays.com\/fr\/wp-json\/wp\/v2\/media?parent=128819"}],"wp:term":[{"taxonomy":"category","embeddable":true,"href":"https:\/\/www.europesays.com\/fr\/wp-json\/wp\/v2\/categories?post=128819"},{"taxonomy":"post_tag","embeddable":true,"href":"https:\/\/www.europesays.com\/fr\/wp-json\/wp\/v2\/tags?post=128819"}],"curies":[{"name":"wp","href":"https:\/\/api.w.org\/{rel}","templated":true}]}}