{"id":128839,"date":"2025-05-26T08:42:21","date_gmt":"2025-05-26T08:42:21","guid":{"rendered":"https:\/\/www.europesays.com\/fr\/128839\/"},"modified":"2025-05-26T08:42:21","modified_gmt":"2025-05-26T08:42:21","slug":"le-mausa-h07-a-ouvert-ses-portes-a-novacieries","status":"publish","type":"post","link":"https:\/\/www.europesays.com\/fr\/128839\/","title":{"rendered":"le Mausa H07 a ouvert ses portes \u00e0 Novaci\u00e9ries"},"content":{"rendered":"<p>Pour son inauguration vendredi, comme pour l\u2019ouverture au public samedi d\u00e8s 11 heures, la foule a \u00e9t\u00e9 au rendez-vous pour le lancement du Mausa, le Mus\u00e9e d\u2019art urbain et du street art dans l\u2019immense halle 07 industrielle de Novaci\u00e9ries.<\/p>\n<p>Stanislas Belhomme, directeur et fondateur du mus\u00e9e ne cachait pas son enthousiasme vendredi soir\u00a0: \u00ab\u00a0Ce mus\u00e9e va \u00eatre extraordinaire, c\u2019est mon plus beau projet\u00a0!\u00a0\u00bb Ce lieu historique, qui produisait jadis des chars et des bateaux blind\u00e9s pour toutes les arm\u00e9es du monde, se mue aujourd\u2019hui en un espace de culture et de paix. Un site id\u00e9al pour l\u2019homme qui adore redonner vie \u00e0 des lieux de patrimoine \u00ab\u00a0endormis ou abandonn\u00e9s gr\u00e2ce \u00e0 l\u2019art urbain\u00a0\u00bb tout en&#8230;<\/p>\n","protected":false},"excerpt":{"rendered":"Pour son inauguration vendredi, comme pour l\u2019ouverture au public samedi d\u00e8s 11 heures, la foule a \u00e9t\u00e9 au&hellip;\n","protected":false},"author":2,"featured_media":128840,"comment_status":"","ping_status":"","sticky":false,"template":"","format":"standard","meta":{"footnotes":""},"categories":[9653],"tags":[1111,11,2430,1687,7539,1777,674,107,1011,27,3367,12,2661,25,9669,9670,4001,10806],"class_list":{"0":"post-128839","1":"post","2":"type-post","3":"status-publish","4":"format-standard","5":"has-post-thumbnail","7":"category-saint-etienne","8":"tag-actu","9":"tag-actualites","10":"tag-auvergne-rhone-alpes","11":"tag-culture-loisirs","12":"tag-edition-loire-sud","13":"tag-eu","14":"tag-europe","15":"tag-fil-info","16":"tag-fr","17":"tag-france","18":"tag-loire","19":"tag-news","20":"tag-patrimoine-culturel","21":"tag-republique-francaise","22":"tag-saint-chamond","23":"tag-saint-chamond-ville","24":"tag-saint-etienne","25":"tag-selection-de-la-redaction-42"},"share_on_mastodon":{"url":"https:\/\/pubeurope.com\/@fr\/114573249496383545","error":""},"_links":{"self":[{"href":"https:\/\/www.europesays.com\/fr\/wp-json\/wp\/v2\/posts\/128839","targetHints":{"allow":["GET"]}}],"collection":[{"href":"https:\/\/www.europesays.com\/fr\/wp-json\/wp\/v2\/posts"}],"about":[{"href":"https:\/\/www.europesays.com\/fr\/wp-json\/wp\/v2\/types\/post"}],"author":[{"embeddable":true,"href":"https:\/\/www.europesays.com\/fr\/wp-json\/wp\/v2\/users\/2"}],"replies":[{"embeddable":true,"href":"https:\/\/www.europesays.com\/fr\/wp-json\/wp\/v2\/comments?post=128839"}],"version-history":[{"count":0,"href":"https:\/\/www.europesays.com\/fr\/wp-json\/wp\/v2\/posts\/128839\/revisions"}],"wp:featuredmedia":[{"embeddable":true,"href":"https:\/\/www.europesays.com\/fr\/wp-json\/wp\/v2\/media\/128840"}],"wp:attachment":[{"href":"https:\/\/www.europesays.com\/fr\/wp-json\/wp\/v2\/media?parent=128839"}],"wp:term":[{"taxonomy":"category","embeddable":true,"href":"https:\/\/www.europesays.com\/fr\/wp-json\/wp\/v2\/categories?post=128839"},{"taxonomy":"post_tag","embeddable":true,"href":"https:\/\/www.europesays.com\/fr\/wp-json\/wp\/v2\/tags?post=128839"}],"curies":[{"name":"wp","href":"https:\/\/api.w.org\/{rel}","templated":true}]}}