{"id":128841,"date":"2025-05-26T08:43:07","date_gmt":"2025-05-26T08:43:07","guid":{"rendered":"https:\/\/www.europesays.com\/fr\/128841\/"},"modified":"2025-05-26T08:43:07","modified_gmt":"2025-05-26T08:43:07","slug":"pres-de-saint-etienne-un-violent-accident-eclate-deux-personnes-dans-un-etat-grave","status":"publish","type":"post","link":"https:\/\/www.europesays.com\/fr\/128841\/","title":{"rendered":"Pr\u00e8s de Saint-\u00c9tienne. Un violent accident \u00e9clate, deux personnes dans un \u00e9tat grave"},"content":{"rendered":"<p>            Par<br \/>\n        <strong><br \/>\n            <a href=\"https:\/\/actu.fr\/auteur\/julien-sournies\" title=\"Consulter tous les articles de Julien Sournies\" rel=\"nofollow noopener\" target=\"_blank\">Julien Sournies<\/a><br \/>\n        <\/strong><\/p>\n<p>        Publi\u00e9 le<\/p>\n<p>            26 mai 2025 \u00e0 10h39        <\/p>\n<p>Un <strong>terrible accident<\/strong> est survenu sur les routes lig\u00e9riennes ce week-end.<\/p>\n<p class=\" wall-content\">Une collision impliquant une voiture et une moto s\u2019est en effet produite sur la RD 19 \u00e0 hauteur de la commune de Pelussin (<a href=\"https:\/\/actu.fr\/auvergne-rhone-alpes\/loire_42\" rel=\"nofollow noopener\" target=\"_blank\">Loire<\/a>), pr\u00e8s de <a href=\"https:\/\/actu.fr\/saint-etienne\/\" rel=\"nofollow noopener\" target=\"_blank\">Saint-\u00c9tienne<\/a>, ce samedi 24\u00a0mai 2025 aux alentours de 18\u00a0heures, rapportent les sapeurs-pompiers.<\/p>\n<p>Les deux passagers de la moto en urgence absolue<\/p>\n<p class=\" wall-content\">Rapidement d\u00e9p\u00each\u00e9s sur les lieux, les secours, \u00e9paul\u00e9s par un v\u00e9hicule du Samu 69 et deux h\u00e9licopt\u00e8res de la S\u00e9curit\u00e9 civile, ont fait \u00e9tat de <strong>cinq victimes<\/strong>.<\/p>\n<p>    <a href=\"https:\/\/www.google.com\/maps\/embed?pb=!1m18!1m12!1m3!1d71407.55219635845!2d4.505240638779938!3d45.42353086775986!2m3!1f0!2f0!3f0!3m2!1i1024!2i768!4f13.1!3m3!1m2!1s0x47f51b5c78af6169%3A0x4093cafcbe80e70!2s42410%20P%C3%A9lussin!5e1!3m2!1sfr!2sfr!4v1748247790580!5m2!1sfr!2sfr\" title=\"Ouvrie le lien\" rel=\"nofollow noopener\" target=\"_blank\">Cliquez ici pour visualiser le contenu<\/a><\/p>\n<p class=\" wall-content\">Si les trois personnes pr\u00e9sentes \u00e0 bord de la voiture n\u2019ont pas \u00e9t\u00e9 bless\u00e9es, les deux individus circulant sur le deux-roues ont \u00e9t\u00e9 transport\u00e9s en <strong>urgence absolue<\/strong> vers l\u2019h\u00f4pital Lyon-Sud, \u00e0 Pierre-B\u00e9nite (Rh\u00f4ne).<\/p>\n<p>Vid\u00e9os : en ce moment sur Actu<\/p>\n<p class=\" wall-content\">\u00c0 noter que pas moins de quatorze sapeurs-pompiers ont \u00e9t\u00e9 sollicit\u00e9s au cours de cette intervention.<\/p>\n<p class=\" wall-content\">Suivez toute l\u2019actualit\u00e9 de vos villes et m\u00e9dias favoris en vous inscrivant \u00e0 <a href=\"https:\/\/moncompte.actu.fr\" title=\"D\u00e9couvez Mon Actu\" rel=\"nofollow noopener\" data-trk=\"{&quot;cta&quot;:{&quot;action&quot;:&quot;https:\\\/\\\/moncompte.actu.fr&quot;,&quot;category&quot;:&quot;mon compte&quot;,&quot;from&quot;:&quot;article footer&quot;,&quot;name&quot;:&quot;Mon actu&quot;,&quot;type&quot;:&quot;cta&quot;}}\" target=\"_blank\">Mon Actu<\/a>.<\/p>\n","protected":false},"excerpt":{"rendered":"Par Julien Sournies Publi\u00e9 le 26 mai 2025 \u00e0 10h39 Un terrible accident est survenu sur les routes&hellip;\n","protected":false},"author":2,"featured_media":128842,"comment_status":"","ping_status":"","sticky":false,"template":"","format":"standard","meta":{"footnotes":""},"categories":[9653],"tags":[119,1111,11,2430,3542,1777,674,118,1011,27,12,1311,25,4001],"class_list":{"0":"post-128841","1":"post","2":"type-post","3":"status-publish","4":"format-standard","5":"has-post-thumbnail","7":"category-saint-etienne","8":"tag-accident","9":"tag-actu","10":"tag-actualites","11":"tag-auvergne-rhone-alpes","12":"tag-circulation","13":"tag-eu","14":"tag-europe","15":"tag-faits-divers","16":"tag-fr","17":"tag-france","18":"tag-news","19":"tag-pompiers","20":"tag-republique-francaise","21":"tag-saint-etienne"},"share_on_mastodon":{"url":"https:\/\/pubeurope.com\/@fr\/114573253173780173","error":""},"_links":{"self":[{"href":"https:\/\/www.europesays.com\/fr\/wp-json\/wp\/v2\/posts\/128841","targetHints":{"allow":["GET"]}}],"collection":[{"href":"https:\/\/www.europesays.com\/fr\/wp-json\/wp\/v2\/posts"}],"about":[{"href":"https:\/\/www.europesays.com\/fr\/wp-json\/wp\/v2\/types\/post"}],"author":[{"embeddable":true,"href":"https:\/\/www.europesays.com\/fr\/wp-json\/wp\/v2\/users\/2"}],"replies":[{"embeddable":true,"href":"https:\/\/www.europesays.com\/fr\/wp-json\/wp\/v2\/comments?post=128841"}],"version-history":[{"count":0,"href":"https:\/\/www.europesays.com\/fr\/wp-json\/wp\/v2\/posts\/128841\/revisions"}],"wp:featuredmedia":[{"embeddable":true,"href":"https:\/\/www.europesays.com\/fr\/wp-json\/wp\/v2\/media\/128842"}],"wp:attachment":[{"href":"https:\/\/www.europesays.com\/fr\/wp-json\/wp\/v2\/media?parent=128841"}],"wp:term":[{"taxonomy":"category","embeddable":true,"href":"https:\/\/www.europesays.com\/fr\/wp-json\/wp\/v2\/categories?post=128841"},{"taxonomy":"post_tag","embeddable":true,"href":"https:\/\/www.europesays.com\/fr\/wp-json\/wp\/v2\/tags?post=128841"}],"curies":[{"name":"wp","href":"https:\/\/api.w.org\/{rel}","templated":true}]}}