{"id":128845,"date":"2025-05-26T08:47:16","date_gmt":"2025-05-26T08:47:16","guid":{"rendered":"https:\/\/www.europesays.com\/fr\/128845\/"},"modified":"2025-05-26T08:47:16","modified_gmt":"2025-05-26T08:47:16","slug":"rencontres-litteraires-au-fil-du-var","status":"publish","type":"post","link":"https:\/\/www.europesays.com\/fr\/128845\/","title":{"rendered":"rencontres litt\u00e9raires au fil du Var"},"content":{"rendered":"<p>\t\t\t\t\t\t\t\tToulon, les nouveaux vendredis litt\u00e9raires, \u00e0 compter du 30 mai 2025<\/p>\n<p>A Toulon, l\u2019heure est \u00e0 de nouvelles d\u00e9couvertes litt\u00e9raires\u00a0! <strong>A compter du 30 mai 2025,<\/strong> Shana Brown et son \u00e9quipe organisent des rendez-vous r\u00e9guliers avec des auteurs s\u00e9lectionn\u00e9s avec beaucoup d\u2019attention pour susciter des d\u00e9bats, cr\u00e9er des envies, bousculer des id\u00e9es.<\/p>\n<p>Ces rencontres invitent les lecteurs et amoureux du livre \u00e0 dialoguer avec des auteurs confirm\u00e9s, mais aussi \u00e0 d\u00e9couvrir de nouveaux talents et styles d\u2019\u00e9criture.<\/p>\n<p>La trame de ces moments d\u2019\u00e9change\u00a0?\u00a0Des interactions avec l\u2019invit\u00e9 du jour, sous la houlette d\u2019un(e) mod\u00e9rateur(rice), la lecture d\u2019extraits du livre, des r\u00e9ponses aux questions des visiteurs et lecteurs avis\u00e9s.<\/p>\n<p>\u00c0 l\u2019issue de la rencontre, la librairie partenaire proposera l\u2019ouvrage \u00e0 la vente et organisera une s\u00e9ance de d\u00e9dicaces dans un cadre convivial et amical.<\/p>\n<p><img loading=\"lazy\" decoding=\"async\" class=\"size-full wp-image-54028\" src=\"https:\/\/www.europesays.com\/fr\/wp-content\/uploads\/2025\/05\/toulon-rencontres-litterraires-info83.jpg\" alt=\"Toulon : rencontres litt\u00e9raires\" width=\"557\" height=\"800\"  \/>Toulon : rencontres litt\u00e9raires au fil du Var. L\u2019heure est \u00e0 de nouvelles d\u00e9couvertes litt\u00e9raires\u00a0! rendez-vous \u00e0 compter du 30 mai 2025<br \/>\nDates des prochains rendez-vous \u00e0 Toulon : rencontres litt\u00e9raires au fil du Var<\/p>\n<ul>\n<li>30 mai 2025 : Ekanga Shungu, journaliste \u00e9crivain \u2013 \u00ab\u00a0Chez nous on ne pleure pas\u00a0\u00bb, \u00c9ditions Onya<br \/><strong>L\u2019Histoire d\u2019une blessure<\/strong><\/li>\n<li>6 juin 2025 : Olivier Surel, auteur ni\u00e7ois \u2013 \u00ab\u00a0Sous les feuilles d\u2019Amazonie\u00a0\u00bb, \u00c9ditions Spinelle<br \/><strong>La Guyane au coeur<\/strong><\/li>\n<li>13 juin 2025 : Diane L. Okoumba Simbou, plume varoise \u2013 \u00ab\u00a0Comment aimer son job\u00a0?\u00a0\u00bb, Presses du Midi<br \/><strong>Monde du travail, ton univers impitoyable<\/strong><\/li>\n<li>26 septembre 2025 : Jo\u00ebl Roy, romancier essayiste \u2013 \u00ab\u00a0M\u00e8res du Fleuve\u00a0\u00bb, \u00c9ditions Mahury<br \/><strong>Violence de la guerre civile du Surinam<\/strong><\/li>\n<\/ul>\n<p><strong>\u00a0<\/strong>Les nouvelles dates de ces Vendredis Litt\u00e9raires seront prochainement communiqu\u00e9es.<\/p>\n<p>Des rendez-vous \u00e0 ne pas manquer\u00a0!<\/p>\n<p>Pour participer \u00e0 ces rencontres<\/p>\n<p>le public a rendez-vous \u00e0 La Salle, 223, rue Henri Poincar\u00e9<br \/>Toulon (La Rode),<br \/>tous les vendredis, de 19 h \u00e0 22 h.<br \/>La participation est de 5 euros, \u00e0 r\u00e9gler d\u2019avance par carte bancaire <a href=\"https:\/\/pay.sumup.com\/b2c\/QGNB4S1M\" target=\"_blank\" rel=\"noopener\">ici<\/a><br \/>Contact : Shana Brown \u2013 T\u00e9l. 06 68 93 42 53 \u2013 <a href=\"http:\/\/rencontrelitteraireaufilduvar@gmail.com\" target=\"_blank\" rel=\"noopener\">Mail <\/a><\/p>\n<p><strong>A voir aussi :<\/strong><\/p>\n<p class=\"jeg_post_title\"><a href=\"https:\/\/www.info83.fr\/diane-laure-okoumba-simbou-croire-en-ses-reves-malgre-tout\/\" target=\"_blank\" rel=\"noopener\">Diane Laure Okoumba Simbou : croire en ses r\u00eaves, malgr\u00e9 tout !<\/a><\/p>\n<p><strong><img decoding=\"async\" class=\"emoji\" role=\"img\" draggable=\"false\" src=\"https:\/\/www.europesays.com\/fr\/wp-content\/uploads\/2025\/04\/1f538.svg.svg+xml\" alt=\"\ud83d\udd38\" data-pin-no-hover=\"true\"\/>Info83, le Var proche de vous<br \/><\/strong><\/p>\n<p><img decoding=\"async\" class=\"emoji\" role=\"img\" draggable=\"false\" src=\"https:\/\/www.europesays.com\/fr\/wp-content\/uploads\/2025\/04\/27a1.svg.svg+xml\" alt=\"\u27a1\ufe0f\" data-pin-no-hover=\"true\"\/>\u00a0<a href=\"https:\/\/bit.ly\/2OZZMMK\" target=\"_blank\" rel=\"noopener noreferrer\">Facebook Info83<\/a><\/p>\n<p><img decoding=\"async\" class=\"emoji\" role=\"img\" draggable=\"false\" src=\"https:\/\/www.europesays.com\/fr\/wp-content\/uploads\/2025\/04\/27a1.svg.svg+xml\" alt=\"\u27a1\ufe0f\" data-pin-no-hover=\"true\"\/>\u00a0<a href=\"https:\/\/bit.ly\/2ONkTC9\" target=\"_blank\" rel=\"noopener noreferrer\">Youtube Info83<\/a><\/p>\n<p>\u00a0<\/p>\n","protected":false},"excerpt":{"rendered":"Toulon, les nouveaux vendredis litt\u00e9raires, \u00e0 compter du 30 mai 2025 A Toulon, l\u2019heure est \u00e0 de nouvelles&hellip;\n","protected":false},"author":2,"featured_media":128846,"comment_status":"","ping_status":"","sticky":false,"template":"","format":"standard","meta":{"footnotes":""},"categories":[9619],"tags":[1111,11,1777,674,1011,27,12,882,25316,20139,25,2310],"class_list":{"0":"post-128845","1":"post","2":"type-post","3":"status-publish","4":"format-standard","5":"has-post-thumbnail","7":"category-toulon","8":"tag-actu","9":"tag-actualites","10":"tag-eu","11":"tag-europe","12":"tag-fr","13":"tag-france","14":"tag-news","15":"tag-provence-alpes-cote-dazur","16":"tag-rencontre-litteraire","17":"tag-rencontres-litteraires","18":"tag-republique-francaise","19":"tag-toulon"},"share_on_mastodon":{"url":"https:\/\/pubeurope.com\/@fr\/114573269014346570","error":""},"_links":{"self":[{"href":"https:\/\/www.europesays.com\/fr\/wp-json\/wp\/v2\/posts\/128845","targetHints":{"allow":["GET"]}}],"collection":[{"href":"https:\/\/www.europesays.com\/fr\/wp-json\/wp\/v2\/posts"}],"about":[{"href":"https:\/\/www.europesays.com\/fr\/wp-json\/wp\/v2\/types\/post"}],"author":[{"embeddable":true,"href":"https:\/\/www.europesays.com\/fr\/wp-json\/wp\/v2\/users\/2"}],"replies":[{"embeddable":true,"href":"https:\/\/www.europesays.com\/fr\/wp-json\/wp\/v2\/comments?post=128845"}],"version-history":[{"count":0,"href":"https:\/\/www.europesays.com\/fr\/wp-json\/wp\/v2\/posts\/128845\/revisions"}],"wp:featuredmedia":[{"embeddable":true,"href":"https:\/\/www.europesays.com\/fr\/wp-json\/wp\/v2\/media\/128846"}],"wp:attachment":[{"href":"https:\/\/www.europesays.com\/fr\/wp-json\/wp\/v2\/media?parent=128845"}],"wp:term":[{"taxonomy":"category","embeddable":true,"href":"https:\/\/www.europesays.com\/fr\/wp-json\/wp\/v2\/categories?post=128845"},{"taxonomy":"post_tag","embeddable":true,"href":"https:\/\/www.europesays.com\/fr\/wp-json\/wp\/v2\/tags?post=128845"}],"curies":[{"name":"wp","href":"https:\/\/api.w.org\/{rel}","templated":true}]}}