{"id":128856,"date":"2025-05-26T08:55:17","date_gmt":"2025-05-26T08:55:17","guid":{"rendered":"https:\/\/www.europesays.com\/fr\/128856\/"},"modified":"2025-05-26T08:55:17","modified_gmt":"2025-05-26T08:55:17","slug":"une-fillette-se-noie-et-est-heliportee-sur-grenoble","status":"publish","type":"post","link":"https:\/\/www.europesays.com\/fr\/128856\/","title":{"rendered":"Une fillette se noie et est h\u00e9liport\u00e9e sur Grenoble"},"content":{"rendered":"<p><strong>secours &#8211; L\u2019enfant de moins de 5 ans se serait noy\u00e9e dans une mare \u00e0 poissons sur un terrain priv\u00e9 \u00e0 Sevrier (Haute-Savoie)<\/strong><\/p>\n<p>De nombreux services de secours ont \u00e9t\u00e9 mobilis\u00e9s dimanche apr\u00e8s qu\u2019une fillette se noie dans une mare \u00e0 poisson sur un terrain priv\u00e9 \u00e0 Sevrier, en Haute-Savoie.<\/p>\n<p>Selon <a href=\"https:\/\/www.ledauphine.com\/faits-divers-justice\/2025\/05\/25\/importante-operation-de-secours-en-cours-a-sevrier?at_medium=RSS%20feed&amp;at_campaign=ynews&amp;utm_source=yahoo&amp;utm_medium=rss&amp;utm_campaign=news_feed&amp;utm_content=in_article_link\" rel=\"nofollow noopener\" target=\"_blank\" data-ylk=\"slk:Le Dauphin\u00e9 Lib\u00e9r\u00e9;elm:context_link;itc:0;sec:content-canvas\" class=\"link \">Le Dauphin\u00e9 Lib\u00e9r\u00e9<\/a>, qui rapporte l\u2019accident, un h\u00e9licopt\u00e8re de la S\u00e9curit\u00e9 civile s\u2019est pos\u00e9 apr\u00e8s 9 heures le long de la <a href=\"https:\/\/hautesavoie.fr\/en-pratique\/routes\/les-grands-travaux\/route-departemental-1508\/?at_medium=RSS%20feed&amp;at_campaign=ynews&amp;utm_source=yahoo&amp;utm_medium=rss&amp;utm_campaign=news_feed&amp;utm_content=in_article_link\" rel=\"nofollow noopener\" target=\"_blank\" data-ylk=\"slk:RD 1508;elm:context_link;itc:0;sec:content-canvas\" class=\"link \">RD 1508<\/a>, \u00e0 proximit\u00e9 du camping \u00ab Au c\u0153ur du lac \u00bb, entre Albertville et Annecy, entra\u00eenant une coupure du trafic pendant une heure et demie.<\/p>\n<p>Bassin d\u2019agr\u00e9ment<\/p>\n<p>La fillette a \u00e9t\u00e9 h\u00e9liport\u00e9e au centre hospitalier de Grenoble o\u00f9 elle a \u00e9t\u00e9 prise en charge. Sa m\u00e8re est \u00e0 ses c\u00f4t\u00e9s.<\/p>\n<p>Selon le maire de la commune, <a href=\"https:\/\/www.mon-maire.fr\/maire-de-sevrier-74\/?at_medium=RSS%20feed&amp;at_campaign=ynews&amp;utm_source=yahoo&amp;utm_medium=rss&amp;utm_campaign=news_feed&amp;utm_content=in_article_link\" rel=\"nofollow noopener\" target=\"_blank\" data-ylk=\"slk:Bruno Lyonnaz;elm:context_link;itc:0;sec:content-canvas\" class=\"link \">Bruno Lyonnaz<\/a>, l\u2019enfant de moins de 5 ans \u00e9tait en visite chez son oncle. Elle se serait noy\u00e9e dans un bassin d\u2019agr\u00e9ment pr\u00e9sent sur le terrain. \u00ab Nous sommes tous sous le choc, ce qu\u2019il s\u2019est pass\u00e9 est terrible, dramatique \u00bb, a rapport\u00e9 l\u2019\u00e9dile de la petite ville.<\/p>\n<p><a href=\"https:\/\/www.20minutes.fr\/faits_divers\/4155397-20250526-haute-savoie-fillette-noie-heliportee-grenoble?at_medium=RSS%20feed&amp;at_campaign=ynews&amp;utm_source=yahoo&amp;utm_medium=rss&amp;utm_campaign=news_feed&amp;utm_content=read_more_link\" rel=\"nofollow noopener\" target=\"_blank\" data-ylk=\"slk:Lire la suite sur 20minutes;elm:context_link;itc:0;sec:content-canvas\" class=\"link \">Lire la suite sur 20minutes<\/a><\/p>\n<p>\u00c0 lire aussi :<br \/><a href=\"https:\/\/www.20minutes.fr\/faits_divers\/4152975-20250512-haute-savoie-deux-pompiers-frappes-lors-intervention?at_medium=RSS%20feed&amp;at_campaign=ynews&amp;utm_source=yahoo&amp;utm_medium=rss&amp;utm_campaign=news_feed&amp;utm_content=related_content_link\" rel=\"nofollow noopener\" target=\"_blank\" data-ylk=\"slk:Haute-Savoie : Deux pompiers frapp\u00e9s lors d\u2019une intervention;elm:context_link;itc:0;sec:content-canvas\" class=\"link \">Haute-Savoie : Deux pompiers frapp\u00e9s lors d\u2019une intervention<\/a><br \/><a href=\"https:\/\/www.20minutes.fr\/lyon\/1883815-20160707-haute-savoie-fillette-4-ans-noie-lac-leman?at_medium=RSS%20feed&amp;at_campaign=ynews&amp;utm_source=yahoo&amp;utm_medium=rss&amp;utm_campaign=news_feed&amp;utm_content=related_content_link\" rel=\"nofollow noopener\" target=\"_blank\" data-ylk=\"slk:Haute-Savoie: Une fillette de 4 ans se noie dans le lac L\u00e9man;elm:context_link;itc:0;sec:content-canvas\" class=\"link \">Haute-Savoie: Une fillette de 4 ans se noie dans le lac L\u00e9man<\/a><\/p>\n","protected":false},"excerpt":{"rendered":"secours &#8211; L\u2019enfant de moins de 5 ans se serait noy\u00e9e dans une mare \u00e0 poissons sur un&hellip;\n","protected":false},"author":2,"featured_media":128857,"comment_status":"","ping_status":"","sticky":false,"template":"","format":"standard","meta":{"footnotes":""},"categories":[9566],"tags":[1111,11,2430,25317,25320,25318,1777,674,1011,27,2731,4638,25319,12,25,25321],"class_list":{"0":"post-128856","1":"post","2":"type-post","3":"status-publish","4":"format-standard","5":"has-post-thumbnail","7":"category-grenoble","8":"tag-actu","9":"tag-actualites","10":"tag-auvergne-rhone-alpes","11":"tag-bassin-dagrement","12":"tag-bruno-lyonnaz","13":"tag-centre-hospitalier-de-grenoble","14":"tag-eu","15":"tag-europe","16":"tag-fr","17":"tag-france","18":"tag-grenoble","19":"tag-haute-savoie","20":"tag-le-dauphine-libere","21":"tag-news","22":"tag-republique-francaise","23":"tag-sevrier"},"share_on_mastodon":{"url":"https:\/\/pubeurope.com\/@fr\/114573300387493485","error":""},"_links":{"self":[{"href":"https:\/\/www.europesays.com\/fr\/wp-json\/wp\/v2\/posts\/128856","targetHints":{"allow":["GET"]}}],"collection":[{"href":"https:\/\/www.europesays.com\/fr\/wp-json\/wp\/v2\/posts"}],"about":[{"href":"https:\/\/www.europesays.com\/fr\/wp-json\/wp\/v2\/types\/post"}],"author":[{"embeddable":true,"href":"https:\/\/www.europesays.com\/fr\/wp-json\/wp\/v2\/users\/2"}],"replies":[{"embeddable":true,"href":"https:\/\/www.europesays.com\/fr\/wp-json\/wp\/v2\/comments?post=128856"}],"version-history":[{"count":0,"href":"https:\/\/www.europesays.com\/fr\/wp-json\/wp\/v2\/posts\/128856\/revisions"}],"wp:featuredmedia":[{"embeddable":true,"href":"https:\/\/www.europesays.com\/fr\/wp-json\/wp\/v2\/media\/128857"}],"wp:attachment":[{"href":"https:\/\/www.europesays.com\/fr\/wp-json\/wp\/v2\/media?parent=128856"}],"wp:term":[{"taxonomy":"category","embeddable":true,"href":"https:\/\/www.europesays.com\/fr\/wp-json\/wp\/v2\/categories?post=128856"},{"taxonomy":"post_tag","embeddable":true,"href":"https:\/\/www.europesays.com\/fr\/wp-json\/wp\/v2\/tags?post=128856"}],"curies":[{"name":"wp","href":"https:\/\/api.w.org\/{rel}","templated":true}]}}