{"id":128858,"date":"2025-05-26T08:56:06","date_gmt":"2025-05-26T08:56:06","guid":{"rendered":"https:\/\/www.europesays.com\/fr\/128858\/"},"modified":"2025-05-26T08:56:06","modified_gmt":"2025-05-26T08:56:06","slug":"universite-science-ecologie-le-depute-europeen-thomas-pellerin-carlin-a-rennes-mercredi","status":"publish","type":"post","link":"https:\/\/www.europesays.com\/fr\/128858\/","title":{"rendered":"Universit\u00e9, science, \u00e9cologie\u2026 Le d\u00e9put\u00e9 europ\u00e9en Thomas Pellerin-Carlin \u00e0 Rennes, mercredi"},"content":{"rendered":"<p>Le d\u00e9put\u00e9 europ\u00e9en Thomas Pellerin-Carlin se rendra \u00e0 <a href=\"https:\/\/rennes.maville.com\/info\/info-locale\/\" target=\"_blank\" rel=\"noopener\">Rennes <\/a>(Ille-et-Vilaine), mercredi 28\u00a0mai, dans le cadre d\u2019un d\u00e9placement organis\u00e9 par la section de Place Publique \u2013 Ille-et-Vilaine.<\/p>\n<p>Il se rendra \u00e0 l\u2019Universit\u00e9 de Rennes, pour un \u00e9change consacr\u00e9 aux enjeux de r\u00e9novation des b\u00e2timents, avec le pr\u00e9sident de l\u2019universit\u00e9. Avec les chercheurs et le personnel de l\u2019universit\u00e9, il conversera autour du <a href=\"https:\/\/rennes.maville.com\/actu\/actudet_-journee-stand-up-for-science-le-president-de-l-universite-de-rennes-affiche-sa-solidarite-_7-6747381_actu.Htm\" target=\"_blank\" rel=\"noopener\">mouvement <\/a>   <a href=\"https:\/\/rennes.maville.com\/actu\/actudet_-journee-stand-up-for-science-le-president-de-l-universite-de-rennes-affiche-sa-solidarite-_7-6747381_actu.Htm\" target=\"_blank\" rel=\"noopener\">Stand Up for Science<\/a>  . D e 18\u00a0h\u00a030 \u00e0 20\u00a0h, il organise une r\u00e9union publique \u00e0 Rennes, salle du Jeu de Paume, d\u00e9di\u00e9e aux d\u00e9fis locaux et europ\u00e9ens de la transition \u00e9cologique (transition \u00e9nerg\u00e9tique, r\u00e9industrialisation, r\u00e9duction des in\u00e9galit\u00e9s\u2026).<\/p>\n<p>Au Parlement europ\u00e9en<\/p>\n<p>Avant de devenir eurod\u00e9put\u00e9, Thomas Pellerin-Carlin \u00e9tait chercheur sp\u00e9cialis\u00e9 dans la transition \u00e9cologique et \u00e9nerg\u00e9tique, d\u2019abord \u00e0 l\u2019institut Jacques-Delors, puis \u00e0 l\u2019Institut de l\u2019\u00e9conomie pour le climat (I4CE).<\/p>\n<p>Dans la continuit\u00e9 de ses travaux ant\u00e9rieurs, il si\u00e8ge d\u00e9sormais au Parlement europ\u00e9en dans la commission ITRE, d\u00e9di\u00e9e \u00e0 l\u2019industrie, \u00e0 la recherche et \u00e0 l\u2019\u00e9nergie, ainsi que dans la commission environnement.<\/p>\n<p>\u00a0<\/p>\n","protected":false},"excerpt":{"rendered":"Le d\u00e9put\u00e9 europ\u00e9en Thomas Pellerin-Carlin se rendra \u00e0 Rennes (Ille-et-Vilaine), mercredi 28\u00a0mai, dans le cadre d\u2019un d\u00e9placement organis\u00e9&hellip;\n","protected":false},"author":2,"featured_media":128859,"comment_status":"","ping_status":"","sticky":false,"template":"","format":"standard","meta":{"footnotes":""},"categories":[2821],"tags":[1111,11,829,422,51,1777,674,13378,1011,27,6774,12,25322,3086,584,25,43,9134,5768],"class_list":{"0":"post-128858","1":"post","2":"type-post","3":"status-publish","4":"format-standard","5":"has-post-thumbnail","7":"category-rennes","8":"tag-actu","9":"tag-actualites","10":"tag-bretagne","11":"tag-depute","12":"tag-ecologie","13":"tag-eu","14":"tag-europe","15":"tag-europeen","16":"tag-fr","17":"tag-france","18":"tag-mercredi","19":"tag-news","20":"tag-pellerin-carlin","21":"tag-redon","22":"tag-rennes","23":"tag-republique-francaise","24":"tag-science","25":"tag-thomas","26":"tag-universite"},"share_on_mastodon":{"url":"https:\/\/pubeurope.com\/@fr\/114573304311193398","error":""},"_links":{"self":[{"href":"https:\/\/www.europesays.com\/fr\/wp-json\/wp\/v2\/posts\/128858","targetHints":{"allow":["GET"]}}],"collection":[{"href":"https:\/\/www.europesays.com\/fr\/wp-json\/wp\/v2\/posts"}],"about":[{"href":"https:\/\/www.europesays.com\/fr\/wp-json\/wp\/v2\/types\/post"}],"author":[{"embeddable":true,"href":"https:\/\/www.europesays.com\/fr\/wp-json\/wp\/v2\/users\/2"}],"replies":[{"embeddable":true,"href":"https:\/\/www.europesays.com\/fr\/wp-json\/wp\/v2\/comments?post=128858"}],"version-history":[{"count":0,"href":"https:\/\/www.europesays.com\/fr\/wp-json\/wp\/v2\/posts\/128858\/revisions"}],"wp:featuredmedia":[{"embeddable":true,"href":"https:\/\/www.europesays.com\/fr\/wp-json\/wp\/v2\/media\/128859"}],"wp:attachment":[{"href":"https:\/\/www.europesays.com\/fr\/wp-json\/wp\/v2\/media?parent=128858"}],"wp:term":[{"taxonomy":"category","embeddable":true,"href":"https:\/\/www.europesays.com\/fr\/wp-json\/wp\/v2\/categories?post=128858"},{"taxonomy":"post_tag","embeddable":true,"href":"https:\/\/www.europesays.com\/fr\/wp-json\/wp\/v2\/tags?post=128858"}],"curies":[{"name":"wp","href":"https:\/\/api.w.org\/{rel}","templated":true}]}}