{"id":128860,"date":"2025-05-26T08:57:08","date_gmt":"2025-05-26T08:57:08","guid":{"rendered":"https:\/\/www.europesays.com\/fr\/128860\/"},"modified":"2025-05-26T08:57:08","modified_gmt":"2025-05-26T08:57:08","slug":"quatre-patineuses-locminoises-a-rennes-sur-roulettes","status":"publish","type":"post","link":"https:\/\/www.europesays.com\/fr\/128860\/","title":{"rendered":"Quatre patineuses locminoises \u00e0 Rennes sur roulettes"},"content":{"rendered":"<p>Dimanche 25 mai, quatre patineuses repr\u00e9sentaient les couleurs du CPAL (club de patinage de Locmin\u00e9) pour l\u2019\u00e9v\u00e9nement \u00e9tape de la Coupe du Monde marathon\u00a0: Rennes sur Roulettes. Chacune dans leurs cat\u00e9gories a r\u00e9alis\u00e9 une belle performance. En d\u00e9but d\u2019apr\u00e8s midi, Zelia et Yuna Nizan \u00e9taient aux d\u00e9parts des courses jeunes et se sont bien class\u00e9es\u00a0: Z\u00e9lia, 4e en super mini\/mini et Yuna, 2e en poussine.<\/p>\n<p>\u00c0 15\u00a0h\u00a030, c\u2019\u00e9tait le d\u00e9part du Marathon international pour Jann Boutt\u00e9 et Julia Nizan. Julia, s\u2019est class\u00e9e 7e en 1\u00a0h\u00a013 27, Jann Boutt\u00e9, 22e en 1\u00a0h\u00a019 53, de bons r\u00e9sultats pour ces deux patineuses \u00e9galement.<\/p>\n","protected":false},"excerpt":{"rendered":"Dimanche 25 mai, quatre patineuses repr\u00e9sentaient les couleurs du CPAL (club de patinage de Locmin\u00e9) pour l\u2019\u00e9v\u00e9nement \u00e9tape&hellip;\n","protected":false},"author":2,"featured_media":128861,"comment_status":"","ping_status":"","sticky":false,"template":"","format":"standard","meta":{"footnotes":""},"categories":[2821],"tags":[1111,11,829,1777,674,1011,27,22567,12,584,25],"class_list":{"0":"post-128860","1":"post","2":"type-post","3":"status-publish","4":"format-standard","5":"has-post-thumbnail","7":"category-rennes","8":"tag-actu","9":"tag-actualites","10":"tag-bretagne","11":"tag-eu","12":"tag-europe","13":"tag-fr","14":"tag-france","15":"tag-locmine","16":"tag-news","17":"tag-rennes","18":"tag-republique-francaise"},"share_on_mastodon":{"url":"https:\/\/pubeurope.com\/@fr\/114573308578841921","error":""},"_links":{"self":[{"href":"https:\/\/www.europesays.com\/fr\/wp-json\/wp\/v2\/posts\/128860","targetHints":{"allow":["GET"]}}],"collection":[{"href":"https:\/\/www.europesays.com\/fr\/wp-json\/wp\/v2\/posts"}],"about":[{"href":"https:\/\/www.europesays.com\/fr\/wp-json\/wp\/v2\/types\/post"}],"author":[{"embeddable":true,"href":"https:\/\/www.europesays.com\/fr\/wp-json\/wp\/v2\/users\/2"}],"replies":[{"embeddable":true,"href":"https:\/\/www.europesays.com\/fr\/wp-json\/wp\/v2\/comments?post=128860"}],"version-history":[{"count":0,"href":"https:\/\/www.europesays.com\/fr\/wp-json\/wp\/v2\/posts\/128860\/revisions"}],"wp:featuredmedia":[{"embeddable":true,"href":"https:\/\/www.europesays.com\/fr\/wp-json\/wp\/v2\/media\/128861"}],"wp:attachment":[{"href":"https:\/\/www.europesays.com\/fr\/wp-json\/wp\/v2\/media?parent=128860"}],"wp:term":[{"taxonomy":"category","embeddable":true,"href":"https:\/\/www.europesays.com\/fr\/wp-json\/wp\/v2\/categories?post=128860"},{"taxonomy":"post_tag","embeddable":true,"href":"https:\/\/www.europesays.com\/fr\/wp-json\/wp\/v2\/tags?post=128860"}],"curies":[{"name":"wp","href":"https:\/\/api.w.org\/{rel}","templated":true}]}}