{"id":128864,"date":"2025-05-26T08:59:15","date_gmt":"2025-05-26T08:59:15","guid":{"rendered":"https:\/\/www.europesays.com\/fr\/128864\/"},"modified":"2025-05-26T08:59:15","modified_gmt":"2025-05-26T08:59:15","slug":"mercato-strasbourg-marc-keller-on-va-conserver-une-base-et-ajouter-de-la-qualite","status":"publish","type":"post","link":"https:\/\/www.europesays.com\/fr\/128864\/","title":{"rendered":"Mercato Strasbourg &#8211; Marc Keller : \u00ab On va conserver une base et ajouter de la qualit\u00e9 \u00bb"},"content":{"rendered":"<p style=\"text-align: justify;\">Arriv\u00e9 7e de <strong>Ligue 1<\/strong>, <strong>Strasbourg<\/strong> disputera bien le barrage de Ligue Europa Conf\u00e9rence l\u2019\u00e9t\u00e9 prochain. La qualification est officielle depuis samedi soir et la victoire finale du Paris Saint-Germain en Coupe de France contre Reims. Interrog\u00e9 par les <a href=\"https:\/\/www.dna.fr\/\" target=\"_blank\" rel=\"noopener\">Derni\u00e8res Nouvelles d\u2019Alsace<\/a>, le pr\u00e9sident <strong>Marc<\/strong> <strong>Keller<\/strong> trace les grandes lignes du mercato. L\u2019\u00e9t\u00e9 devrait \u00eatre agit\u00e9, notamment dans le sens des d\u00e9parts.<\/p>\n<p style=\"text-align: justify;\">\u00c0 lire aussi &gt;&gt; <a href=\"https:\/\/maligue2.fr\/2025\/05\/25\/mercato-nancy-michael-chretien-recruter-cinq-ou-six-joueurs\/\" target=\"_blank\" rel=\"noopener\">Mercato Nancy \u2013 Micha\u00ebl Chr\u00e9tien : \u00ab Recruter cinq ou six joueurs \u00bb<\/a><\/p>\n<p style=\"text-align: justify;\">\u00ab Il y a aura des mouvements, c\u2019est une \u00e9vidence. De fa\u00e7on naturelle, comme pour Djordje Petrovic et Andrey Santos qui vont retourner \u00e0 Chelsea [\u2026] Ensuite, il y a la promesse que j\u2019ai faite \u00e0 notre capitaine Habib Diarra. Quand il a prolong\u00e9 son contrat voil\u00e0 deux ans, je lui avais garanti un bon de sortie en juin 2025. Si les offres sont \u00e0 la hauteur, il pourra partir [\u2026] En dehors peut-$etre du Real et du PSG, tout le monde est oblig\u00e9 de faire des transferts. \u00c7a fait partie de la vie d\u2019un club, notamment pour respecter le fair-play financier europ\u00e9en qui ne fonctionne pas sur les m\u00eame ratios que la DNCG en France. Nos d\u00e9penses doivent \u00eatre en ad\u00e9quation avec nos recettes. Sachant que l\u2019on sort d\u2019une saison avec une Meinau en jauge r\u00e9duite et des droits TV \u00e0 la baisse [\u2026] On va conserver une base et ajouter de la qualit\u00e9. \u00bb<\/p>\n<p style=\"text-align: justify;\">Photo \u00a9Icon Sport<\/p>\n<p>\t\t&#13;<br \/>\n&#13;<\/p>\n","protected":false},"excerpt":{"rendered":"Arriv\u00e9 7e de Ligue 1, Strasbourg disputera bien le barrage de Ligue Europa Conf\u00e9rence l\u2019\u00e9t\u00e9 prochain. La qualification&hellip;\n","protected":false},"author":2,"featured_media":128865,"comment_status":"","ping_status":"","sticky":false,"template":"","format":"standard","meta":{"footnotes":""},"categories":[2820],"tags":[12165,1111,11,1777,674,1011,27,775,25323,12,25,640],"class_list":{"0":"post-128864","1":"post","2":"type-post","3":"status-publish","4":"format-standard","5":"has-post-thumbnail","7":"category-strasbourg","8":"tag-alaune6","9":"tag-actu","10":"tag-actualites","11":"tag-eu","12":"tag-europe","13":"tag-fr","14":"tag-france","15":"tag-grand-est","16":"tag-marc-keller","17":"tag-news","18":"tag-republique-francaise","19":"tag-strasbourg"},"share_on_mastodon":{"url":"https:\/\/pubeurope.com\/@fr\/114573316127939707","error":""},"_links":{"self":[{"href":"https:\/\/www.europesays.com\/fr\/wp-json\/wp\/v2\/posts\/128864","targetHints":{"allow":["GET"]}}],"collection":[{"href":"https:\/\/www.europesays.com\/fr\/wp-json\/wp\/v2\/posts"}],"about":[{"href":"https:\/\/www.europesays.com\/fr\/wp-json\/wp\/v2\/types\/post"}],"author":[{"embeddable":true,"href":"https:\/\/www.europesays.com\/fr\/wp-json\/wp\/v2\/users\/2"}],"replies":[{"embeddable":true,"href":"https:\/\/www.europesays.com\/fr\/wp-json\/wp\/v2\/comments?post=128864"}],"version-history":[{"count":0,"href":"https:\/\/www.europesays.com\/fr\/wp-json\/wp\/v2\/posts\/128864\/revisions"}],"wp:featuredmedia":[{"embeddable":true,"href":"https:\/\/www.europesays.com\/fr\/wp-json\/wp\/v2\/media\/128865"}],"wp:attachment":[{"href":"https:\/\/www.europesays.com\/fr\/wp-json\/wp\/v2\/media?parent=128864"}],"wp:term":[{"taxonomy":"category","embeddable":true,"href":"https:\/\/www.europesays.com\/fr\/wp-json\/wp\/v2\/categories?post=128864"},{"taxonomy":"post_tag","embeddable":true,"href":"https:\/\/www.europesays.com\/fr\/wp-json\/wp\/v2\/tags?post=128864"}],"curies":[{"name":"wp","href":"https:\/\/api.w.org\/{rel}","templated":true}]}}