{"id":128866,"date":"2025-05-26T09:00:08","date_gmt":"2025-05-26T09:00:08","guid":{"rendered":"https:\/\/www.europesays.com\/fr\/128866\/"},"modified":"2025-05-26T09:00:08","modified_gmt":"2025-05-26T09:00:08","slug":"il-y-aura-bientot-des-cameras-de-surveillance-dans-certains-halls-de-hlm-a-nice","status":"publish","type":"post","link":"https:\/\/www.europesays.com\/fr\/128866\/","title":{"rendered":"Il y aura bient\u00f4t des cam\u00e9ras de surveillance dans certains halls de HLM \u00e0 Nice"},"content":{"rendered":"<p>Les \u00e9lus ni\u00e7ois, r\u00e9unis en conseil municipal vendredi 23 mai, ont vot\u00e9 une convention \u00ab\u00a0qui autorise la transmission des images prises dans les parties communes des immeubles \u00e0 usage d\u2019habitation dont C\u00f4te d\u2019Azur habitat [CAh] a la gestion, vers le Centre de supervision urbain\u00a0\u00bb. En clair, il s\u2019agit d\u2019installer au sein des immeubles des cam\u00e9ras qui seront reli\u00e9es au CSU comme les quelque 4.500 d\u00e9j\u00e0 d\u00e9ploy\u00e9es \u00e0 Nice, et dont les images pourront \u00eatre visionn\u00e9es en direct par des agents de la police municipale.<\/p>\n<p>Les images ne seront pas enregistr\u00e9es<\/p>\n<p>Avec deux nuances par rapport aux cam\u00e9ras de voie publique: les cam\u00e9ras ne seront actives qu\u2019en cas de d\u00e9clenchement. Et les images transmises du bailleur vers le CSU ne seront pas enregistr\u00e9es. <strong>Elles resteront la propri\u00e9t\u00e9 du bailleur<\/strong>, seul habilit\u00e9 \u00e0 proc\u00e9der \u00e0 leur enregistrement et \u00e0 <strong>les conserver pour une dur\u00e9e de 30 jours maximum<\/strong>, sauf en cas de r\u00e9quisition judiciaire.<\/p>\n<p>Nuisances, attroupements probl\u00e9matiques, trafics en tous genres, atteintes graves aux biens ou aux personnes, vols, d\u00e9gradations causant un dommage grave, incendies volontaires, attroupement et occupation abusifs: si la tranquillit\u00e9 des riverains est menac\u00e9e, la cam\u00e9ra sera d\u00e9clench\u00e9e et cela permettra, affirme Christian Estrosi, \u00ab\u00a0d\u2019<strong>identifier en temps r\u00e9el si une intervention est n\u00e9cessaire et de d\u00e9ployer les forces de police sur le terrain<\/strong>\u00ab\u00a0.<\/p>\n<p>\u00ab\u00a0La lutte contre la d\u00e9linquance n\u2019est pas seulement un enjeu s\u00e9curitaire, c\u2019est aussi un combat pour pr\u00e9server la qualit\u00e9 de vie des Ni\u00e7ois et leur bien-\u00eatre collectif. Les troubles li\u00e9s \u00e0 l\u2019ins\u00e9curit\u00e9, qu\u2019il s\u2019agisse d\u2019incivilit\u00e9s, de nuisances ou d\u2019actes plus graves, affectent le quotidien de chacun d\u2019entre nous\u00a0\u00bb, a encore fait valoir le maire de Nice.<\/p>\n<p>\u00ab\u00a0Jouissance paisible\u00a0\u00bb<\/p>\n<p>\u00ab\u00a0Avec cette nouvelle convention, C\u00f4te d\u2019Azur habitat renforce ses moyens pour assurer la jouissance paisible de ses locataires, de son personnel et des services intervenants. Nous intensifions notre collaboration avec les forces de l\u2019ordre car la s\u00e9curit\u00e9 de nos locataires est non n\u00e9gociable\u00a0\u00bb, a rench\u00e9ri son adjoint \u00e0 la S\u00e9curit\u00e9, Anthony Borr\u00e9, \u00e9galement pr\u00e9sident du bailleur social. Il pr\u00e9cise qu\u2019une \u00ab\u00a0dizaine de hall d\u2019immeuble ont \u00e9t\u00e9 identifi\u00e9s\u00a0\u00bb, notamment aux Moulins, \u00e0 l\u2019ouest de Nice.<\/p>\n<p>L\u2019extr\u00eame droite demande un bilan apr\u00e8s 6 mois<\/p>\n<p>Une initiative salu\u00e9e par le groupe d\u2019extr\u00eame droite Retrouver Nice, par la voix de l\u2019\u00e9lu Thierry Venem. \u00ab\u00a0Nous faisons face \u00e0 des d\u00e9linquants et criminels bien organis\u00e9s qui pourrissent la vie des Ni\u00e7ois et en partie celle des plus expos\u00e9s, les locataires de notre parc de logements sociaux. Je ne peux que me f\u00e9liciter de cette initiative qui s\u2019inscrit pleinement dans la volont\u00e9 de renforcer la s\u00e9curit\u00e9 et la tranquillit\u00e9 des habitants des logements sociaux en luttant contre ceux qui leur font vivre un v\u00e9ritable enfer\u00a0\u00bb, a comment\u00e9 l\u2019\u00e9lu d\u2019opposition. Il demande cependant, \u00ab\u00a0afin de garantir l\u2019efficacit\u00e9 et la pertinence de ce dispositif, de programmer d\u2019ores et d\u00e9j\u00e0 un point d\u2019\u00e9tape \u00e0 6 mois\u00a0\u00bb.<\/p>\n<p>Un bilan qui permettra, dit-il, \u00a0\u00bb d\u2019\u00e9valuer les r\u00e9sultats obtenus, d\u2019identifier d\u2019\u00e9ventuels dysfonctionnements et d\u2019apporter les ajustements n\u00e9cessaires\u00a0\u00bb.<\/p>\n","protected":false},"excerpt":{"rendered":"Les \u00e9lus ni\u00e7ois, r\u00e9unis en conseil municipal vendredi 23 mai, ont vot\u00e9 une convention \u00ab\u00a0qui autorise la transmission&hellip;\n","protected":false},"author":2,"featured_media":128867,"comment_status":"","ping_status":"","sticky":false,"template":"","format":"standard","meta":{"footnotes":""},"categories":[2819],"tags":[1111,11,1777,674,1011,27,12,2401,882,25,3366],"class_list":{"0":"post-128866","1":"post","2":"type-post","3":"status-publish","4":"format-standard","5":"has-post-thumbnail","7":"category-nice","8":"tag-actu","9":"tag-actualites","10":"tag-eu","11":"tag-europe","12":"tag-fr","13":"tag-france","14":"tag-news","15":"tag-nice","16":"tag-provence-alpes-cote-dazur","17":"tag-republique-francaise","18":"tag-vie-locale"},"share_on_mastodon":{"url":"https:\/\/pubeurope.com\/@fr\/114573320071309620","error":""},"_links":{"self":[{"href":"https:\/\/www.europesays.com\/fr\/wp-json\/wp\/v2\/posts\/128866","targetHints":{"allow":["GET"]}}],"collection":[{"href":"https:\/\/www.europesays.com\/fr\/wp-json\/wp\/v2\/posts"}],"about":[{"href":"https:\/\/www.europesays.com\/fr\/wp-json\/wp\/v2\/types\/post"}],"author":[{"embeddable":true,"href":"https:\/\/www.europesays.com\/fr\/wp-json\/wp\/v2\/users\/2"}],"replies":[{"embeddable":true,"href":"https:\/\/www.europesays.com\/fr\/wp-json\/wp\/v2\/comments?post=128866"}],"version-history":[{"count":0,"href":"https:\/\/www.europesays.com\/fr\/wp-json\/wp\/v2\/posts\/128866\/revisions"}],"wp:featuredmedia":[{"embeddable":true,"href":"https:\/\/www.europesays.com\/fr\/wp-json\/wp\/v2\/media\/128867"}],"wp:attachment":[{"href":"https:\/\/www.europesays.com\/fr\/wp-json\/wp\/v2\/media?parent=128866"}],"wp:term":[{"taxonomy":"category","embeddable":true,"href":"https:\/\/www.europesays.com\/fr\/wp-json\/wp\/v2\/categories?post=128866"},{"taxonomy":"post_tag","embeddable":true,"href":"https:\/\/www.europesays.com\/fr\/wp-json\/wp\/v2\/tags?post=128866"}],"curies":[{"name":"wp","href":"https:\/\/api.w.org\/{rel}","templated":true}]}}