{"id":128870,"date":"2025-05-26T09:02:09","date_gmt":"2025-05-26T09:02:09","guid":{"rendered":"https:\/\/www.europesays.com\/fr\/128870\/"},"modified":"2025-05-26T09:02:09","modified_gmt":"2025-05-26T09:02:09","slug":"a-nantes-une-soiree-des-ambassadeurs-du-handicap-sous-le-signe-de-la-generosite","status":"publish","type":"post","link":"https:\/\/www.europesays.com\/fr\/128870\/","title":{"rendered":"\u00c0 Nantes, une Soir\u00e9e des Ambassadeurs du Handicap sous le signe de la g\u00e9n\u00e9rosit\u00e9"},"content":{"rendered":"<p>Publi\u00e9 par Soizick David, le 26 Mai 2025 \u00e0 10:10<\/p>\n<p itemprop=\"description\" class=\"chapo\">Plus de 126 000 \u20ac ont \u00e9t\u00e9 collect\u00e9s au cours de la soir\u00e9e par des donateurs engag\u00e9s pour l&#8217;emploi des personnes en situation de handicap.<\/p>\n<p>\n160 personnalit\u00e9s \u00e9taient pr\u00e9sentes le 14 mai dernier \u00e0 la 7\u00e8me Soir\u00e9e des Ambassadeurs du Handicap \u00a9 SaintNazaireNews.fr\n<\/p>\n<p>En 2019, <strong>Yves-Olivier Lenormand<\/strong>, d\u00e9l\u00e9gu\u00e9 r\u00e9gional d\u2019Airbus D\u00e9veloppement et pr\u00e9sident du Girpeh Pays de la Loire, initiait \u00e0 Nantes le <strong>Comit\u00e9 des Ambassadeurs du Handicap<\/strong>, en partenariat avec la<strong> Team 303<\/strong> et <strong>Airbus<\/strong>. Depuis, cette initiative rassemble des dirigeants d\u2019entreprises publiques et priv\u00e9es unis par un m\u00eame engagement : favoriser l\u2019emploi des personnes en situation de handicap, tout en soutenant des projets solidaires. Le 14 mai dernier, la 7\u1d49 soir\u00e9e des Ambassadeurs, organis\u00e9e au Mus\u00e9e des Beaux-Arts de Nantes a suscit\u00e9 leur nouvel \u00e9lan de solidarit\u00e9 massif.\u00a0<\/p>\n<p>Des doudous pour redonner un sourire aux enfants op\u00e9r\u00e9s<\/p>\n<p><strong>160 personnalit\u00e9s<\/strong> du monde \u00e9conomique, politique, culturel et sportif, participaient \u00e0 la 7\u00e8me soir\u00e9e des amabassadeurs, au sein du Mus\u00e9e des Beaux Arts de Nantes. Un job dating et une visite du mus\u00e9e pr\u00e9c\u00e9daient ce temps fort. \u00ab Les ambassadeurs du handicap ont r\u00e9pondu une nouvelle fois pr\u00e9sent puisqu&rsquo;au total c&rsquo;est plus de 126 000\u20ac qui ont donc \u00e9t\u00e9 collect\u00e9s ! \u00bb se r\u00e9jouit Yves-Olivier Lenormand. Cette ann\u00e9e, l\u2019\u00e9v\u00e9nement mettait \u00e0 l\u2019honneur l\u2019association <strong>Les P\u2019tits Doudous<\/strong>, qui \u0153uvre \u00e0 am\u00e9liorer le v\u00e9cu des enfants op\u00e9r\u00e9s \u00e0 l\u2019h\u00f4pital. <strong>Nolwenn Febvre<\/strong>, fondatrice de l\u2019association, \u00e9tait pr\u00e9sente aux c\u00f4t\u00e9s du navigateur <strong>Armel Tripon<\/strong>, dont l\u2019Imoca Les P\u2019tits Doudous \u2013 construit \u00e0 partir de fibres de carbone a\u00e9ronautiques recycl\u00e9es \u2013 prendra le large en octobre pour la Transat Jacques Vabre. Ensemble, ils ont partag\u00e9 devant l&rsquo;assistance leur aventure humaine et solidaire.<\/p>\n<p>\u00a0Une soir\u00e9e catalyseur d&rsquo;initiatives<\/p>\n<p>Un ch\u00e8que de\u00a0<strong>35 000\u20ac<\/strong> a \u00e9t\u00e9 remis \u00e0 l&rsquo;association, et une vente aux ench\u00e8res d&rsquo;oeuvre d&rsquo;arts et de lots en lien avec le sport a permis de r\u00e9colter <strong>36 000\u20ac <\/strong>suppl\u00e9mentaires pour les enfants op\u00e9r\u00e9s. Une collecte a \u00e9t\u00e9 lanc\u00e9e aupr\u00e8s du grand public par Solidarit\u00e9 Grand Ouest, abond\u00e9e par EDF et le Girpeh Pays de la Loire. Elle atteint \u00e0 ce jour plus de 50 000 \u20ac. Un ch\u00e8que de 35000\u20ac a \u00e9galement \u00e9t\u00e9 remis au <strong>Fonds M\u00e9tropolitain de la Culture<\/strong> pour financer l&rsquo;achat d&rsquo;une oeuvre de Pierrick Sorin pour le Mus\u00e9e d&rsquo;Arts de Nantes. Une nouvelle preuve a \u00e9t\u00e9 faite ce soir-l\u00e0 que les causes avancent lorsque le talents et les convictions se rassemblent, et que des actions concr\u00e8tes peuvent faire une vraie diff\u00e9rence.<\/p>\n","protected":false},"excerpt":{"rendered":"Publi\u00e9 par Soizick David, le 26 Mai 2025 \u00e0 10:10 Plus de 126 000 \u20ac ont \u00e9t\u00e9 collect\u00e9s&hellip;\n","protected":false},"author":2,"featured_media":128871,"comment_status":"","ping_status":"","sticky":false,"template":"","format":"standard","meta":{"footnotes":""},"categories":[2818],"tags":[1111,11,3723,1777,674,1011,27,1114,766,13694,12,2636,25,3213],"class_list":{"0":"post-128870","1":"post","2":"type-post","3":"status-publish","4":"format-standard","5":"has-post-thumbnail","7":"category-nantes","8":"tag-actu","9":"tag-actualites","10":"tag-actus","11":"tag-eu","12":"tag-europe","13":"tag-fr","14":"tag-france","15":"tag-infos","16":"tag-nantes","17":"tag-nazaire","18":"tag-news","19":"tag-pays-de-la-loire","20":"tag-republique-francaise","21":"tag-saint"},"share_on_mastodon":{"url":"https:\/\/pubeurope.com\/@fr\/114573327972252916","error":""},"_links":{"self":[{"href":"https:\/\/www.europesays.com\/fr\/wp-json\/wp\/v2\/posts\/128870","targetHints":{"allow":["GET"]}}],"collection":[{"href":"https:\/\/www.europesays.com\/fr\/wp-json\/wp\/v2\/posts"}],"about":[{"href":"https:\/\/www.europesays.com\/fr\/wp-json\/wp\/v2\/types\/post"}],"author":[{"embeddable":true,"href":"https:\/\/www.europesays.com\/fr\/wp-json\/wp\/v2\/users\/2"}],"replies":[{"embeddable":true,"href":"https:\/\/www.europesays.com\/fr\/wp-json\/wp\/v2\/comments?post=128870"}],"version-history":[{"count":0,"href":"https:\/\/www.europesays.com\/fr\/wp-json\/wp\/v2\/posts\/128870\/revisions"}],"wp:featuredmedia":[{"embeddable":true,"href":"https:\/\/www.europesays.com\/fr\/wp-json\/wp\/v2\/media\/128871"}],"wp:attachment":[{"href":"https:\/\/www.europesays.com\/fr\/wp-json\/wp\/v2\/media?parent=128870"}],"wp:term":[{"taxonomy":"category","embeddable":true,"href":"https:\/\/www.europesays.com\/fr\/wp-json\/wp\/v2\/categories?post=128870"},{"taxonomy":"post_tag","embeddable":true,"href":"https:\/\/www.europesays.com\/fr\/wp-json\/wp\/v2\/tags?post=128870"}],"curies":[{"name":"wp","href":"https:\/\/api.w.org\/{rel}","templated":true}]}}