{"id":128883,"date":"2025-05-26T09:09:10","date_gmt":"2025-05-26T09:09:10","guid":{"rendered":"https:\/\/www.europesays.com\/fr\/128883\/"},"modified":"2025-05-26T09:09:10","modified_gmt":"2025-05-26T09:09:10","slug":"lille-ce-groupe-mythique-des-annees-80-sera-en-concert-gratuit-ce-week-end","status":"publish","type":"post","link":"https:\/\/www.europesays.com\/fr\/128883\/","title":{"rendered":"Lille. Ce groupe mythique des ann\u00e9es 80 sera en concert gratuit ce week-end\u00a0!"},"content":{"rendered":"<p>            Par<br \/>\n        <strong><br \/>\n            <a href=\"https:\/\/actu.fr\/auteur\/nicolas-demollien\" title=\"Consulter tous les articles de Nicolas Demollien\" rel=\"nofollow noopener\" target=\"_blank\">Nicolas Demollien<\/a><br \/>\n        <\/strong><\/p>\n<p>        Publi\u00e9 le<\/p>\n<p>            26 mai 2025 \u00e0 10h55        <\/p>\n<p>Avis aux <b>nostalgiques <\/b>et aux <b>fans des ann\u00e9es 80<\/b> ! Ce samedi 31 mai 2025, un <b>groupe mythique de cette p\u00e9riode<\/b> sera en <a href=\"https:\/\/actu.fr\/loisirs-culture\/concert\" rel=\"nofollow noopener\" target=\"_blank\">concert<\/a> <b>gratuit<\/b> \u00e0 <a href=\"https:\/\/actu.fr\/hauts-de-france\/lille_59350\" rel=\"nofollow noopener\" target=\"_blank\">Lille<\/a> (Nord) pour ce qui promet d\u2019ores et d\u00e9j\u00e0 d\u2019\u00eatre un grand show. Cela se passera \u00e0 la <b>Maison Folie Wazemmes<\/b>, sur une <b>grande sc\u00e8ne en plein air<\/b>, pour le Village W mis en place par les Flonflons.<\/p>\n<p>Ce groupe des ann\u00e9es 80 en concert gratuit \u00e0 Lille<\/p>\n<p class=\" wall-content\">Ce groupe, ce sera <b>La Compagnie Cr\u00e9ole<\/b> ! Autant dire qu\u2019ils devraient enflammer la salle avec leurs plus grands tubes, du Bal Masqu\u00e9 \u00e0 C\u2019est bon pour le moral, en passant par Vive le Douanier Rousseau ! Un grand moment en perspective.<\/p>\n<p class=\" wall-content\">La <b>r\u00e9servation est gratuite <\/b>et se fait <a href=\"https:\/\/shop.weeztix.com\/260b79f7-b9e0-4e2d-b24e-295a3c5295e2\/tickets?fbclid=IwY2xjawKhAeRleHRuA2FlbQIxMABicmlkETBqSmFDU0JJU2d1dzBQZ2tRAR7AzZQh6aDVj9H5kK4Ak_vBb6DIufJn2_UpkCYv9NiLZ08BO7tiM1iqlUYcLw_aem_TkOljch1ZKh9SZO-HkUawA&amp;shop_code=tqedknqx&amp;original_referer=https%3A%2F%2Fl.facebook.com%2F\" rel=\"nofollow noopener\" target=\"_blank\">via ce lien.<\/a><\/p>\n<p class=\" wall-content\">Le groupe se produira de 22h15 \u00e0 23h45. Mais ce n\u2019est pas tout ! Avant cela, vous pourrez profiter de la fanfare d\u00e8s 19h45 et des \u00ab\u00a0P\u2019tits Cons Bi\u00e8re\u00a0\u00bb de 20h15 \u00e0 21h45. Apr\u00e8s la Compagnie Cr\u00e9ole, place \u00e0 Boule qui se produira de 0h15 \u00e0 1h45.<\/p>\n<p class=\" wall-content\">Notons que la journ\u00e9e du lendemain s\u2019annonce \u00e9galement incroyable avec la mise en place d\u2019un <b>barbecue en mode auberge espagnole<\/b> d\u00e8s 12h. Il vous suffit de ramener votre viande et\/ou vos l\u00e9gumes. L\u2019inscription se fait au m\u00eame endroit que pour le concert.<\/p>\n<p>Vid\u00e9os : en ce moment sur Actu<\/p>\n<p class=\" wall-content\">L\u2019apr\u00e8s-midi, les <b>concerts vont \u00e9galement s\u2019encha\u00eener<\/b> avec Les Gambes ed min pied (14h15 \u2013 15h45), la fanfare Voa Voa (15h45 \u2013 16h15, 17h45 \u2013 18h15 et 19h45 \u2013 20h), Los Parceros Del Norte (16h15 \u2013 17h45), Gibraltar (18h15 \u2013 19h45) et Guts (20h \u2013 23h).<\/p>\n<p class=\" wall-content\">Suivez toute l\u2019actualit\u00e9 de vos villes et m\u00e9dias favoris en vous inscrivant \u00e0 <a href=\"https:\/\/moncompte.actu.fr\" title=\"D\u00e9couvez Mon Actu\" rel=\"nofollow noopener\" data-trk=\"{&quot;cta&quot;:{&quot;action&quot;:&quot;https:\\\/\\\/moncompte.actu.fr&quot;,&quot;category&quot;:&quot;mon compte&quot;,&quot;from&quot;:&quot;article footer&quot;,&quot;name&quot;:&quot;Mon actu&quot;,&quot;type&quot;:&quot;cta&quot;}}\" target=\"_blank\">Mon Actu<\/a>.<\/p>\n<ul class=\"ac-article-tag wall-content\">\n<li><a href=\"https:\/\/actu.fr\/tag\/bon-plan-a-lille\" data-trk=\"{&quot;cta&quot;:{&quot;action&quot;:&quot;Bon plan \\u00e0 Lille&quot;,&quot;category&quot;:&quot;tag&quot;,&quot;from&quot;:&quot;article footer&quot;,&quot;name&quot;:&quot;Bon plan \\u00e0 Lille&quot;,&quot;type&quot;:&quot;cta&quot;}}\" rel=\"nofollow noopener\" target=\"_blank\">#Bon plan \u00e0 Lille<\/a><\/li>\n<li><a href=\"https:\/\/actu.fr\/tag\/concert\" data-trk=\"{&quot;cta&quot;:{&quot;action&quot;:&quot;Concert&quot;,&quot;category&quot;:&quot;tag&quot;,&quot;from&quot;:&quot;article footer&quot;,&quot;name&quot;:&quot;Concert&quot;,&quot;type&quot;:&quot;cta&quot;}}\" rel=\"nofollow noopener\" target=\"_blank\">#Concert<\/a><\/li>\n<\/ul>\n","protected":false},"excerpt":{"rendered":"Par Nicolas Demollien Publi\u00e9 le 26 mai 2025 \u00e0 10h55 Avis aux nostalgiques et aux fans des ann\u00e9es&hellip;\n","protected":false},"author":2,"featured_media":128884,"comment_status":"","ping_status":"","sticky":false,"template":"","format":"standard","meta":{"footnotes":""},"categories":[2815],"tags":[1111,11,6557,1697,1777,674,1011,27,811,1307,1652,12,25],"class_list":{"0":"post-128883","1":"post","2":"type-post","3":"status-publish","4":"format-standard","5":"has-post-thumbnail","7":"category-lille","8":"tag-actu","9":"tag-actualites","10":"tag-bon-plan-a-lille","11":"tag-concert","12":"tag-eu","13":"tag-europe","14":"tag-fr","15":"tag-france","16":"tag-hauts-de-france","17":"tag-lille","18":"tag-loisirs-culture","19":"tag-news","20":"tag-republique-francaise"},"share_on_mastodon":{"url":"https:\/\/pubeurope.com\/@fr\/114573355534568157","error":""},"_links":{"self":[{"href":"https:\/\/www.europesays.com\/fr\/wp-json\/wp\/v2\/posts\/128883","targetHints":{"allow":["GET"]}}],"collection":[{"href":"https:\/\/www.europesays.com\/fr\/wp-json\/wp\/v2\/posts"}],"about":[{"href":"https:\/\/www.europesays.com\/fr\/wp-json\/wp\/v2\/types\/post"}],"author":[{"embeddable":true,"href":"https:\/\/www.europesays.com\/fr\/wp-json\/wp\/v2\/users\/2"}],"replies":[{"embeddable":true,"href":"https:\/\/www.europesays.com\/fr\/wp-json\/wp\/v2\/comments?post=128883"}],"version-history":[{"count":0,"href":"https:\/\/www.europesays.com\/fr\/wp-json\/wp\/v2\/posts\/128883\/revisions"}],"wp:featuredmedia":[{"embeddable":true,"href":"https:\/\/www.europesays.com\/fr\/wp-json\/wp\/v2\/media\/128884"}],"wp:attachment":[{"href":"https:\/\/www.europesays.com\/fr\/wp-json\/wp\/v2\/media?parent=128883"}],"wp:term":[{"taxonomy":"category","embeddable":true,"href":"https:\/\/www.europesays.com\/fr\/wp-json\/wp\/v2\/categories?post=128883"},{"taxonomy":"post_tag","embeddable":true,"href":"https:\/\/www.europesays.com\/fr\/wp-json\/wp\/v2\/tags?post=128883"}],"curies":[{"name":"wp","href":"https:\/\/api.w.org\/{rel}","templated":true}]}}