{"id":128885,"date":"2025-05-26T09:10:09","date_gmt":"2025-05-26T09:10:09","guid":{"rendered":"https:\/\/www.europesays.com\/fr\/128885\/"},"modified":"2025-05-26T09:10:09","modified_gmt":"2025-05-26T09:10:09","slug":"un-colis-suspect-provoque-la-fermeture-de-la-gare-routiere-et-un-perimetre-de-securite-a-saint-charles","status":"publish","type":"post","link":"https:\/\/www.europesays.com\/fr\/128885\/","title":{"rendered":"un colis suspect provoque la fermeture de la gare routi\u00e8re et un p\u00e9rim\u00e8tre de s\u00e9curit\u00e9 \u00e0 Saint-Charles"},"content":{"rendered":"<p>Ce matin \u00e0 Marseille, la gare routi\u00e8re a ferm\u00e9 durant pr\u00e8s d&rsquo;une heure. La raison : un colis suspect qui a provoqu\u00e9 l&rsquo;\u00e9vacuation des lieux comme d&rsquo;une partie de <a href=\"https:\/\/www.laprovence.com\/article\/region\/6251881504128614\/evacuation-de-la-gare-saint-charles-de-marseille-des-trains-supprimes-et-des-retards-importants-ce-lundi-matin\" target=\"_blank\" rel=\"noopener\">la gare Saint-Charles<\/a>, celle situ\u00e9e \u00e0 proximit\u00e9 du d\u00e9part et de l&rsquo;arriv\u00e9e des cars. Entre 7h30 et 8h15\/30, les voyageurs en car ont d\u00fb descendre avant l&rsquo;arriv\u00e9e dans la gare routi\u00e8re et prendre leur transport aussi \u00e0 l&rsquo;ext\u00e9rieur.<\/p>\n<p>Les trains ont aussi \u00e9t\u00e9 \u00e0 l&rsquo;arr\u00eat sur les voies situ\u00e9es en bout de gare. Ce qui a occasionn\u00e9 des retards sur certaines lignes sans pour autant engendrer des suppressions de trains, nous indique la SNCF.<\/p>\n<p>Les d\u00e9mineurs se sont d\u00e9plac\u00e9s pour v\u00e9rifier que le bagage abandonn\u00e9 \u00e9tait compl\u00e8tement inoffensif. Ce qui a permis de rouvrir toutes les zones ferm\u00e9es assez rapidement au final. Pour rappel, les bagages oubli\u00e9s par les voyageurs repr\u00e9sentent une v\u00e9ritable plaie (fermetures, retards, suppressions), principalement pour les trains.<\/p>\n","protected":false},"excerpt":{"rendered":"Ce matin \u00e0 Marseille, la gare routi\u00e8re a ferm\u00e9 durant pr\u00e8s d&rsquo;une heure. La raison : un colis&hellip;\n","protected":false},"author":2,"featured_media":128886,"comment_status":"","ping_status":"","sticky":false,"template":"","format":"standard","meta":{"footnotes":""},"categories":[2814],"tags":[17,1111,11,12784,1777,674,274,13407,1011,27,7533,884,12,882,7481,25,25324,16022],"class_list":{"0":"post-128885","1":"post","2":"type-post","3":"status-publish","4":"format-standard","5":"has-post-thumbnail","7":"category-marseille","8":"tag-17","9":"tag-actu","10":"tag-actualites","11":"tag-colis","12":"tag-eu","13":"tag-europe","14":"tag-faits-divers-justice","15":"tag-fermeture","16":"tag-fr","17":"tag-france","18":"tag-gare","19":"tag-marseille","20":"tag-news","21":"tag-provence-alpes-cote-dazur","22":"tag-provoque","23":"tag-republique-francaise","24":"tag-routiere","25":"tag-suspect"},"share_on_mastodon":{"url":"https:\/\/pubeurope.com\/@fr\/114573359424723531","error":""},"_links":{"self":[{"href":"https:\/\/www.europesays.com\/fr\/wp-json\/wp\/v2\/posts\/128885","targetHints":{"allow":["GET"]}}],"collection":[{"href":"https:\/\/www.europesays.com\/fr\/wp-json\/wp\/v2\/posts"}],"about":[{"href":"https:\/\/www.europesays.com\/fr\/wp-json\/wp\/v2\/types\/post"}],"author":[{"embeddable":true,"href":"https:\/\/www.europesays.com\/fr\/wp-json\/wp\/v2\/users\/2"}],"replies":[{"embeddable":true,"href":"https:\/\/www.europesays.com\/fr\/wp-json\/wp\/v2\/comments?post=128885"}],"version-history":[{"count":0,"href":"https:\/\/www.europesays.com\/fr\/wp-json\/wp\/v2\/posts\/128885\/revisions"}],"wp:featuredmedia":[{"embeddable":true,"href":"https:\/\/www.europesays.com\/fr\/wp-json\/wp\/v2\/media\/128886"}],"wp:attachment":[{"href":"https:\/\/www.europesays.com\/fr\/wp-json\/wp\/v2\/media?parent=128885"}],"wp:term":[{"taxonomy":"category","embeddable":true,"href":"https:\/\/www.europesays.com\/fr\/wp-json\/wp\/v2\/categories?post=128885"},{"taxonomy":"post_tag","embeddable":true,"href":"https:\/\/www.europesays.com\/fr\/wp-json\/wp\/v2\/tags?post=128885"}],"curies":[{"name":"wp","href":"https:\/\/api.w.org\/{rel}","templated":true}]}}