{"id":128911,"date":"2025-05-26T09:27:17","date_gmt":"2025-05-26T09:27:17","guid":{"rendered":"https:\/\/www.europesays.com\/fr\/128911\/"},"modified":"2025-05-26T09:27:17","modified_gmt":"2025-05-26T09:27:17","slug":"le-royaume-uni-va-alourdir-les-sanctions-contre-la-russie","status":"publish","type":"post","link":"https:\/\/www.europesays.com\/fr\/128911\/","title":{"rendered":"Le Royaume-Uni va alourdir les sanctions contre la Russie"},"content":{"rendered":"<p>Lundi, cela fera trois ans que la Russie a envahi l&rsquo;Ukraine. Et le Royaume-Uni veut hausser le ton. C&rsquo;est le moment de \u00ab\u00a0serrer la vis contre la Russie de Poutine\u00a0\u00bb, a d\u00e9clar\u00e9 ce dimanche le ministre des Affaires \u00e9trang\u00e8res David Lammy.<\/p>\n<p>\u00ab\u00a0Demain, je pr\u00e9vois d&rsquo;annoncer le plus gros paquet de sanctions contre la Russie depuis les jours qui ont suivi le d\u00e9but de la guerre, pour \u00e9roder sa machine militaire et r\u00e9duire les revenus qui alimentent la destruction en Ukraine\u00a0\u00bb, a-t-il ajout\u00e9.<\/p>\n<p>Londres a d\u00e9j\u00e0 sanctionn\u00e9 plus de 1 900 individus et entit\u00e9s en r\u00e9ponse au lancement de l&rsquo;invasion de l&rsquo;Ukraine par la Russie le 24 f\u00e9vrier 2022. \u00ab\u00a0C&rsquo;est un moment critique dans l&rsquo;histoire de l&rsquo;Ukraine, de la Grande-Bretagne et de toute l&rsquo;Europe, a estim\u00e9 David Lammy, dont le pays est un soutien cl\u00e9 de Kiev. C&rsquo;est pourquoi il est temps pour l&rsquo;Europe de redoubler son soutien \u00e0 l&rsquo;Ukraine\u00a0\u00bb, a-t-il poursuivi.<\/p>\n<p>Un soutien financier<\/p>\n<p>Il a rappel\u00e9 que le Royaume-Uni restait engag\u00e9 \u00e0 fournir 3 milliards de livres (3,6 milliards d&rsquo;euros) d&rsquo;aide militaire par an \u00e0 Kiev et \u00e9tait pr\u00eat \u00e0 envoyer des soldats britanniques \u00ab\u00a0dans le cadre d&rsquo;une force de maintien de la paix si n\u00e9cessaire\u00a0\u00bb, dans l&rsquo;\u00e9ventualit\u00e9 d&rsquo;un cessez-le-feu.<\/p>\n<p>\u00ab\u00a0Nous travaillons avec les \u00c9tats-Unis et nos partenaires europ\u00e9ens pour parvenir \u00e0 une paix durable et juste, en \u00e9tant clairs sur le fait qu&rsquo;il ne peut rien se passer concernant l&rsquo;Ukraine sans l&rsquo;Ukraine\u00a0\u00bb, a-t-il dit.<\/p>\n<p>Depuis le d\u00e9but de la guerre en Ukraine, le Royaume-Uni a pris contre la Russie, en coordination avec ses partenaires notamment europ\u00e9ens,\u00a0de nombreux trains de sanctions, consistant en des gels d&rsquo;avoirs et des interdictions de voyage.<\/p>\n<p>Ces mesures ciblent notamment les secteurs financier, a\u00e9rien, militaire et \u00e9nerg\u00e9tique russes, ainsi que des individus proches du r\u00e9gime de Vladimir Poutine ou impliqu\u00e9s dans la guerre, y compris dans des pays tiers.<\/p>\n<p>De son c\u00f4t\u00e9, l&rsquo;Union europ\u00e9enne doit elle aussi adopter une nouvelle salve de sanctions contre la Russie, comprenant entre autres une interdiction d&rsquo;importer de l&rsquo;aluminium russe dans l&rsquo;UE.<\/p>\n<p>\u00c0 la rencontre de Trump<\/p>\n<p>Le Premier ministre britannique Keir Starmer doit se rendre jeudi \u00e0 Washington pour rencontrer Donald Trump, qui multiplie <a href=\"https:\/\/www.latribune.fr\/economie\/international\/ukraine-trump-veut-franchir-une-etape-dans-les-negociations-de-paix-1018931.html\" target=\"_blank\" rel=\"noopener\">les invectives \u00e0 l&rsquo;encontre du pr\u00e9sident ukrainien Volodymyr Zelensky<\/a>.<\/p>\n<p>Le pr\u00e9sident am\u00e9ricain a aussi accus\u00e9 le dirigeant travailliste et le pr\u00e9sident fran\u00e7ais Emmanuel Macron &#8211; <a href=\"https:\/\/www.latribune.fr\/economie\/international\/macron-a-washington-le-baroud-d-honneur-de-la-france-pour-l-ukraine-1018932.html\" target=\"_blank\" rel=\"noopener\">attendu lundi \u00e0 la Maison Blanche<\/a> &#8211; de n&rsquo;avoir \u00ab\u00a0rien fait\u00a0\u00bb pour mettre un terme \u00e0 la guerre.<\/p>\n<p>Les Europ\u00e9ens, d\u00e9sar\u00e7onn\u00e9s par <a href=\"https:\/\/www.latribune.fr\/economie\/international\/apres-un-echange-avec-poutine-trump-entrevoit-un-cessez-le-feu-en-ukraine-1018246.html\" target=\"_blank\" rel=\"noopener\">le soudain dialogue am\u00e9ricano-russe<\/a> sur l&rsquo;Ukraine, redoutent que Donald Trump mette fin \u00e0 la guerre \u00e0 des conditions favorables \u00e0 Moscou sans fournir de garanties de s\u00e9curit\u00e9 \u00e0 Kiev.<\/p>\n<p><strong>L&rsquo;appel de Zelensky \u00e0 l&rsquo;unit\u00e9<\/strong><\/p>\n<p>Le pr\u00e9sident ukrainien Volodymyr Zelensky a appel\u00e9 ce dimanche \u00e0 l&rsquo;unit\u00e9 des \u00c9tats-Unis et de l&rsquo;Europe en vue d&rsquo;une \u00ab\u00a0paix durable\u00a0\u00bb, \u00e0 la veille du troisi\u00e8me anniversaire de l&rsquo;invasion russe et dans la foul\u00e9e du virage favorable \u00e0 Moscou pris par Donald Trump.<\/p>\n<p>\u00ab\u00a0Nous devons faire de notre mieux en vue d&rsquo;une paix durable et juste pour l&rsquo;Ukraine. Ceci est possible avec l&rsquo;unit\u00e9 de tous les partenaires : il faut la force de toute l&rsquo;Europe, la force de l&rsquo;Am\u00e9rique, la force de tous ceux qui veulent une paix durable \u00bb, a dit Zelensky sur Telegram.<\/p>\n","protected":false},"excerpt":{"rendered":"Lundi, cela fera trois ans que la Russie a envahi l&rsquo;Ukraine. Et le Royaume-Uni veut hausser le ton.&hellip;\n","protected":false},"author":2,"featured_media":128912,"comment_status":"","ping_status":"","sticky":false,"template":"","format":"standard","meta":{"footnotes":""},"categories":[1588],"tags":[17,11,25325,1444,33,1777,674,151,12,473,1853,132,7185,1851,1850,1852],"class_list":{"0":"post-128911","1":"post","2":"type-post","3":"status-publish","4":"format-standard","5":"has-post-thumbnail","7":"category-royaume-uni","8":"tag-17","9":"tag-actualites","10":"tag-alourdir","11":"tag-contre","12":"tag-economie","13":"tag-eu","14":"tag-europe","15":"tag-les","16":"tag-news","17":"tag-royaume-uni","18":"tag-royaume-uni-de-grande-bretagne-et-dirlande-du-nord","19":"tag-russie","20":"tag-sanctions","21":"tag-uk","22":"tag-united-kingdom","23":"tag-united-kingdom-of-great-britain-and-northern-ireland"},"share_on_mastodon":{"url":"https:\/\/pubeurope.com\/@fr\/114573426677431133","error":""},"_links":{"self":[{"href":"https:\/\/www.europesays.com\/fr\/wp-json\/wp\/v2\/posts\/128911","targetHints":{"allow":["GET"]}}],"collection":[{"href":"https:\/\/www.europesays.com\/fr\/wp-json\/wp\/v2\/posts"}],"about":[{"href":"https:\/\/www.europesays.com\/fr\/wp-json\/wp\/v2\/types\/post"}],"author":[{"embeddable":true,"href":"https:\/\/www.europesays.com\/fr\/wp-json\/wp\/v2\/users\/2"}],"replies":[{"embeddable":true,"href":"https:\/\/www.europesays.com\/fr\/wp-json\/wp\/v2\/comments?post=128911"}],"version-history":[{"count":0,"href":"https:\/\/www.europesays.com\/fr\/wp-json\/wp\/v2\/posts\/128911\/revisions"}],"wp:featuredmedia":[{"embeddable":true,"href":"https:\/\/www.europesays.com\/fr\/wp-json\/wp\/v2\/media\/128912"}],"wp:attachment":[{"href":"https:\/\/www.europesays.com\/fr\/wp-json\/wp\/v2\/media?parent=128911"}],"wp:term":[{"taxonomy":"category","embeddable":true,"href":"https:\/\/www.europesays.com\/fr\/wp-json\/wp\/v2\/categories?post=128911"},{"taxonomy":"post_tag","embeddable":true,"href":"https:\/\/www.europesays.com\/fr\/wp-json\/wp\/v2\/tags?post=128911"}],"curies":[{"name":"wp","href":"https:\/\/api.w.org\/{rel}","templated":true}]}}