{"id":128915,"date":"2025-05-26T09:29:09","date_gmt":"2025-05-26T09:29:09","guid":{"rendered":"https:\/\/www.europesays.com\/fr\/128915\/"},"modified":"2025-05-26T09:29:09","modified_gmt":"2025-05-26T09:29:09","slug":"le-periple-douloureux-et-amer-des-migrants-du-moyen-orient-vers-leurope","status":"publish","type":"post","link":"https:\/\/www.europesays.com\/fr\/128915\/","title":{"rendered":"Le p\u00e9riple \u201cdouloureux et amer\u201d des migrants du Moyen-Orient vers l\u2019Europe"},"content":{"rendered":"<p>Pour les migrants venus du Moyen-Orient, souvent originaires de Syrie et d\u2019Afghanistan, le voyage vers l\u2019Europe est \u201cdouloureux et amer\u201d, <a href=\"https:\/\/raseef22.net\/english\/latest-news\" rel=\"nofollow noopener\" target=\"_blank\" data-ylk=\"slk:\u00e9crit Raseef22;elm:context_link;itc:0;sec:content-canvas\" class=\"link \">\u00e9crit <strong>Raseef22<\/strong><\/a><strong>, <\/strong>\u00e0 Beyrouth, au Liban. Infiltr\u00e9 dans un groupe de candidats \u00e0 l\u2019exil, le journaliste irakien Yahya Saeed est parvenu \u00e0 se rendre clandestinement en Bulgarie.<\/p>\n<p>Son r\u00e9cit au long court, document exceptionnel assorti de photos parfois difficilement soutenables, a \u00e9t\u00e9 publi\u00e9 par le site panarabe en mars dernier. Le p\u00e9riple commence en Turquie. \u00c0 partir d\u2019Istanbul, les migrants \u201cembarquent dans un v\u00e9hicule jusqu\u2019\u00e0 la fronti\u00e8re avec la Bulgarie, moyennant une somme comprise entre 7 500 et 10 000 euros par personne\u201d, explique un passeur syrien.<\/p>\n<p>Barbel\u00e9s et cam\u00e9ras<\/p>\n<p>Ensuite, une autre voiture, habill\u00e9e d\u2019une fausse plaque d\u2019immatriculation et conduite par un ressortissant \u00e9tranger, les transporte jusqu\u2019\u00e0 la capitale, Sofia. \u201cChaque migrant doit d\u00e9bourser 5 000 euros. Le chauffeur, lui, re\u00e7oit 2 000 euros par passager\u201d, relate Yahya Saeed.<\/p>\n<p>De Sofia, cap sur la Serbie. Sur place, ils sont pris en charge par un \u201cripper\u201d, mot anglais d\u00e9signant \u201cle guide qui conna\u00eet l\u2019itin\u00e9raire \u00e0 prendre\u201d et \u201ctravaille sous la direction du passeur principal qui coordonne \u00e0 distance\u201d. Celui-ci les emm\u00e8ne \u00e0 la fronti\u00e8re avec la Hongrie o\u00f9 se dresse devant eux le \u201ctil\u201d, cl\u00f4ture de barbel\u00e9s \u00e9quip\u00e9e de cam\u00e9ras \u00e0 la fronti\u00e8re entre les deux pays.<\/p>\n<p>Une fois en terres magyares, ils rallient la R\u00e9publique tch\u00e8que via la Slovaquie ou l\u2019Autriche, pour enfin gagner l\u2019Allemagne.<\/p>\n<p>\u00c0 la merci des passeurs<\/p>\n<p>Tout au long du p\u00e9riple, \u201cla faim, la fatigue et le stress psychologique\u201d s\u2019accumulent, raconte l\u2019un des compagnons d\u2019infortune du reporter irakien. Sans compter la peur d\u2019\u00eatre pris par la police, <a href=\"https:\/\/www.courrierinternational.com\/article\/croatie-la-police-croate-accusee-d-avoir-brule-les-effets-personnels-de-migrants_223272\" rel=\"nofollow noopener\" target=\"_blank\" data-ylk=\"slk:r\u00e9put\u00e9e pour sa violence dans l\u2019est de l\u2019Europe;elm:context_link;itc:0;sec:content-canvas\" class=\"link \">r\u00e9put\u00e9e pour sa violence dans l\u2019est de l\u2019Europe<\/a>, ou d\u2019\u00eatre enlev\u00e9 par des gangs criminels.<\/p>\n<p>Les migrants sont surtout \u00e0 la merci de leurs passeurs, indique un ancien membre de r\u00e9seau \u00e0 Yahya Saeed. \u201cCe qui se passe aujourd\u2019hui n\u2019est plus du trafic au sens traditionnel du terme, mais de la traite d\u2019\u00eatres humains, d\u00e9nonce-t-il. Pour le passeur, un migrant ne vaut rien de plus que 2 000 ou 3 000 dollars [entre 1 800 et 2 700 euros], ce n\u2019est pas un \u00eatre humain.\u201d<\/p>\n<p>[&#8230;] <strong><a href=\"https:\/\/www.courrierinternational.com\/article\/immersion-le-periple-douloureux-et-amer-des-migrants-du-moyen-orient-vers-l-europe_230813\" rel=\"nofollow noopener\" target=\"_blank\" data-ylk=\"slk:Lire la suite sur Courrier international;elm:context_link;itc:0;sec:content-canvas\" class=\"link \">Lire la suite sur Courrier international<\/a><\/strong><\/p>\n<p>Sur le m\u00eame sujet :<\/p>\n","protected":false},"excerpt":{"rendered":"Pour les migrants venus du Moyen-Orient, souvent originaires de Syrie et d\u2019Afghanistan, le voyage vers l\u2019Europe est \u201cdouloureux&hellip;\n","protected":false},"author":2,"featured_media":128916,"comment_status":"","ping_status":"","sticky":false,"template":"","format":"standard","meta":{"footnotes":""},"categories":[1586],"tags":[11,1777,674,1011,27,1808,8514,1251,3257,12,25,25326],"class_list":{"0":"post-128915","1":"post","2":"type-post","3":"status-publish","4":"format-standard","5":"has-post-thumbnail","7":"category-europe","8":"tag-actualites","9":"tag-eu","10":"tag-europe","11":"tag-fr","12":"tag-france","13":"tag-leurope","14":"tag-la-frontiere","15":"tag-migrants","16":"tag-moyen-orient","17":"tag-news","18":"tag-republique-francaise","19":"tag-yahya-saeed"},"share_on_mastodon":{"url":"https:\/\/pubeurope.com\/@fr\/114573434298714595","error":""},"_links":{"self":[{"href":"https:\/\/www.europesays.com\/fr\/wp-json\/wp\/v2\/posts\/128915","targetHints":{"allow":["GET"]}}],"collection":[{"href":"https:\/\/www.europesays.com\/fr\/wp-json\/wp\/v2\/posts"}],"about":[{"href":"https:\/\/www.europesays.com\/fr\/wp-json\/wp\/v2\/types\/post"}],"author":[{"embeddable":true,"href":"https:\/\/www.europesays.com\/fr\/wp-json\/wp\/v2\/users\/2"}],"replies":[{"embeddable":true,"href":"https:\/\/www.europesays.com\/fr\/wp-json\/wp\/v2\/comments?post=128915"}],"version-history":[{"count":0,"href":"https:\/\/www.europesays.com\/fr\/wp-json\/wp\/v2\/posts\/128915\/revisions"}],"wp:featuredmedia":[{"embeddable":true,"href":"https:\/\/www.europesays.com\/fr\/wp-json\/wp\/v2\/media\/128916"}],"wp:attachment":[{"href":"https:\/\/www.europesays.com\/fr\/wp-json\/wp\/v2\/media?parent=128915"}],"wp:term":[{"taxonomy":"category","embeddable":true,"href":"https:\/\/www.europesays.com\/fr\/wp-json\/wp\/v2\/categories?post=128915"},{"taxonomy":"post_tag","embeddable":true,"href":"https:\/\/www.europesays.com\/fr\/wp-json\/wp\/v2\/tags?post=128915"}],"curies":[{"name":"wp","href":"https:\/\/api.w.org\/{rel}","templated":true}]}}