{"id":128921,"date":"2025-05-26T09:32:08","date_gmt":"2025-05-26T09:32:08","guid":{"rendered":"https:\/\/www.europesays.com\/fr\/128921\/"},"modified":"2025-05-26T09:32:08","modified_gmt":"2025-05-26T09:32:08","slug":"la-cour-des-comptes-tire-la-sonnette-dalarme-sur-la-trajectoire-hors-de-controle-du-trou-de-la-secu","status":"publish","type":"post","link":"https:\/\/www.europesays.com\/fr\/128921\/","title":{"rendered":"La Cour des comptes tire la sonnette d\u2019alarme sur la trajectoire \u00abhors de contr\u00f4le\u00bb du \u00abtrou de la S\u00e9cu\u00bb"},"content":{"rendered":"<p><strong>D\u00c9CRYPTAGE &#8211;<\/strong> Le d\u00e9ficit a d\u00e9rap\u00e9 de 4,8 milliards d\u2019euros en 2024 par rapport aux pr\u00e9visions pour atteindre 15,3 milliards. Pour la Cour des comptes, le financement de la s\u00e9curit\u00e9 sociale va droit dans le mur, sauf si des \u00abmesures vigoureuses de redressement\u00bb sont prises.<\/p>\n<p class=\"fig-paragraph\">Le \u00abtrou de la s\u00e9cu\u00bb n\u2019est pas pr\u00e8s de se r\u00e9sorber. Dans son dernier rapport sur l\u2019application des lois de financement de la s\u00e9curit\u00e9 sociale rendu public ce lundi, la Cour des comptes d\u00e9plore une trajectoire \u00abhors de contr\u00f4le\u00bb des comptes sociaux en 2024. Une d\u00e9rive alarmante, marqu\u00e9e par\u00a0<a href=\"http:\/\/www.lefigaro.fr\/flash-eco\/catherine-vautrin-estime-que-le-deficit-de-la-secu-s-elevera-en-2025-a-moins-de-23-milliards-d-euros-20250201\" data-fig-type=\"NewsFlash\" data-gtm-custom-categorie=\"navigation\" data-gtm-custom-action=\"crossclick\" data-gtm-custom-label=\"Contextuel\" data-gtm-event=\"customEventSPE\" data-fig-domain=\"LEFIGARO\" target=\"_blank\" rel=\"noopener\">un d\u00e9ficit croissant<\/a>, une dette non ma\u00eetris\u00e9e et une efficacit\u00e9 encore insuffisante de certaines politiques publiques financ\u00e9es par\u00a0<a href=\"http:\/\/www.lefigaro.fr\/social\/financer-la-perte-d-autonomie-vers-la-fin-d-un-angle-mort-de-la-securite-sociale-20250513\" data-fig-type=\"Article\" data-gtm-custom-categorie=\"navigation\" data-gtm-custom-action=\"crossclick\" data-gtm-custom-label=\"Contextuel\" data-gtm-event=\"customEventSPE\" data-fig-domain=\"LEFIGARO\" target=\"_blank\" rel=\"noopener\">la S\u00e9curit\u00e9 sociale<\/a>. Un signal d\u2019alerte pour inciter les pouvoirs publics \u00e0 prendre rapidement des mesures de redressement, afin d\u2019assurer la p\u00e9rennit\u00e9 de notre mod\u00e8le social.<\/p>\n<p class=\"fig-paragraph\">En 2024, le d\u00e9ficit de la s\u00e9curit\u00e9 sociale a atteint 15,3 milliards d\u2019euros (0,4% du PIB), note la Cour des comptes, soit une hausse de 4,8 milliards (46%) par rapport \u00e0 la pr\u00e9vision initiale. Cette d\u00e9gradation, \u00abin\u00e9dite hors p\u00e9riode de crise\u00bb, s\u2019explique notamment par des recettes surestim\u00e9es et des d\u00e9penses mal ma\u00eetris\u00e9es, majoritairement dans la branche maladie, qui porte \u00e0 elle seule 90\u00a0% du d\u00e9ficit\u2026<\/p>\n<p class=\"fig-premium-paywall__infos\">\n        Cet article est r\u00e9serv\u00e9 aux abonn\u00e9s.        Il vous reste 83% \u00e0 d\u00e9couvrir.\n    <\/p>\n<p>                <img  data- alt=\"Le Figaro\" class=\"fig-img--complete fig-img\"\/><\/p>\n<p class=\"fig-premium-paywall__title\">Vente Flash<\/p>\n<p class=\"fig-premium-paywall__subtitle\">4,99\u20ac par mois pendant 12 mois. Sans engagement.<\/p>\n<p class=\"fig-premium-paywall__connect\">\n                D\u00e9j\u00e0 abonn\u00e9\u00a0?                <a class=\"fig-premium-paywall__connect-link\" href=\"https:\/\/connect.lefigaro.fr\/login?client=horizon_web&amp;type=main&amp;redirect_uri=https%3A%2F%2Fwww.lefigaro.fr%2Fconjoncture%2Fla-cour-des-comptes-tire-la-sonnette-d-alarme-sur-la-trajectoire-hors-de-controle-du-trou-de-la-secu-20250526\" data-js-gtm=\"{&quot;customCategorie&quot;: &quot;conversion&quot;, &quot;customAction&quot;: &quot;before_Landing_Connexion_paywall_auto&quot;, &quot;customLabel&quot;: &quot;bGVmaWdhcm8uZnJfXzFmMDM3YmRkLWM2ZDctNjlkYy04MDIyLTY5NzIzODY5Y2M2YV9fTmV3c0ZsYXNo_La Cour des comptes tire la sonnette d\u2019alarme sur la trajectoire \u00abhors de contr\u00f4le\u00bb du \u00abtrou de la S\u00e9cu\u00bb_402&quot;, &quot;customIDSPE&quot;: &quot;bGVmaWdhcm8uZnJfXzFmMDM3YmRkLWM2ZDctNjlkYy04MDIyLTY5NzIzODY5Y2M2YV9fTmV3c0ZsYXNo&quot;, &quot;event&quot;: &quot;customEventSPE&quot;}\" target=\"_blank\" rel=\"noopener\"><br \/>\n                    Connectez-vous<br \/>\n                <\/a>\n            <\/p>\n","protected":false},"excerpt":{"rendered":"D\u00c9CRYPTAGE &#8211; Le d\u00e9ficit a d\u00e9rap\u00e9 de 4,8 milliards d\u2019euros en 2024 par rapport aux pr\u00e9visions pour atteindre&hellip;\n","protected":false},"author":2,"featured_media":128922,"comment_status":"","ping_status":"","sticky":false,"template":"","format":"standard","meta":{"footnotes":""},"categories":[2],"tags":[339,11,732,340,343,345,350,130,344,352,349,33,341,313,1011,27,346,342,353,351,347,12,348,13852,25,354],"class_list":{"0":"post-128921","1":"post","2":"type-post","3":"status-publish","4":"format-standard","5":"has-post-thumbnail","7":"category-actualites","8":"tag-actualite-economique","9":"tag-actualites","10":"tag-assurance-maladie","11":"tag-bourse","12":"tag-cac-40","13":"tag-chef-dentreprise","14":"tag-concurrence","15":"tag-consommation","16":"tag-creation-dentreprise","17":"tag-crise","18":"tag-delocalisations","19":"tag-economie","20":"tag-emploi","21":"tag-entreprises","22":"tag-fr","23":"tag-france","24":"tag-grands-patrons","25":"tag-impots","26":"tag-licenciements","27":"tag-monopole","28":"tag-multinationales","29":"tag-news","30":"tag-privatisation","31":"tag-protection-sociale","32":"tag-republique-francaise","33":"tag-unio"},"share_on_mastodon":{"url":"https:\/\/pubeurope.com\/@fr\/114573446315497404","error":""},"_links":{"self":[{"href":"https:\/\/www.europesays.com\/fr\/wp-json\/wp\/v2\/posts\/128921","targetHints":{"allow":["GET"]}}],"collection":[{"href":"https:\/\/www.europesays.com\/fr\/wp-json\/wp\/v2\/posts"}],"about":[{"href":"https:\/\/www.europesays.com\/fr\/wp-json\/wp\/v2\/types\/post"}],"author":[{"embeddable":true,"href":"https:\/\/www.europesays.com\/fr\/wp-json\/wp\/v2\/users\/2"}],"replies":[{"embeddable":true,"href":"https:\/\/www.europesays.com\/fr\/wp-json\/wp\/v2\/comments?post=128921"}],"version-history":[{"count":0,"href":"https:\/\/www.europesays.com\/fr\/wp-json\/wp\/v2\/posts\/128921\/revisions"}],"wp:featuredmedia":[{"embeddable":true,"href":"https:\/\/www.europesays.com\/fr\/wp-json\/wp\/v2\/media\/128922"}],"wp:attachment":[{"href":"https:\/\/www.europesays.com\/fr\/wp-json\/wp\/v2\/media?parent=128921"}],"wp:term":[{"taxonomy":"category","embeddable":true,"href":"https:\/\/www.europesays.com\/fr\/wp-json\/wp\/v2\/categories?post=128921"},{"taxonomy":"post_tag","embeddable":true,"href":"https:\/\/www.europesays.com\/fr\/wp-json\/wp\/v2\/tags?post=128921"}],"curies":[{"name":"wp","href":"https:\/\/api.w.org\/{rel}","templated":true}]}}