{"id":128927,"date":"2025-05-26T09:36:17","date_gmt":"2025-05-26T09:36:17","guid":{"rendered":"https:\/\/www.europesays.com\/fr\/128927\/"},"modified":"2025-05-26T09:36:17","modified_gmt":"2025-05-26T09:36:17","slug":"vannes-pau-un-buteur-anglais-precis-une-pepite-chasseur-dessais-ou-en-est-le-prochain-adversaire-du-rcv-en-top-14","status":"publish","type":"post","link":"https:\/\/www.europesays.com\/fr\/128927\/","title":{"rendered":"Vannes &#8211; Pau : un buteur anglais pr\u00e9cis, une p\u00e9pite chasseur d\u2019essais, o\u00f9 en est le prochain adversaire du RCV en Top\u00a014"},"content":{"rendered":"<p>Top 14 (25e journ\u00e9e). RC Vannes &#8211; Pau, samedi (16 h 30)Dynamique et classement de Pau en Top 14<\/p>\n<p>La Section Paloise s\u2019est totalement relanc\u00e9 dans la course \u00e0 la phase finale en remportant ses deux matchs du dernier bloc \u00e0 Lyon (29-27) et contre Toulon (25-21). Deux courts succ\u00e8s qui lui permet de remonter \u00e0 la neuvi\u00e8me place du Top 14. Surtout, les B\u00e9arnais se sont rapproch\u00e9s \u00e0 deux petits points de Castres, sixi\u00e8me et dernier qualifi\u00e9 pour les barrages. Pau est dans le coup \u00e0 deux journ\u00e9es de la fin de la phase r\u00e9guli\u00e8re. Les Palois devraient donc venir avec ambition \u00e0 La Rabine pour d\u00e9fier le <a href=\"https:\/\/www.letelegramme.fr\/sports\/rugby\/rc-vannes\/\" target=\"_blank\" rel=\"noopener\">RC Vannes<\/a>. Cette saison, la Section a perdu dix de ses douze matchs \u00e0 l\u2019ext\u00e9rieur en Top 14 mais reste sur deux victoires lors de ses quatre derniers d\u00e9placements.<\/p>\n<p>Joe Simmonds, meilleur r\u00e9alisateur de Pau<\/p>\n<p>C\u2019est le dauphin de Maxime Lafage au classement des meilleurs r\u00e9alisateurs du Top 14 cette saison. <a href=\"https:\/\/www.letelegramme.fr\/sports\/rugby\/rc-vannes\/pau-rc-vannes-rugby-qui-est-la-star-de-la-section-paloise-le-prochain-adversaire-du-rc-vannes-6731187.php\" target=\"_blank\" rel=\"noopener\">Joe Simmonds<\/a> a inscrit 226 points apr\u00e8s 24 journ\u00e9es (236 pour Lafage). L\u2019ouvreur anglais, champion d\u2019Angleterre (2017 et 2020) et d\u2019Europe (2020) avec Exeter, fait les beaux jours de la Section Paloise depuis deux saisons maintenant. Le joueur de 28 ans, qui a rat\u00e9 trois matchs r\u00e9cemment \u00e0 cause d\u2019une blessure au pied droit, est revenu lors de la derni\u00e8re journ\u00e9e \u00e0 l\u2019occasion de la victoire contre Toulon. Il pourrait encha\u00eener contre le RCV, deux semaines plus tard. Le jeune Axel Desp\u00e9r\u00e8s (21 ans), qui avait assur\u00e9 l\u2019int\u00e9rim, se tient pr\u00eat en cas de besoin.<\/p>\n<p>Emilien Gailleton, meilleur marqueur d\u2019essais de Pau<\/p>\n<p>Il n\u2019a pas encore 22 ans et fait pourtant d\u00e9j\u00e0 presque figure d\u2019ancien. Il faut dire qu\u2019Emilien Gailleton a fait ses d\u00e9buts en professionnels \u00e0 seulement 18 ans avec Agen lors d\u2019un match de Pro D2 \u00e0\u2026 Vannes. La saison suivante, il d\u00e9couvre le Top 14 avec Pau et termine meilleur marqueur d\u2019essais du championnat (16 essais). Appel\u00e9 par Fabien Galthi\u00e9 pour pr\u00e9parer le Mondial en France, le trois-quarts centre ne fait pas partie de la liste d\u00e9finitive. Apr\u00e8s une saison plus irr\u00e9guli\u00e8re, Gailleton est revenu tr\u00e8s fort cette saison, d\u00e9j\u00e0 sa troisi\u00e8me en Top 14. Il a particip\u00e9 aux trois matchs de la tourn\u00e9e de novembre des Bleus et a \u00e9galement pris part aux deux premi\u00e8res journ\u00e9es du Tournoi des Six Nations, remport\u00e9 par le XV de France. En Top 14, le Franco-Anglais a inscrit huit essais cette saison, le meilleur total de la Section Paloise et le neuvi\u00e8me toutes \u00e9quipes confondues.<\/p>\n","protected":false},"excerpt":{"rendered":"Top 14 (25e journ\u00e9e). RC Vannes &#8211; Pau, samedi (16 h 30)Dynamique et classement de Pau en Top&hellip;\n","protected":false},"author":2,"featured_media":128928,"comment_status":"","ping_status":"","sticky":false,"template":"","format":"standard","meta":{"footnotes":""},"categories":[1416],"tags":[1011,27,3164,3167,479,1468,60,478,3165],"class_list":{"0":"post-128927","1":"post","2":"type-post","3":"status-publish","4":"format-standard","5":"has-post-thumbnail","7":"category-rugby","8":"tag-fr","9":"tag-france","10":"tag-rc-vannes","11":"tag-rcv","12":"tag-rugby","13":"tag-rugby-football","14":"tag-sports","15":"tag-top-14","16":"tag-vannes"},"share_on_mastodon":{"url":"https:\/\/pubeurope.com\/@fr\/114573461661499353","error":""},"_links":{"self":[{"href":"https:\/\/www.europesays.com\/fr\/wp-json\/wp\/v2\/posts\/128927","targetHints":{"allow":["GET"]}}],"collection":[{"href":"https:\/\/www.europesays.com\/fr\/wp-json\/wp\/v2\/posts"}],"about":[{"href":"https:\/\/www.europesays.com\/fr\/wp-json\/wp\/v2\/types\/post"}],"author":[{"embeddable":true,"href":"https:\/\/www.europesays.com\/fr\/wp-json\/wp\/v2\/users\/2"}],"replies":[{"embeddable":true,"href":"https:\/\/www.europesays.com\/fr\/wp-json\/wp\/v2\/comments?post=128927"}],"version-history":[{"count":0,"href":"https:\/\/www.europesays.com\/fr\/wp-json\/wp\/v2\/posts\/128927\/revisions"}],"wp:featuredmedia":[{"embeddable":true,"href":"https:\/\/www.europesays.com\/fr\/wp-json\/wp\/v2\/media\/128928"}],"wp:attachment":[{"href":"https:\/\/www.europesays.com\/fr\/wp-json\/wp\/v2\/media?parent=128927"}],"wp:term":[{"taxonomy":"category","embeddable":true,"href":"https:\/\/www.europesays.com\/fr\/wp-json\/wp\/v2\/categories?post=128927"},{"taxonomy":"post_tag","embeddable":true,"href":"https:\/\/www.europesays.com\/fr\/wp-json\/wp\/v2\/tags?post=128927"}],"curies":[{"name":"wp","href":"https:\/\/api.w.org\/{rel}","templated":true}]}}