{"id":128929,"date":"2025-05-26T09:37:07","date_gmt":"2025-05-26T09:37:07","guid":{"rendered":"https:\/\/www.europesays.com\/fr\/128929\/"},"modified":"2025-05-26T09:37:07","modified_gmt":"2025-05-26T09:37:07","slug":"depuis-son-immense-villa-a-majorque-la-nouvelle-vie-revee-de-rafael-nadal-avec-sa-femme-xisca","status":"publish","type":"post","link":"https:\/\/www.europesays.com\/fr\/128929\/","title":{"rendered":"Depuis son immense villa \u00e0 Majorque, la nouvelle vie r\u00eav\u00e9e de Rafael Nadal avec sa femme Xisca"},"content":{"rendered":"<p data-module=\"fig-standfirst\" data-context=\"@media (min-width:48em)\">Entre tournois de golf et moments en famille, le roi de la terre battue, \u00e0 qui un \u00e9mouvant hommage a \u00e9t\u00e9 rendu dimanche \u00e0 Roland-Garros, savoure sa retraite sur l\u2019\u00eele de Majorque comme jamais.<\/p>\n<p class=\"fig-paragraph fig-paragraph--dropped\">Il avait les larmes aux yeux, ce dimanche 25 mai, lors du vibrant hommage qui lui a \u00e9t\u00e9 rendu \u00e0 Roland-Garros. Depuis novembre 2024, et une d\u00e9faite en coupe Davis, Rafael Nadal a annonc\u00e9 qu\u2019il se retirait des courts. Fini les 250 jours de voyage par an, les entra\u00eenements harassants et la pression des Grands Chelems. Depuis sa retraite sportive,\u00a0<a href=\"https:\/\/madame.lefigaro.fr\/tag\/rafael-nadal\" target=\"_blank\" rel=\"noopener\" data-gtm-custom-categorie=\"navigation\" data-gtm-custom-action=\"crossclick\" data-gtm-custom-label=\"Contextuel\" data-gtm-event=\"customEventSPE\">Rafael Nadal<\/a>\u00a0a troqu\u00e9 ses baskets contre des chaussons de papa et un caddie de golf. Dans son bureau de Manacor, sur l\u2019\u00eele de Majorque, l\u2019ancien num\u00e9ro un mondial de tennis confie\u00a0<a href=\"https:\/\/www.parismatch.com\/actu\/sport\/rafael-nadal-sa-vie-apres-le-tennis-il-etait-impensable-de-dire-adieu-ailleurs-qua-paris-251656\" target=\"_blank\" rel=\"nofollow noopener\" data-gtm-custom-categorie=\"navigation\" data-gtm-custom-action=\"crossclick\" data-gtm-custom-label=\"Contextuel\" data-gtm-event=\"customEventSPE\">\u00e0 Paris Match<\/a> \u00a0sa nouvelle r\u00e9alit\u00e9\u00a0: \u00abC\u2019est un sacr\u00e9 bonheur. Pendant vingt ans, j\u2019ai voyag\u00e9 dans le monde 250 jours par an. Mais je revenais toujours chez moi, ici, \u00e0 Manacor, sur l\u2019\u00eele de Majorque. C\u2019est rest\u00e9 ma bulle, mon jardin secret. Aujourd\u2019hui, je profite \u00e0 fond, je passe l\u2019essentiel de mon temps avec les miens, \u00e0 jouer avec mon fils, \u00e0 go\u00fbter des bonheurs simples.\u00bb<\/p>\n<p class=\"fig-paragraph fig-paragraph--dropped\">\u00c0 38 ans, Rafael Nadal vit ce qu\u2019il qualifie lui-m\u00eame de \u00abchangement radical\u00bb. Apr\u00e8s des ann\u00e9es au plus haut niveau du tennis mondial, l\u2019Espagnol navigue encore dans sa nouvelle existence, loin des courts et des projecteurs. \u00abLe tennis ne me manque pas\u00bb, affirme-t-il sans nostalgie, expliquant qu\u2019il a arr\u00eat\u00e9 \u00abavec la certitude d\u2019avoir tout donn\u00e9 et parce que son corps ne lui permettait plus de continuer au plus haut niveau\u00bb. D\u2019autant qu\u2019aujourd\u2019hui il peut au mieux profiter des siens.<\/p>\n<p>Vie de famille pr\u00e9serv\u00e9e \u00e0 Manacor<\/p>\n<p class=\"fig-paragraph fig-paragraph--dropped\">Sous le soleil chaud de Majorque, dans sa spectaculaire villa de Porto Cristo perch\u00e9e sur une falaise, Rafael Nadal coule des jours paisibles loin du tumulte des courts internationaux. C\u2019est l\u00e0, dans sa propri\u00e9t\u00e9 de 7000 m\u00b2 avec ses 1200 m\u00b2 habitables et son acc\u00e8s direct \u00e0 la M\u00e9diterran\u00e9e, que l\u2019ancien champion de tennis a trouv\u00e9 refuge avec Maria Francisca Perell\u00f3, surnomm\u00e9e\u00a0<a href=\"https:\/\/madame.lefigaro.fr\/celebrites\/qui-est-xisca-perello-la-future-femme-de-rafael-nadal-181019-167599\" data-fig-type=\"Article\" data-gtm-custom-categorie=\"navigation\" data-gtm-custom-action=\"crossclick\" data-gtm-custom-label=\"Contextuel\" data-gtm-event=\"customEventSPE\" data-fig-domain=\"MADAME\" target=\"_blank\" rel=\"noopener\">Xisca<\/a>, son \u00e9pouse depuis 2019. Directrice de projets pour la Fondation Rafael Nadal, cette Espagnole de 36 ans a fait de la discr\u00e9tion presque un art de vivre. Pas de r\u00e9seaux sociaux, pas d\u2019interviews, juste une pr\u00e9sence bienveillante dans l\u2019ombre de son champion de mari.<\/p>\n<p>    Maria Francisca \u00abXisca\u00bb Perell\u00f3 et son fils Rafael Nadal Junior. (Malaga, le 19 novembre 2024.)<br \/>\n                Jean Catuffe \/ Getty Images<\/p>\n<p class=\"fig-paragraph fig-paragraph--dropped\">Ensemble, le couple a donn\u00e9 naissance \u00e0 Rafael Junior, en octobre 2022. On imagine bien le petit gar\u00e7on de 2 ans et demi en train de gambader, une mini-raquette \u00e0 la main, dans les vastes jardins de leur propri\u00e9t\u00e9 face \u00e0 la mer. Et bient\u00f4t, il ne sera plus le seul. D\u00e9but avril, la presse espagnole a r\u00e9v\u00e9l\u00e9 la grossesse de Xisca Nadal.\u00a0<a href=\"https:\/\/www.hola.com\/actualidad\/20250409825156\/rafa-nadal-mery-perello-esperan-segundo-hijo-exclusiva\/\" target=\"_blank\" rel=\"nofollow noopener\" data-gtm-custom-categorie=\"navigation\" data-gtm-custom-action=\"crossclick\" data-gtm-custom-label=\"Contextuel\" data-gtm-event=\"customEventSPE\">D\u2019apr\u00e8s le magazine espagnol \u00a1Hola!<\/a>, le b\u00e9b\u00e9 devrait na\u00eetre durant l\u2019\u00e9t\u00e9 2025 et tout se passerait au mieux, \u00abcontrairement \u00e0 la pr\u00e9c\u00e9dente, o\u00f9 [Xisca] a travers\u00e9 des difficult\u00e9s qui l\u2019ont oblig\u00e9e \u00e0 \u00eatre hospitalis\u00e9e quelques semaines avant de donner naissance \u00e0 son premier enfant\u00bb. Il y a un mois, le ventre d\u00e9j\u00e0 tr\u00e8s arrondi de Xisca Perello, \u00e0 la c\u00e9r\u00e9monie des Laureus Awards, est venu confirmer les infos des tablo\u00efds.<\/p>\n<p>Des cours de tennis aux greens de Majorque<\/p>\n<p class=\"fig-paragraph fig-paragraph--dropped\">Mais l\u2019esprit de comp\u00e9tition n\u2019est jamais loin. Depuis sa retraite, l\u2019ancien roi de la terre battue s\u2019adonne \u00e0 sa nouvelle passion\u00a0: le golf. Avec cette m\u00eame d\u00e9termination qui l\u2019a men\u00e9 au sommet du tennis, Rafael Nadal encha\u00eene les swings et les putts. \u00abJe me passionne pour le golf parce que j\u2019adore la comp\u00e9tition et que cela me d\u00e9tend\u00bb, avoue \u00e0 Paris Match \u00abRafa\u00bb, qui est niveau scratch, handicap z\u00e9ro.<\/p>\n<p class=\"fig-body-link&#10;             fig-body-component-center-full-width-content&#10;    \">\n            \u00c0 lire aussi<br \/>\n        <a class=\"fig-body-link__link\" href=\"http:\/\/madame.lefigaro.fr\/evasion\/au-so-sotogrande-le-grand-saut-bien-etre-au-paradis-des-golfeurs-20250126\" data-fig-type=\"Article\" data-gtm-custom-categorie=\"navigation\" data-gtm-custom-action=\"crossclick\" data-gtm-custom-label=\"Contextuel\" data-gtm-event=\"customEventSPE\" data-fig-domain=\"MADAME\" target=\"_blank\" rel=\"noopener\">Au SO\/Sotogrande, le grand saut bien-\u00eatre au paradis des golfeurs<\/a>\n<\/p>\n<p class=\"fig-paragraph fig-paragraph--dropped\">Preuve qu\u2019il faut compter sur lui\u00a0: d\u00e9but mai, il s\u2019est align\u00e9 au parcours du Masters, \u00e0 Augusta, aux \u00c9tats-Unis, en faisant le d\u00e9part des pros avec un score tr\u00e8s honorable (+8), meilleur que celui de certains membres du top 50 mondial. Pas peu fier de sa participation \u00e0 la comp\u00e9tition, il raconte\u00a0: \u00abLa v\u00e9rit\u00e9, c\u2019est que c\u2019est super difficile mais que \u00e7a reste un privil\u00e8ge et une aventure incroyable de jouer \u00e0 Augusta. \u00c7a a \u00e9t\u00e9 ma meilleure exp\u00e9rience de golf avec Saint-Andrews, en \u00c9cosse. Ce sont les deux parcours les plus mythiques de l\u2019histoire de ce sport. (&#8230;) C\u2019\u00e9tait fantastique. Ailleurs, j\u2019ai jou\u00e9 avec des joueurs de tennis comme Lleyton Hewitt ou Albert Costa et des pros espagnols de golf, tels Jon Rahm (ancien num\u00e9ro 1 mondial, NDLR), Sergio Garcia ou Gonzalo Fernandez-Casta\u00f1o. Je suis surtout un grand fan de golf devant la TV. J\u2019ai suivi jusqu\u2019au bout de la nuit\u00a0<a href=\"https:\/\/golf.lefigaro.fr\/actualite\/majeurs\/masters-d-augusta-mcilroy-s-offre-sa-premiere-verte-et-rejoint-les-legendes-du-golf-20250414\" target=\"_blank\" data-fig-type=\"NewsFlash\" rel=\"noopener\" data-gtm-custom-categorie=\"navigation\" data-gtm-custom-action=\"crossclick\" data-gtm-custom-label=\"Contextuel\" data-gtm-event=\"customEventSPE\" data-fig-domain=\"GOLF\">la victoire de Rory McIlroy<\/a>\u00a0aux Masters d\u2019Augusta en avril. \u00c7a m\u2019a \u00e9mu aux larmes.\u00bb<\/p>\n<p>    Rafael Nadal alors du New Corporate Balearhouse au Golf Santa Pon\u00e7a. (Majorque, le 1er f\u00e9vrier 2025.)<br \/>\n                Getty Images<\/p>\n<p class=\"fig-paragraph fig-paragraph--dropped\">Mais l\u2019Espagnol de 38 ans ne se contente pas de cette nouvelle lubie sportive. Dans son bureau de Manacor, entre deux parties de cache-cache avec Rafael Junior, il orchestre un empire en pleine expansion. \u00abJ\u2019ai \u00e9norm\u00e9ment de choses \u00e0 faire\u00a0: ma fondation, mon acad\u00e9mie de tennis qui est en pleine expansion, ma compagnie de compl\u00e9ments alimentaires, NDL ProHealth. Et aussi la marque Rafael Nadal, pour laquelle nous sommes tr\u00e8s sollicit\u00e9s\u00bb, \u00e9num\u00e8re-t-il. Puis d\u2019ajouter, plus enthousiaste que jamais\u00a0: \u00abC\u2019est une p\u00e9riode passionnante. Je d\u00e9couvre plein de nouveaux univers et de nouvelles exp\u00e9riences.\u00bb<\/p>\n<p>Les petits plaisirs d\u2019une vie lib\u00e9r\u00e9e<\/p>\n<p class=\"fig-paragraph fig-paragraph--dropped\">Sa nouvelle vie lui permet aussi de red\u00e9couvrir des plaisirs simples. \u00abQuand j\u2019\u00e9tais joueur professionnel, c\u2019\u00e9tait d\u00e9j\u00e0 possible de boire du vin, du gin ou de la tequila. Mais de mani\u00e8re exceptionnelle. Le tennis ne m\u2019a pas enlev\u00e9 les plaisirs de la vie. Il m\u2019a juste demand\u00e9 de les vivre moins souvent. Maintenant, j\u2019ai plus de libert\u00e9\u00bb, confie-t-il encore \u00e0 Paris Match. En attendant, Rafael Nadal a savour\u00e9\u00a0<a href=\"http:\/\/www.lefigaro.fr\/sports\/tennis\/roland-garros\/merci-la-france-merci-paris-roland-garros-a-dit-adieu-a-son-roi-rafael-nadal-20250525\" data-fig-type=\"Article\" data-gtm-custom-categorie=\"navigation\" data-gtm-custom-action=\"crossclick\" data-gtm-custom-label=\"Contextuel\" data-gtm-event=\"customEventSPE\" data-fig-domain=\"LEFIGARO\" target=\"_blank\" rel=\"noopener\">l\u2019hommage rendu porte d\u2019Auteuil\u00a0<\/a>o\u00f9 le tournoi de Roland-Garros vient de commencer.\u00a0<a href=\"https:\/\/www.lefigaro.fr\/sports\/tennis\/roland-garros-quelque-chose-de-simple-a-son-image-souffle-mauresmo-a-propos-de-l-hommage-a-nadal-20250522\" target=\"_blank\" data-fig-type=\"NewsFlash\" rel=\"noopener\" data-gtm-custom-categorie=\"navigation\" data-gtm-custom-action=\"crossclick\" data-gtm-custom-label=\"Contextuel\" data-gtm-event=\"customEventSPE\" data-fig-domain=\"LEFIGARO\">\u00abQuelque chose de simple, \u00e0 son image\u00bb<\/a>, avait annonc\u00e9 Am\u00e9lie Mauresmo, la directrice du tournoi. \u00abIl n\u2019aime pas trop \u00eatre au centre de l\u2019attention. Il nous a orient\u00e9s sur l\u2019ambiance g\u00e9n\u00e9rale et sur ce qu\u2019il souhaite. On essaie de r\u00e9pondre au cahier des charges. Ce sera donc un moment sinc\u00e8re, authentique, forc\u00e9ment charg\u00e9 d\u2019\u00e9motion, ici, \u00e0 Roland-Garros, son tournoi de c\u0153ur\u00bb, qu\u2019il a remport\u00e9 14 fois. Une l\u00e9gende.<\/p>\n<p>\u00a0\u00bb<br \/>\n        data-script=\u00a0\u00bbhttps:\/\/static.lefigaro.fr\/widget-video\/short-ttl\/video\/index.js\u00a0\u00bb<br \/>\n    &gt;<\/p>\n","protected":false},"excerpt":{"rendered":"Entre tournois de golf et moments en famille, le roi de la terre battue, \u00e0 qui un \u00e9mouvant&hellip;\n","protected":false},"author":2,"featured_media":128930,"comment_status":"","ping_status":"","sticky":false,"template":"","format":"standard","meta":{"footnotes":""},"categories":[1415],"tags":[1291,47,11,1193,6525,1067,1295,1294,6523,6527,6526,638,1011,27,1472,6529,12,6524,4853,24987,104,60,6528,1467],"class_list":{"0":"post-128929","1":"post","2":"type-post","3":"status-publish","4":"format-standard","5":"has-post-thumbnail","7":"category-tennis","8":"tag-actu-societe","9":"tag-actualite","10":"tag-actualites","11":"tag-couple","12":"tag-droit-des-femmes","13":"tag-enquete","14":"tag-feminin","15":"tag-femme","16":"tag-femme-dans-la-societe","17":"tag-femme-de-politique","18":"tag-femme-politique","19":"tag-figaro","20":"tag-fr","21":"tag-france","22":"tag-golf","23":"tag-info-societe","24":"tag-news","25":"tag-place-des-femmes-dans-la-societe","26":"tag-portraits","27":"tag-rafael-nadal","28":"tag-societe","29":"tag-sports","30":"tag-temoigngage","31":"tag-tennis"},"share_on_mastodon":{"url":"https:\/\/pubeurope.com\/@fr\/114573465542831822","error":""},"_links":{"self":[{"href":"https:\/\/www.europesays.com\/fr\/wp-json\/wp\/v2\/posts\/128929","targetHints":{"allow":["GET"]}}],"collection":[{"href":"https:\/\/www.europesays.com\/fr\/wp-json\/wp\/v2\/posts"}],"about":[{"href":"https:\/\/www.europesays.com\/fr\/wp-json\/wp\/v2\/types\/post"}],"author":[{"embeddable":true,"href":"https:\/\/www.europesays.com\/fr\/wp-json\/wp\/v2\/users\/2"}],"replies":[{"embeddable":true,"href":"https:\/\/www.europesays.com\/fr\/wp-json\/wp\/v2\/comments?post=128929"}],"version-history":[{"count":0,"href":"https:\/\/www.europesays.com\/fr\/wp-json\/wp\/v2\/posts\/128929\/revisions"}],"wp:featuredmedia":[{"embeddable":true,"href":"https:\/\/www.europesays.com\/fr\/wp-json\/wp\/v2\/media\/128930"}],"wp:attachment":[{"href":"https:\/\/www.europesays.com\/fr\/wp-json\/wp\/v2\/media?parent=128929"}],"wp:term":[{"taxonomy":"category","embeddable":true,"href":"https:\/\/www.europesays.com\/fr\/wp-json\/wp\/v2\/categories?post=128929"},{"taxonomy":"post_tag","embeddable":true,"href":"https:\/\/www.europesays.com\/fr\/wp-json\/wp\/v2\/tags?post=128929"}],"curies":[{"name":"wp","href":"https:\/\/api.w.org\/{rel}","templated":true}]}}