{"id":128943,"date":"2025-05-26T09:46:15","date_gmt":"2025-05-26T09:46:15","guid":{"rendered":"https:\/\/www.europesays.com\/fr\/128943\/"},"modified":"2025-05-26T09:46:15","modified_gmt":"2025-05-26T09:46:15","slug":"rofrane-bambara-emilie-fanich-tiffanie-esposito-plusieurs-mamans-de-familles-nombreuses-reunies-dans-le-sud-pour-un-defi-exceptionnel","status":"publish","type":"post","link":"https:\/\/www.europesays.com\/fr\/128943\/","title":{"rendered":"Rofrane Bambara, \u00c9milie Fanich, Tiffanie Esposito\u2026 Plusieurs mamans de Familles nombreuses r\u00e9unies dans le Sud pour un d\u00e9fi exceptionnel"},"content":{"rendered":"<p>\u00catre maman d&rsquo;une tribu, c&rsquo;est sportif. Mais cette fois, ce n&rsquo;est pas dans leur quotidien que les m\u00e8res de <a href=\"https:\/\/www.programme-tv.net\/news\/tele-realite\/378398-cette-candidate-de-familles-nombreuses-participe-a-un-concours-de-miss-sa-photo-officielle-devoilee\/\" data-api-deeplink=\"teleloisirs:\/\/news\/378398\" target=\"_blank\" rel=\"noopener\">Familles nombreuses\u00a0: la vie en XXL <\/a>ont d\u00fb relever des d\u00e9fis. Samedi 24\u00a0mai 2025, plusieurs d&rsquo;entre elles se sont rendues \u00e0 une rencontre sportive organis\u00e9e dans la ville de Tarascon. <a href=\"https:\/\/www.programme-tv.net\/biographie\/893302-bambara-rofrane\/\" data-link-people=\"ce985c6e-d02e-4eb5-8018-9846a7f7d5bf\" target=\"_blank\" rel=\"noopener\">Rofrane Bambara<\/a>, \u00c9milie Fanich, Tiffanie Esposito, Souad Romero, <a href=\"https:\/\/www.programme-tv.net\/news\/tele-realite\/379547-ca-ne-correspond-pas-a-mes-valeurs-celine-baudrand-familles-nombreuses-met-les-choses-au-clair-concernant-ses-activites-d-influenceuse\/\" data-api-deeplink=\"teleloisirs:\/\/news\/379547\" target=\"_blank\" rel=\"noopener\">Celine Baudrand<\/a>, Nathalie F\u00e9licien ou encore <a href=\"https:\/\/www.programme-tv.net\/biographie\/1078332-jean-zephirin-raoudha\/\" data-link-people=\"e5427f18-e3c8-4eb7-940b-758d534ac66a\" target=\"_blank\" rel=\"noopener\">Raoudha Jean-Z\u00e9phirin<\/a> se sont retrouv\u00e9es en tenues de sport, avec des t-shirts violets floqu\u00e9s d&rsquo;un logo \u00ab\u00a0C\u0153ur XXL\u00a0\u00bb. Sur le compte Instagram de sa famille, Tiffanie Esposito a post\u00e9 des photos du groupe avec en l\u00e9gende\u00a0: \u00ab\u00a0Aujourd\u2019hui, ce n\u2019est pas &lsquo;Maman, tu as vu mon doudou ?&rsquo; c\u2019est &lsquo;Maman, tu as vu mon totem ?&rsquo; On a rang\u00e9 les couches, sorti les bandanas, et on est pr\u00eates \u00e0 en d\u00e9coudre version Koh-Lanta\u00a0! \u00ab\u00a0<\/p>\n<p>Pourquoi les mamans de Familles nombreuses se sont-elles retrouv\u00e9es ?<\/p>\n<p>Car oui, cette \u00e9quipe de femmes a particip\u00e9 \u00e0 la deuxi\u00e8me \u00e9dition d&rsquo;Happy Lanta. \u00ab\u00a0Au programme\u00a0: sueur, fous rires, trahisons\u2026 (juste pour le dernier carr\u00e9 de chocolat). Les enfants croyaient qu\u2019on allait \u00e0 un pique-nique ? On revient avec le collier d\u2019immunit\u00e9 (et peut-\u00eatre une entorse)\u00a0! Team mamans en mission survie\u2026 mais toujours avec style\u00a0\u00bb, \u00e9crit<a href=\"https:\/\/www.programme-tv.net\/news\/tele-realite\/368522-tiffanie-esposito-familles-nombreuses-annonce-la-naissance-de-son-7eme-enfant-et-devoile-son-prenom\/\" data-api-deeplink=\"teleloisirs:\/\/news\/368522\" target=\"_blank\" rel=\"noopener\"> la m\u00e8re de sept enfants<\/a>. Comme le rapporte <a href=\"https:\/\/www.laprovence.com\/article\/region\/3086311885553814\/a-tarascon-les-defis-sportifs-d-happy-lanta-dedies-aux-femmes-sont-de-retour-ce-samedi-24-mai\" target=\"_blank\" rel=\"noopener\">La Provence<\/a> le 23\u00a0mai, \u00ab\u00a0apr\u00e8s le succ\u00e8s de la premi\u00e8re \u00e9dition qui a rassembl\u00e9 quelque 180 sportives, l\u2019association Happy\u2019m Fit Dance organise son deuxi\u00e8me Happy Lanta avec, cette fois, la &lsquo;version enfant&rsquo; programm\u00e9e le lendemain. L\u2019association Happy\u2019m Fit Dance propose \u00e0 son public de femmes, d\u2019enfants et de seniors une multitude d\u2019activit\u00e9s sportives comme du renforcement musculaire ou encore du sport adapt\u00e9 avec un coach sp\u00e9cialis\u00e9. Durant la matin\u00e9e les poules seront form\u00e9es pour le championnat de l\u2019apr\u00e8s-midi avec ses trois finales. Six \u00e9quipes participeront au d\u00e9fi tr\u00e8s attendu, inspir\u00e9 de l\u2019\u00e9mission anim\u00e9e par <a href=\"https:\/\/www.programme-tv.net\/biographie\/4383-brogniart-denis\/\" data-link-people=\"2580c48c-1b4f-411c-8ab6-8f62dfe1f8ca\" target=\"_blank\" rel=\"noopener\">Denis Brogniart<\/a>\u00a0: la fameuse \u00e9preuve des poteaux\u00a0! L\u2019annonce des podiums et la remise des lots cl\u00f4tureront cette journ\u00e9e de folie. Comme l\u2019ann\u00e9e derni\u00e8re, la journ\u00e9e sera suivie par les \u00e9quipes de TF1 pour l\u2019une de ses \u00e9missions\u00a0\u00bb.<\/p>\n<p>                        Une rencontre sportive pour les mamans de Familles nombreuses<\/p>\n<p>Sur la page Facebook Tarascon en Provence, on apprend que la comp\u00e9tition a lieu au stade La Proven\u00e7ale et que \u00ab\u00a0parmi [les] \u00e9quipes figure notamment celle des Mamans XXL qui rassemble les m\u00e8res du programme Familles nombreuses\u00a0\u00bb. Si pour l&rsquo;heure aucune des mamans n&rsquo;a partag\u00e9 les r\u00e9sultats sur les r\u00e9seaux sociaux, <a href=\"https:\/\/www.programme-tv.net\/news\/tele-realite\/359231-exclu-nathalie-felicien-familles-nombreuses-atteinte-de-surdite-se-confie-sur-la-naissance-de-ses-enfants-cela-ne-faisait-aucune-difference\/\" data-api-deeplink=\"teleloisirs:\/\/news\/359231\" target=\"_blank\" rel=\"noopener\">Nathalie F\u00e9licien (matriarche de la premi\u00e8re famille sourde de l&rsquo;\u00e9mission)<\/a>, a elle aussi<a href=\"https:\/\/www.instagram.com\/p\/DKF-g4YKgeo\/?hl=fr&amp;img_index=1\" target=\"_blank\" rel=\"noopener\"> post\u00e9 un message<\/a> au sujet de cette journ\u00e9e riche en \u00e9motions, ainsi que plusieurs photos et vid\u00e9os de ce moment de coh\u00e9sion. \u00ab\u00a0Mes magnifiques mamans XXL\u00a0! Quel plaisir de vous rencontrer. Juste pour partager, \u00e9tant la seule sourde ici, participer dans ce monde d\u2019entendants est une exp\u00e9rience incroyable mais \u00e9galement d\u00e9fiante. Heureusement, mon interpr\u00e8te est l\u00e0 pour m\u2019aider sinon cela serait vraiment difficile. Ce n\u2019est pas toujours facile pour les sourds de vivre avec les entendants, mais nous restons solidaires. Ensemble, nous, les mamans, sommes une belle \u00e9quipe\u00a0\u00bb.<\/p>\n<p>    <script async src=\"\/\/www.instagram.com\/embed.js\"><\/script><\/p>\n","protected":false},"excerpt":{"rendered":"\u00catre maman d&rsquo;une tribu, c&rsquo;est sportif. Mais cette fois, ce n&rsquo;est pas dans leur quotidien que les m\u00e8res&hellip;\n","protected":false},"author":2,"featured_media":128944,"comment_status":"","ping_status":"","sticky":false,"template":"","format":"standard","meta":{"footnotes":""},"categories":[1356],"tags":[244,58,59,4980,1011,27,2440,25327,252,1364,25328,1630],"class_list":{"0":"post-128943","1":"post","2":"type-post","3":"status-publish","4":"format-standard","5":"has-post-thumbnail","7":"category-television","8":"tag-commentaire","9":"tag-divertissement","10":"tag-entertainment","11":"tag-familles-nombreuses-la-vie-en-xxl","12":"tag-fr","13":"tag-france","14":"tag-instagram","15":"tag-souad-romero","16":"tag-television","17":"tag-tv","18":"tag-u00c9milie-fanich","19":"tag-zapping"},"share_on_mastodon":{"url":"https:\/\/pubeurope.com\/@fr\/114573501110965171","error":""},"_links":{"self":[{"href":"https:\/\/www.europesays.com\/fr\/wp-json\/wp\/v2\/posts\/128943","targetHints":{"allow":["GET"]}}],"collection":[{"href":"https:\/\/www.europesays.com\/fr\/wp-json\/wp\/v2\/posts"}],"about":[{"href":"https:\/\/www.europesays.com\/fr\/wp-json\/wp\/v2\/types\/post"}],"author":[{"embeddable":true,"href":"https:\/\/www.europesays.com\/fr\/wp-json\/wp\/v2\/users\/2"}],"replies":[{"embeddable":true,"href":"https:\/\/www.europesays.com\/fr\/wp-json\/wp\/v2\/comments?post=128943"}],"version-history":[{"count":0,"href":"https:\/\/www.europesays.com\/fr\/wp-json\/wp\/v2\/posts\/128943\/revisions"}],"wp:featuredmedia":[{"embeddable":true,"href":"https:\/\/www.europesays.com\/fr\/wp-json\/wp\/v2\/media\/128944"}],"wp:attachment":[{"href":"https:\/\/www.europesays.com\/fr\/wp-json\/wp\/v2\/media?parent=128943"}],"wp:term":[{"taxonomy":"category","embeddable":true,"href":"https:\/\/www.europesays.com\/fr\/wp-json\/wp\/v2\/categories?post=128943"},{"taxonomy":"post_tag","embeddable":true,"href":"https:\/\/www.europesays.com\/fr\/wp-json\/wp\/v2\/tags?post=128943"}],"curies":[{"name":"wp","href":"https:\/\/api.w.org\/{rel}","templated":true}]}}