{"id":128947,"date":"2025-05-26T09:48:09","date_gmt":"2025-05-26T09:48:09","guid":{"rendered":"https:\/\/www.europesays.com\/fr\/128947\/"},"modified":"2025-05-26T09:48:09","modified_gmt":"2025-05-26T09:48:09","slug":"cetait-de-la-merde-ou-un-beau-film-bien-joue-ce-que-pensent-les-cannois-apres-avoir-vu-le-film-qui-a-obtenu-la-palme-dor","status":"publish","type":"post","link":"https:\/\/www.europesays.com\/fr\/128947\/","title":{"rendered":"\u00ab\u00a0C\u2019\u00e9tait de la merde\u00a0\u00bb ou \u00ab\u00a0un beau film bien jou\u00e9\u00a0\u00bb: ce que pensent les Cannois apr\u00e8s avoir vu le film qui a obtenu la Palme d&rsquo;or"},"content":{"rendered":"<p>\u00c0 la sortie, beaucoup de visages sont ferm\u00e9s. La premi\u00e8re projection d\u2019\u00a0\u00bbUn simple accident\u00a0\u00bb s\u2019est termin\u00e9e peu avant 16h. Comme chaque ann\u00e9e, de nombreux Cannois ont le privil\u00e8ge de fouler le tapis rouge du Palais des Festivals au lendemain de l\u2019attribution de la Palme d\u2019or pour d\u00e9couvrir l\u2019\u0153uvre prim\u00e9e. Cette ann\u00e9e, c\u2019est le film de Jafar Panahi qui a su convaincre le jury. Le r\u00e9alisateur iranien, emprisonn\u00e9 \u00e0 plusieurs reprises dans son pays, d\u00e9voile dans son long-m\u00e9trage le traitement des prisonniers sous le r\u00e9gime des mollahs.<\/p>\n<p>L\u2019occasion pour certains de visionner \u00e0 nouveau le film, comme Lucie, qui avait assist\u00e9 \u00e0 la projection officielle le 20 mai, en pr\u00e9sence de l\u2019\u00e9quipe. \u00ab\u00a0Le revoir m\u2019a permis de mieux le comprendre. C\u2019est une critique forte de la politique iranienne, tout en subtilit\u00e9. L\u2019histoire se passe dans une camionnette, et petit \u00e0 petit des anciens prisonniers comprennent qu\u2019ils sont face \u00e0 leur bourreau. Ils ont envie de se venger, mais au fond, ils refusent de devenir comme lui. Le film d\u00e9voile son intrigue progressivement, ce qui rend l\u2019exp\u00e9rience encore plus prenante. Il montre une r\u00e9alit\u00e9 qu\u2019on ne voit pas souvent, et c\u2019est aussi un message personnel du r\u00e9alisateur, lui-m\u00eame ancien d\u00e9tenu \u00e0 cause de son art\u00a0\u00bb, r\u00e9sume l\u2019\u00e9tudiante.<\/p>\n<p>              <img ci-src=\"https:\/\/www.nicematin.com\/festival-de-cannes\/protec\/DATA_ART_15588317-bzMazk6X.jpg?vh=04b64c&amp;ci_seal=b08608372b\" alt=\"\"\/><br \/>\n        La projection de la Palme d\u2019or aux Cannois, ce dimanche 25 mai 2025 au Palais des Festivals. <strong>Photo PAUL MANGEONJEAN.<\/strong> <\/p>\n<p>                                \u00ab\u00a0C\u2019\u00e9tait de la merde\u00a0\u00bb contre \u00ab\u00a0un beau film bien jou\u00e9\u00a0\u00bb<\/p>\n<p>Le moins qu\u2019on puisse dire, c\u2019est que le film a divis\u00e9 les spectateurs. D\u2019un c\u00f4t\u00e9, ceux qui n\u2019ont vraiment pas accroch\u00e9, et de l\u2019autre, ceux qui pr\u00eatent une importance au sujet abord\u00e9. \u00ab\u00a0C\u2019\u00e9tait de la merde\u00a0\u00bb, a-t-on pu entendre en fond lors de l\u2019interview de Daniel. \u00ab\u00a0C\u2019est pas de la merde, ils ont pu montrer par un film ce qui se passe en Iran, c\u2019est \u00e7a la v\u00e9rit\u00e9! C\u2019est des atrocit\u00e9s mais c\u2019est ce qui se passe en Iran, a-t-il r\u00e9torqu\u00e9. Il faut savoir dans quelles conditions \u00e7a a \u00e9t\u00e9 film\u00e9 quand m\u00eame. Ils n\u2019avaient pas les droits des autorit\u00e9s iraniennes pour filmer. [&#8230;] Maintenant ils sont rentr\u00e9s dans leur pays, qu\u2019est ce qui va se passer pour eux?\u00a0\u00bb, s\u2019interroge le Cannois. \u00ab\u00a0C\u2019est un beau film en plein dans l\u2019actualit\u00e9, bien jou\u00e9, moi j\u2019ai \u00e9t\u00e9 tr\u00e8s touch\u00e9e, c\u2019\u00e9tait tr\u00e8s \u00e9mouvant\u00a0\u00bb, confirme Fran\u00e7oise. \u00ab\u00a0C\u2019est une triste r\u00e9alit\u00e9, c\u2019est quelque chose de poignant. \u00c7a fait r\u00e9fl\u00e9chir sur les r\u00e9gimes totalitaires\u00a0\u00bb, m\u00e9dite Saloah.<\/p>\n<p>Pour autant, l\u2019\u0153uvre iranienne n\u2019est pas la pr\u00e9f\u00e9r\u00e9e de cette habitu\u00e9e des s\u00e9ances Palme d\u2019or: \u00ab\u00a0Pour moi, c\u2019est \u00ab Anatomie d\u2019une chute\u00a0\u00bb qui reste top 1. \u00bb Sylvie, retrait\u00e9e, a d\u00e9j\u00e0 vu un film du r\u00e9alisateur iranien. \u00ab\u00a0Pour moi, ce n\u2019est pas du cin\u00e9ma, c\u2019est un film d\u2019art et d\u2019essai. Je n\u2019ai pas trop aim\u00e9.\u00a0\u00bb Et pour Marion, 24 ans, il y a du positif comme du n\u00e9gatif. \u00ab\u00a0Je ne regarderais pas ce type de film au premier abord mais le message qu\u2019il d\u00e9livre est int\u00e9ressant. [&#8230;] Le fond est bien, mais j\u2019ai eu du mal \u00e0 accrocher \u00e0 la forme. Par exemple, il y avait plusieurs moments de longueur\u00a0\u00bb, pr\u00e9cise-t-elle.<\/p>\n<p>Un sentiment qu\u2019elle n\u2019est pas la seule \u00e0 avoir ressenti. Sophie salue un \u00ab\u00a0message fort et facilement compr\u00e9hensible. Difficile de ne pas adh\u00e9rer \u00e0 cette d\u00e9nonciation d\u2019un r\u00e9gime totalitaire. De plus, les personnages sont bien d\u00e9finis et une certaine empathie pour eux se d\u00e9veloppe tout au long du film. En revanche on peut regretter de nombreuses longueurs qui n\u2019apportent pas grand-chose au r\u00e9cit.\u00a0\u00bb<\/p>\n<p>Enfin, Cl\u00e9ment, v\u00e9ritable cin\u00e9phile et habitu\u00e9 du Festival, a un avis bien tranch\u00e9 sur ce qu\u2019il vient de visionner: \u00ab\u00a0C\u2019est une \u0153uvre typique du cin\u00e9ma iranien de ces derni\u00e8res d\u00e9cennies. Le poids du t\u00e9moignage est fort tout en laissant le message principal en arri\u00e8re-plan. Le sc\u00e9nario sert de principe \u00e0 un tissu de sous-entendus qui tracent en filigrane un r\u00e9gime rigoriste en pleine d\u00e9rive. Par contre, le jeu d\u2019acteur d\u00e9\u00e7oit, et les personnages sont creux, comme s\u2019ils ne servaient que de d\u00e9cors \u00e0 la trame de fond\u00a0\u00bb, d\u00e9veloppe le trentenaire.<\/p>\n<p>\u00ab\u00a0C\u2019est important de montrer cette r\u00e9alit\u00e9 au cin\u00e9ma\u00a0\u00bb<\/p>\n<p>La grande majorit\u00e9 des Cannois se rejoint quand m\u00eame sur un point central: il est important de montrer cette r\u00e9alit\u00e9 au cin\u00e9ma. \u00ab\u00a0C\u2019est important aussi de montrer la diff\u00e9rence qu\u2019il y a entre ceux qui se battent contre ce type de violence, et ceux qui les r\u00e9alisent\u00a0\u00bb, pr\u00e9cise Chantal, qui a assist\u00e9 \u00e0 sa premi\u00e8re Palme d\u2019or. \u00ab\u00a0J\u2019ai beaucoup appr\u00e9ci\u00e9 le c\u00f4t\u00e9 vrai qu\u2019on voit de moins en moins au cin\u00e9ma. On sent qu\u2019on ne nous entra\u00eene pas dans une mise en sc\u00e8ne mais dans un t\u00e9moignage. On devient un t\u00e9moin de ce qui se passe, d\u2019un drame qui se joue et qui est vieux comme l\u2019\u00eatre humain\u00a0\u00bb, souligne Alain.<\/p>\n<p>Pour les ceux qui n\u2019ont assist\u00e9 \u00e0 aucune des projections et qui souhaitent se forger leur propre opinion, \u00ab\u00a0Un simple accident\u00a0\u00bb sortira en salles le 10 septembre.<\/p>\n","protected":false},"excerpt":{"rendered":"\u00c0 la sortie, beaucoup de visages sont ferm\u00e9s. La premi\u00e8re projection d\u2019\u00a0\u00bbUn simple accident\u00a0\u00bb s\u2019est termin\u00e9e peu avant&hellip;\n","protected":false},"author":2,"featured_media":128948,"comment_status":"","ping_status":"","sticky":false,"template":"","format":"standard","meta":{"footnotes":""},"categories":[1354],"tags":[58,59,5634,1346,1011,27,1360],"class_list":{"0":"post-128947","1":"post","2":"type-post","3":"status-publish","4":"format-standard","5":"has-post-thumbnail","7":"category-films","8":"tag-divertissement","9":"tag-entertainment","10":"tag-festival-de-cannes","11":"tag-films","12":"tag-fr","13":"tag-france","14":"tag-movies"},"share_on_mastodon":{"url":"https:\/\/pubeurope.com\/@fr\/114573508844645766","error":""},"_links":{"self":[{"href":"https:\/\/www.europesays.com\/fr\/wp-json\/wp\/v2\/posts\/128947","targetHints":{"allow":["GET"]}}],"collection":[{"href":"https:\/\/www.europesays.com\/fr\/wp-json\/wp\/v2\/posts"}],"about":[{"href":"https:\/\/www.europesays.com\/fr\/wp-json\/wp\/v2\/types\/post"}],"author":[{"embeddable":true,"href":"https:\/\/www.europesays.com\/fr\/wp-json\/wp\/v2\/users\/2"}],"replies":[{"embeddable":true,"href":"https:\/\/www.europesays.com\/fr\/wp-json\/wp\/v2\/comments?post=128947"}],"version-history":[{"count":0,"href":"https:\/\/www.europesays.com\/fr\/wp-json\/wp\/v2\/posts\/128947\/revisions"}],"wp:featuredmedia":[{"embeddable":true,"href":"https:\/\/www.europesays.com\/fr\/wp-json\/wp\/v2\/media\/128948"}],"wp:attachment":[{"href":"https:\/\/www.europesays.com\/fr\/wp-json\/wp\/v2\/media?parent=128947"}],"wp:term":[{"taxonomy":"category","embeddable":true,"href":"https:\/\/www.europesays.com\/fr\/wp-json\/wp\/v2\/categories?post=128947"},{"taxonomy":"post_tag","embeddable":true,"href":"https:\/\/www.europesays.com\/fr\/wp-json\/wp\/v2\/tags?post=128947"}],"curies":[{"name":"wp","href":"https:\/\/api.w.org\/{rel}","templated":true}]}}