{"id":128959,"date":"2025-05-26T09:55:08","date_gmt":"2025-05-26T09:55:08","guid":{"rendered":"https:\/\/www.europesays.com\/fr\/128959\/"},"modified":"2025-05-26T09:55:08","modified_gmt":"2025-05-26T09:55:08","slug":"le-parti-socialiste-sopposera-a-la-proposition-de-loi-duplomb-sur-le-metier-dagriculteur","status":"publish","type":"post","link":"https:\/\/www.europesays.com\/fr\/128959\/","title":{"rendered":"le Parti socialiste s\u2019opposera \u00e0 la proposition de loi Duplomb sur le m\u00e9tier d\u2019agriculteur"},"content":{"rendered":"<p>Invit\u00e9 sur BFMTV, Olivier Faure a d\u00e9nonc\u00e9 la \u00abman\u0153uvre de derni\u00e8re minute\u00bb du bloc central pour emp\u00eacher l\u2019examen du texte.<\/p>\n<p class=\"fig-paragraph\">La\u00a0<a href=\"http:\/\/www.lefigaro.fr\/politique\/ca-peut-faire-peter-le-socle-commun-l-assemblee-s-apprete-a-replonger-dans-le-debat-explosif-sur-les-neonicotinoides-20250326\" data-fig-type=\"Article\" data-gtm-custom-categorie=\"navigation\" data-gtm-custom-action=\"crossclick\" data-gtm-custom-label=\"Contextuel\" data-gtm-event=\"customEventSPE\" data-fig-domain=\"LEFIGARO\" target=\"_blank\" rel=\"noopener\">proposition de loi Duplomb<\/a>\u00a0sur le m\u00e9tier d\u2019agriculteur, dont l\u2019examen d\u00e9butera cet apr\u00e8s-midi \u00e0 l\u2019Assembl\u00e9e nationale, donne \u00e0 voir un retour du clivage droite-gauche. Invit\u00e9 sur BFMTV, Olivier Faure a critiqu\u00e9 un texte qui n\u2019est autre qu\u2019une \u00abfuite en avant vers l\u2019agro-industrie\u00bb. Le premier secr\u00e9taire du\u00a0<a href=\"http:\/\/www.lefigaro.fr\/politique\/desaccords-strategiques-inimities-tres-fortes-le-parti-socialiste-face-au-risque-de-la-fragmentation-20250504\" data-fig-type=\"Article\" data-gtm-custom-categorie=\"navigation\" data-gtm-custom-action=\"crossclick\" data-gtm-custom-label=\"Contextuel\" data-gtm-event=\"customEventSPE\" data-fig-domain=\"LEFIGARO\" target=\"_blank\" rel=\"noopener\">Parti socialiste<\/a>\u00a0(PS) en veut pour preuve la \u00abr\u00e9introduction des n\u00e9onicotino\u00efdes\u00bb que permettrait son adoption, ainsi que la \u00abpossibilit\u00e9\u00bb de construire des \u00abfermes usines\u00bb et des \u00abm\u00e9gabassines\u00bb, ces derni\u00e8res n\u2019\u00e9tant qu\u2019une \u00abprivatisation de l\u2019eau au profit de quelques-uns\u00bb.<\/p>\n<p class=\"fig-paragraph\">\u00abC\u2019est un suicide collectif\u00bb, a martel\u00e9 le leader des socialistes, m\u00eame s\u2019il reconna\u00eet que quelques \u00abrares\u00bb \u00e9l\u00e9ments de la proposition de loi sont \u00abpositifs\u00bb. Encore faudrait-il que le texte puisse \u00eatre examin\u00e9, alors que plus de 3400 amendements ont \u00e9t\u00e9 d\u00e9pos\u00e9s, en grande majorit\u00e9 par des d\u00e9put\u00e9s \u00e9cologistes et Insoumis. Face \u00e0 cette obstruction parlementaire, le gouvernement a trouv\u00e9 une \u00abman\u0153uvre de derni\u00e8re minute\u00bb, comme la qualifie Olivier Faure, consistant pour le bloc central \u00e0 soutenir une motion de rejet pr\u00e9alable pour que la proposition de loi aille directement en\u00a0<a href=\"https:\/\/www.lefigaro.fr\/politique\/qu-est-ce-que-la-commission-mixte-paritaire-et-pourquoi-est-elle-plus-importante-que-jamais-20220722\" data-fig-type=\"Article\" data-gtm-custom-categorie=\"navigation\" data-gtm-custom-action=\"crossclick\" data-gtm-custom-label=\"Contextuel\" data-gtm-event=\"customEventSPE\" data-fig-domain=\"LEFIGARO\" target=\"_blank\" rel=\"noopener\">commission mixte paritaire<\/a>.<\/p>\n<p>\u00abTout cela est absolument inepte\u00bb<\/p>\n<p class=\"fig-paragraph\">\u00abIl faut que le d\u00e9bat ait lieu\u00bb, a insist\u00e9 le premier secr\u00e9taire du PS, qui reproche \u00e0 l\u2019ex\u00e9cutif de ne pas avoir \u00abcherch\u00e9 \u00e0 trouver des solutions avec le Parlement\u00bb et de \u00abprofiter de l\u2019obstruction de quelques-uns pour effacer un d\u00e9bat tr\u00e8s important de sant\u00e9 publique\u00bb. Pour Olivier Faure, cette strat\u00e9gie vise avant tout \u00e0 masquer les \u00abgrands d\u00e9saccords\u00bb au sein du \u00absocle commun\u00bb autour de la question des pesticides, alors que l\u2019article 2 du texte vise \u00e0 r\u00e9introduire l\u2019usage de l\u2019ac\u00e9tamipride, un\u00a0<a href=\"http:\/\/www.lefigaro.fr\/conjoncture\/la-ministre-de-la-transition-ecologique-redit-son-opposition-aux-neonicotinoides-20250525\" data-fig-type=\"NewsFlash\" data-gtm-custom-categorie=\"navigation\" data-gtm-custom-action=\"crossclick\" data-gtm-custom-label=\"Contextuel\" data-gtm-event=\"customEventSPE\" data-fig-domain=\"LEFIGARO\" target=\"_blank\" rel=\"noopener\">n\u00e9onicotino\u00efde<\/a>\u00a0interdit en France mais autoris\u00e9 en Europe, surnomm\u00e9 le \u00abchlord\u00e9cone de l\u2019Hexagone\u00bb.<\/p>\n<p class=\"fig-paragraph\">Le chef du PS a souhait\u00e9 mettre en garde quant aux cons\u00e9quences de l\u2019adoption de la proposition de loi Duplomb. \u00abOn va avoir davantage de biodiversit\u00e9 qui va dispara\u00eetre, on aura encore plus de difficult\u00e9s \u00e0 vaincre les ravageurs&#8230; Tout cela est absolument inepte\u00bb, a alert\u00e9 Olivier Faure, qui appelle notamment \u00e0 interdire \u00e0 \u00abl\u2019\u00e9chelle europ\u00e9enne\u00bb les pesticides.<\/p>\n","protected":false},"excerpt":{"rendered":"Invit\u00e9 sur BFMTV, Olivier Faure a d\u00e9nonc\u00e9 la \u00abman\u0153uvre de derni\u00e8re minute\u00bb du bloc central pour emp\u00eacher l\u2019examen&hellip;\n","protected":false},"author":2,"featured_media":128960,"comment_status":"","ping_status":"","sticky":false,"template":"","format":"standard","meta":{"footnotes":""},"categories":[4],"tags":[11,426,427,422,423,1011,27,418,424,425,420,421,12,4393,419,316,429,25,428],"class_list":{"0":"post-128959","1":"post","2":"type-post","3":"status-publish","4":"format-standard","5":"has-post-thumbnail","7":"category-france","8":"tag-actualites","9":"tag-candidat","10":"tag-candidats","11":"tag-depute","12":"tag-deputes","13":"tag-fr","14":"tag-france","15":"tag-gouvernement","16":"tag-institution","17":"tag-institutions","18":"tag-loi","19":"tag-lois","20":"tag-news","21":"tag-olivier-faure","22":"tag-opposition","23":"tag-politique","24":"tag-ps","25":"tag-republique-francaise","26":"tag-ump"},"share_on_mastodon":{"url":"https:\/\/pubeurope.com\/@fr\/114573536395030919","error":""},"_links":{"self":[{"href":"https:\/\/www.europesays.com\/fr\/wp-json\/wp\/v2\/posts\/128959","targetHints":{"allow":["GET"]}}],"collection":[{"href":"https:\/\/www.europesays.com\/fr\/wp-json\/wp\/v2\/posts"}],"about":[{"href":"https:\/\/www.europesays.com\/fr\/wp-json\/wp\/v2\/types\/post"}],"author":[{"embeddable":true,"href":"https:\/\/www.europesays.com\/fr\/wp-json\/wp\/v2\/users\/2"}],"replies":[{"embeddable":true,"href":"https:\/\/www.europesays.com\/fr\/wp-json\/wp\/v2\/comments?post=128959"}],"version-history":[{"count":0,"href":"https:\/\/www.europesays.com\/fr\/wp-json\/wp\/v2\/posts\/128959\/revisions"}],"wp:featuredmedia":[{"embeddable":true,"href":"https:\/\/www.europesays.com\/fr\/wp-json\/wp\/v2\/media\/128960"}],"wp:attachment":[{"href":"https:\/\/www.europesays.com\/fr\/wp-json\/wp\/v2\/media?parent=128959"}],"wp:term":[{"taxonomy":"category","embeddable":true,"href":"https:\/\/www.europesays.com\/fr\/wp-json\/wp\/v2\/categories?post=128959"},{"taxonomy":"post_tag","embeddable":true,"href":"https:\/\/www.europesays.com\/fr\/wp-json\/wp\/v2\/tags?post=128959"}],"curies":[{"name":"wp","href":"https:\/\/api.w.org\/{rel}","templated":true}]}}