{"id":128967,"date":"2025-05-26T09:59:08","date_gmt":"2025-05-26T09:59:08","guid":{"rendered":"https:\/\/www.europesays.com\/fr\/128967\/"},"modified":"2025-05-26T09:59:08","modified_gmt":"2025-05-26T09:59:08","slug":"photos-pluie-detoiles-etincelantes-sur-la-scene-du-festival-aux-actes-citoyens","status":"publish","type":"post","link":"https:\/\/www.europesays.com\/fr\/128967\/","title":{"rendered":"Photos. \u00ab\u00a0Pluie d\u2019\u00e9toiles \u00e9tincelantes\u00a0\u00bb sur la sc\u00e8ne du festival \u00ab\u00a0Aux Actes Citoyens\u00a0\u00bb"},"content":{"rendered":"<p>Festival de th\u00e9\u00e2tre certes, mais rien n\u2019interdit d\u2019y faire entrer la danse. Or dimanche soir, c\u2019est \u00e0 une repr\u00e9sentation de tr\u00e8s haut niveau qu\u2019ont assist\u00e9 les festivaliers d\u2019Aux Actes citoyens, avec Pluie d\u2019Etoiles. Sous les directives du danseur et ancien soliste Francois Mauduit, le programme s\u2019est concentr\u00e9 sur l\u2019apport de l\u2019\u00e9cole Am\u00e9ricaine au monde de la danse. Sur la sc\u00e8ne de l\u2019espace Jean Jaur\u00e8s, les \u00e9toiles ont fil\u00e9 dans une explosion tout \u00e0 la fois d\u2019inventivit\u00e9 et de pr\u00e9cision technique, o\u00f9 le monde de Gershwin croisait celui du gospel et bien s\u00fbr de Maurice B\u00e9jart. Dont a \u00e9t\u00e9 repris une \u00e9poustouflante chor\u00e9graphie sur Carmina Burana qui a mis toute la salle en joie. En ce beau dimanche de printemps \u00e9tait c\u00e9l\u00e9br\u00e9 le sacre de la danse !<\/p>\n","protected":false},"excerpt":{"rendered":"Festival de th\u00e9\u00e2tre certes, mais rien n\u2019interdit d\u2019y faire entrer la danse. Or dimanche soir, c\u2019est \u00e0 une&hellip;\n","protected":false},"author":2,"featured_media":128968,"comment_status":"","ping_status":"","sticky":false,"template":"","format":"standard","meta":{"footnotes":""},"categories":[9635],"tags":[1111,11,1704,1777,674,1011,27,775,1702,12,25,3140],"class_list":{"0":"post-128967","1":"post","2":"type-post","3":"status-publish","4":"format-standard","5":"has-post-thumbnail","7":"category-nancy","8":"tag-actu","9":"tag-actualites","10":"tag-edition-nancy-et-agglomeration","11":"tag-eu","12":"tag-europe","13":"tag-fr","14":"tag-france","15":"tag-grand-est","16":"tag-nancy","17":"tag-news","18":"tag-republique-francaise","19":"tag-spectacle"},"share_on_mastodon":{"url":"https:\/\/pubeurope.com\/@fr\/114573552255479089","error":""},"_links":{"self":[{"href":"https:\/\/www.europesays.com\/fr\/wp-json\/wp\/v2\/posts\/128967","targetHints":{"allow":["GET"]}}],"collection":[{"href":"https:\/\/www.europesays.com\/fr\/wp-json\/wp\/v2\/posts"}],"about":[{"href":"https:\/\/www.europesays.com\/fr\/wp-json\/wp\/v2\/types\/post"}],"author":[{"embeddable":true,"href":"https:\/\/www.europesays.com\/fr\/wp-json\/wp\/v2\/users\/2"}],"replies":[{"embeddable":true,"href":"https:\/\/www.europesays.com\/fr\/wp-json\/wp\/v2\/comments?post=128967"}],"version-history":[{"count":0,"href":"https:\/\/www.europesays.com\/fr\/wp-json\/wp\/v2\/posts\/128967\/revisions"}],"wp:featuredmedia":[{"embeddable":true,"href":"https:\/\/www.europesays.com\/fr\/wp-json\/wp\/v2\/media\/128968"}],"wp:attachment":[{"href":"https:\/\/www.europesays.com\/fr\/wp-json\/wp\/v2\/media?parent=128967"}],"wp:term":[{"taxonomy":"category","embeddable":true,"href":"https:\/\/www.europesays.com\/fr\/wp-json\/wp\/v2\/categories?post=128967"},{"taxonomy":"post_tag","embeddable":true,"href":"https:\/\/www.europesays.com\/fr\/wp-json\/wp\/v2\/tags?post=128967"}],"curies":[{"name":"wp","href":"https:\/\/api.w.org\/{rel}","templated":true}]}}