{"id":128977,"date":"2025-05-26T10:04:13","date_gmt":"2025-05-26T10:04:13","guid":{"rendered":"https:\/\/www.europesays.com\/fr\/128977\/"},"modified":"2025-05-26T10:04:13","modified_gmt":"2025-05-26T10:04:13","slug":"vivaldi-en-sons-et-lumieres-dans-un-spectacle-immersif","status":"publish","type":"post","link":"https:\/\/www.europesays.com\/fr\/128977\/","title":{"rendered":"Vivaldi en sons et lumi\u00e8res dans un spectacle immersif"},"content":{"rendered":"<p>\n\t\t\t\t\tLes Quatre Saisons prennent vie \u00e0 la Chapelle de Nazareth \u00e0 Montpellier.  \t\t\t\t<\/p>\n<p>\n\t\t\t\t\t\t\t\t\t\u00a9 Camille Casanova \/ InfOccitanie \u2013 spectacle Enlightenment.\t\t\t\t\t\t\t\t<\/p>\n<p>Depuis peu, la <strong>Chapelle de Nazareth<\/strong> de <a href=\"https:\/\/infoccitanie.fr\/tag\/montpellier\/\" rel=\"nofollow noopener\" target=\"_blank\">Montpellier<\/a> accueille \u00ab\u00a0<strong>Enlightenment<\/strong>\u00a0\u00bb, un <strong>spectacle lumineux et sonore immersif<\/strong> mettant \u00e0 l\u2019honneur <strong>Les Quatre Saisons de Vivaldi<\/strong>. Cette exp\u00e9rience sensorielle de <strong>30 minutes<\/strong> marie musique classique et projections 3D dans un cadre patrimonial exceptionnel. Chaque recoin architectural de la chapelle a \u00e9t\u00e9 scrupuleusement mod\u00e9lis\u00e9 pour une projection parfaitement ajust\u00e9e, plongeant les visiteurs dans une chor\u00e9graphie visuelle captivante.<\/p>\n<p>D\u00e9couverte de ce spectacle immersif entre sons et lumi\u00e8res<\/p>\n<p>Cette initiative renforce l\u2019attrait touristique de <a href=\"https:\/\/infoccitanie.fr\/tag\/montpellier\/\" rel=\"nofollow noopener\" target=\"_blank\">Montpellier<\/a> en valorisant son patrimoine d\u2019une mani\u00e8re contemporaine et \u00e9motionnelle. Elle contribue \u00e9galement \u00e0 la d\u00e9mocratisation de la musique classique aupr\u00e8s d\u2019un public plus large, en la rendant plus accessible et spectaculaire.<\/p>\n<p>Informations pratiques<\/p>\n<p>N\u2019attendez pas pour vivre cette exp\u00e9rience multisensorielle unique \u00e0 <a href=\"https:\/\/infoccitanie.fr\/tag\/montpellier\/\" rel=\"nofollow noopener\" target=\"_blank\">Montpellier<\/a>. La <strong>r\u00e9servation<\/strong> est <strong>obligatoire<\/strong> (<a href=\"https:\/\/eonariumexperiences.com\/montpellier\/enlightenment\/\" target=\"_blank\" rel=\"nofollow noopener\">ici le site officiel de l\u2019\u00e9v\u00e8nement<\/a>). Pour pleinement profiter de l\u2019exp\u00e9rience, les organisateurs recommandent aux spectateurs d\u2019arriver au moins 15 minutes avant l\u2019heure pr\u00e9vue.<\/p>\n","protected":false},"excerpt":{"rendered":"Les Quatre Saisons prennent vie \u00e0 la Chapelle de Nazareth \u00e0 Montpellier. \u00a9 Camille Casanova \/ InfOccitanie \u2013&hellip;\n","protected":false},"author":2,"featured_media":128978,"comment_status":"","ping_status":"","sticky":false,"template":"","format":"standard","meta":{"footnotes":""},"categories":[9599],"tags":[1111,11,1777,674,1011,27,2208,12,2680,25,3140],"class_list":{"0":"post-128977","1":"post","2":"type-post","3":"status-publish","4":"format-standard","5":"has-post-thumbnail","7":"category-montpellier","8":"tag-actu","9":"tag-actualites","10":"tag-eu","11":"tag-europe","12":"tag-fr","13":"tag-france","14":"tag-montpellier","15":"tag-news","16":"tag-occitanie","17":"tag-republique-francaise","18":"tag-spectacle"},"share_on_mastodon":{"url":"https:\/\/pubeurope.com\/@fr\/114573571924113748","error":""},"_links":{"self":[{"href":"https:\/\/www.europesays.com\/fr\/wp-json\/wp\/v2\/posts\/128977","targetHints":{"allow":["GET"]}}],"collection":[{"href":"https:\/\/www.europesays.com\/fr\/wp-json\/wp\/v2\/posts"}],"about":[{"href":"https:\/\/www.europesays.com\/fr\/wp-json\/wp\/v2\/types\/post"}],"author":[{"embeddable":true,"href":"https:\/\/www.europesays.com\/fr\/wp-json\/wp\/v2\/users\/2"}],"replies":[{"embeddable":true,"href":"https:\/\/www.europesays.com\/fr\/wp-json\/wp\/v2\/comments?post=128977"}],"version-history":[{"count":0,"href":"https:\/\/www.europesays.com\/fr\/wp-json\/wp\/v2\/posts\/128977\/revisions"}],"wp:featuredmedia":[{"embeddable":true,"href":"https:\/\/www.europesays.com\/fr\/wp-json\/wp\/v2\/media\/128978"}],"wp:attachment":[{"href":"https:\/\/www.europesays.com\/fr\/wp-json\/wp\/v2\/media?parent=128977"}],"wp:term":[{"taxonomy":"category","embeddable":true,"href":"https:\/\/www.europesays.com\/fr\/wp-json\/wp\/v2\/categories?post=128977"},{"taxonomy":"post_tag","embeddable":true,"href":"https:\/\/www.europesays.com\/fr\/wp-json\/wp\/v2\/tags?post=128977"}],"curies":[{"name":"wp","href":"https:\/\/api.w.org\/{rel}","templated":true}]}}