{"id":128983,"date":"2025-05-26T10:07:17","date_gmt":"2025-05-26T10:07:17","guid":{"rendered":"https:\/\/www.europesays.com\/fr\/128983\/"},"modified":"2025-05-26T10:07:17","modified_gmt":"2025-05-26T10:07:17","slug":"imad-tintin-linfluenceur-algerien-face-a-la-justice","status":"publish","type":"post","link":"https:\/\/www.europesays.com\/fr\/128983\/","title":{"rendered":"Imad Tintin, l&rsquo;influenceur alg\u00e9rien face \u00e0 la justice"},"content":{"rendered":"<p>            Par<br \/>\n        <strong><br \/>\n            <a href=\"https:\/\/actu.fr\/auteur\/redaction-grenoble\" title=\"Consulter tous les articles de R\u00e9daction Grenoble\" target=\"_blank\" rel=\"noopener\">R\u00e9daction Grenoble<\/a><br \/>\n        <\/strong><\/p>\n<p>        Publi\u00e9 le<\/p>\n<p>            26 mai 2025 \u00e0 11h20        <\/p>\n<p>D\u00e9but 2025, <a href=\"https:\/\/actu.fr\/auvergne-rhone-alpes\/grenoble_38185\/bruler-vif-tuer-et-violer-en-france-l-influenceur-algerien-imad-tintin-finalement-en-prison_62080824.html\" target=\"_blank\" rel=\"noopener\">Imad Tintin<\/a> \u2013 Imad Ould Brahim de son vrai nom -, Alg\u00e9rien de 31 ans, a \u00e9t\u00e9 arr\u00eat\u00e9 \u00e0 \u00c9chirolles pr\u00e8s de <a href=\"https:\/\/actu.fr\/auvergne-rhone-alpes\/grenoble_38185\" target=\"_blank\" rel=\"noopener\">Grenoble<\/a>. Il est accus\u00e9 de \u00ab\u00a0provocation directe \u00e0 un acte de terrorisme\u00a0\u00bb dans une vid\u00e9o publi\u00e9e sur les r\u00e9seaux sociaux, supprim\u00e9e depuis.<\/p>\n<p class=\" wall-content\">Son proc\u00e8s a d\u00e9j\u00e0 \u00e9t\u00e9 <strong>renvoy\u00e9 \u00e0 deux reprises<\/strong> depuis le d\u00e9but de l\u2019ann\u00e9e, d\u2019abord pour pr\u00e9parer sa d\u00e9fense, puis pour que soit r\u00e9alis\u00e9e une expertise sur la traduction de ses propos, tenus en arabe dialectal.<\/p>\n<p class=\" wall-content\">Vendredi 23 mai, le tribunal correctionnel de Grenoble s\u2019est pench\u00e9 sur l\u2019affaire.<\/p>\n<p>Des faits requalifi\u00e9s<\/p>\n<p class=\" wall-content\">Les faits ont \u00e9t\u00e9 r\u00e9examin\u00e9s sur la base <strong>d\u2019une nouvelle traduction<\/strong> effectu\u00e9e par un expert agr\u00e9\u00e9 de la Cour de cassation. Les propos initialement reproch\u00e9s au pr\u00e9venu appelant \u00e0 \u00ab br\u00fbler vif, tuer et violer sur le sol fran\u00e7ais \u00bb, que son avocat a d\u2019embl\u00e9e contest\u00e9, n\u2019apparaissent plus.<\/p>\n<p class=\" wall-content\">En revanche, des expressions comme \u00ab\u00a0Nous les Alg\u00e9riens, nous les gens du sang, nous avons grandi dans le sang (\u2026) on va vous mettre le feu\u00a0\u00bb ont \u00e9t\u00e9 retenues.<\/p>\n<p>Vid\u00e9os : en ce moment sur Actu<\/p>\n<p class=\" wall-content\">Le parquet a donc requis une <strong>\u00ab\u00a0requalification\u00a0\u00bb \u00e0 la baisse<\/strong> des faits reproch\u00e9s \u00e0 l\u2019influenceur, d\u00e9sormais poursuivis pour \u00ab\u00a0menaces\u00a0\u00bb.<\/p>\n<p>\u00ab\u00a0Emballement\u00a0\u00bb autour de l\u2019affaire<\/p>\n<p class=\" wall-content\">Le procureur de la R\u00e9publique de Grenoble, \u00c9tienne Manteaux, a d\u00e9plor\u00e9 lors de l\u2019audience \u00ab\u00a0l\u2019emballement\u00a0\u00bb dont l\u2019affaire a fait l\u2019objet, apr\u00e8s l\u2019interpellation de <a href=\"https:\/\/actu.fr\/ile-de-france\/paris_75056\/influenceur-algerien-arrete-a-paris-le-parquet-denonce-une-fuite-prematuree-du-ministre-bruno-retailleau_62150229.html\" target=\"_blank\" rel=\"noopener\">plusieurs autres influenceurs alg\u00e9riens<\/a> dans l\u2019Hexagone.<\/p>\n<p class=\" wall-content\">Selon lui, s\u2019il appara\u00eet d\u00e9sormais que les propos tenus par Imad Tintin ne rel\u00e8vent pas d\u2019une \u00ab\u00a0provocation directe \u00e0 un acte de terrorisme\u00a0\u00bb, il estime toutefois que Imad Ould Brahim a \u00ab\u00a0clairement d\u00e9rap\u00e9\u00a0\u00bb et <strong>doit \u00eatre condamn\u00e9<\/strong>.<\/p>\n<p class=\" wall-content\">Le procureur a ainsi requis <strong>six mois de prison<\/strong>, dont quatre avec sursis.<\/p>\n<p>\u00ab\u00a0Tout \u00e7a pour \u00e7a\u00a0\u00bb<\/p>\n<p class=\" wall-content\">\u00ab\u00a0Tout \u00e7a pour \u00e7a\u00a0\u00bb, soupire l\u2019avocat de la d\u00e9fense, Me Alexandre Rouvier. Pour lui, son client a \u00e9t\u00e9 <strong>\u00ab\u00a0livr\u00e9 en p\u00e2ture\u00a0\u00bb<\/strong>, sans que le \u00ab\u00a0contexte\u00a0\u00bb d\u2019opposition sur les r\u00e9seaux sociaux de groupes de partisans et d\u2019opposants au r\u00e9gime alg\u00e9rien ne soit pris en compte.<\/p>\n<p class=\" wall-content\">Toujours selon l\u2019avocat, le dossier a aussi pris une <a href=\"https:\/\/actu.fr\/pays-de-la-loire\/nantes_44109\/influenceurs-algeriens-narcotrafic-ce-qu-il-faut-retenir-de-la-visite-de-bruno-retailleau-a-nantes_62101615.html\" target=\"_blank\" rel=\"noopener\">tournure \u00ab\u00a0politique\u00a0\u00bb<\/a> en France avec une r\u00e9action du ministre de l\u2019Int\u00e9rieur, Bruno Retailleau, puis l\u2019ouverture d\u2019une enqu\u00eate par la justice. Il a plaid\u00e9 la relaxe pure et simple de son client, un \u00ab\u00a0homme ab\u00eem\u00e9 par ce qu\u2019il a v\u00e9cu\u00a0\u00bb.<\/p>\n<p class=\" wall-content\">Le tribunal a <strong>mis sa d\u00e9cision en d\u00e9lib\u00e9r\u00e9<\/strong> pour le 10 juin.<\/p>\n<p class=\" wall-content\"><strong>Avec AFP<\/strong><\/p>\n<p class=\" wall-content\">Suivez toute l\u2019actualit\u00e9 de vos villes et m\u00e9dias favoris en vous inscrivant \u00e0 <a href=\"https:\/\/moncompte.actu.fr\" title=\"D\u00e9couvez Mon Actu\" rel=\"nofollow noopener\" data-trk=\"{&quot;cta&quot;:{&quot;action&quot;:&quot;https:\\\/\\\/moncompte.actu.fr&quot;,&quot;category&quot;:&quot;mon compte&quot;,&quot;from&quot;:&quot;article footer&quot;,&quot;name&quot;:&quot;Mon actu&quot;,&quot;type&quot;:&quot;cta&quot;}}\" target=\"_blank\">Mon Actu<\/a>.<\/p>\n","protected":false},"excerpt":{"rendered":"Par R\u00e9daction Grenoble Publi\u00e9 le 26 mai 2025 \u00e0 11h20 D\u00e9but 2025, Imad Tintin \u2013 Imad Ould Brahim&hellip;\n","protected":false},"author":2,"featured_media":128984,"comment_status":"","ping_status":"","sticky":false,"template":"","format":"standard","meta":{"footnotes":""},"categories":[9566],"tags":[1111,11,15,2430,1777,674,1011,27,2731,303,12,25,104],"class_list":{"0":"post-128983","1":"post","2":"type-post","3":"status-publish","4":"format-standard","5":"has-post-thumbnail","7":"category-grenoble","8":"tag-actu","9":"tag-actualites","10":"tag-algerie","11":"tag-auvergne-rhone-alpes","12":"tag-eu","13":"tag-europe","14":"tag-fr","15":"tag-france","16":"tag-grenoble","17":"tag-justice","18":"tag-news","19":"tag-republique-francaise","20":"tag-societe"},"share_on_mastodon":{"url":"https:\/\/pubeurope.com\/@fr\/114573583608476189","error":""},"_links":{"self":[{"href":"https:\/\/www.europesays.com\/fr\/wp-json\/wp\/v2\/posts\/128983","targetHints":{"allow":["GET"]}}],"collection":[{"href":"https:\/\/www.europesays.com\/fr\/wp-json\/wp\/v2\/posts"}],"about":[{"href":"https:\/\/www.europesays.com\/fr\/wp-json\/wp\/v2\/types\/post"}],"author":[{"embeddable":true,"href":"https:\/\/www.europesays.com\/fr\/wp-json\/wp\/v2\/users\/2"}],"replies":[{"embeddable":true,"href":"https:\/\/www.europesays.com\/fr\/wp-json\/wp\/v2\/comments?post=128983"}],"version-history":[{"count":0,"href":"https:\/\/www.europesays.com\/fr\/wp-json\/wp\/v2\/posts\/128983\/revisions"}],"wp:featuredmedia":[{"embeddable":true,"href":"https:\/\/www.europesays.com\/fr\/wp-json\/wp\/v2\/media\/128984"}],"wp:attachment":[{"href":"https:\/\/www.europesays.com\/fr\/wp-json\/wp\/v2\/media?parent=128983"}],"wp:term":[{"taxonomy":"category","embeddable":true,"href":"https:\/\/www.europesays.com\/fr\/wp-json\/wp\/v2\/categories?post=128983"},{"taxonomy":"post_tag","embeddable":true,"href":"https:\/\/www.europesays.com\/fr\/wp-json\/wp\/v2\/tags?post=128983"}],"curies":[{"name":"wp","href":"https:\/\/api.w.org\/{rel}","templated":true}]}}