{"id":128987,"date":"2025-05-26T10:09:08","date_gmt":"2025-05-26T10:09:08","guid":{"rendered":"https:\/\/www.europesays.com\/fr\/128987\/"},"modified":"2025-05-26T10:09:08","modified_gmt":"2025-05-26T10:09:08","slug":"le-dernier-bar-lgbt-de-rennes-lance-une-cagnotte-pour-eviter-la-fermeture","status":"publish","type":"post","link":"https:\/\/www.europesays.com\/fr\/128987\/","title":{"rendered":"Le dernier bar LGBT de Rennes lance une cagnotte \u00ab\u00a0pour \u00e9viter la fermeture\u00a0\u00bb"},"content":{"rendered":"<p>            Par<br \/>\n        <strong><br \/>\n            <a href=\"https:\/\/actu.fr\/auteur\/lou-batteux\" title=\"Consulter tous les articles de Lou Batteux\" target=\"_blank\" rel=\"noopener\">Lou Batteux<\/a><br \/>\n        <\/strong><\/p>\n<p>        Publi\u00e9 le<\/p>\n<p>            26 mai 2025 \u00e0 11h14        <\/p>\n<p><strong>Erell Ledan<\/strong>, la g\u00e9rante du bar l\u2019attrape-r\u00eave situ\u00e9 au 37, rue Saint-Melaine, \u00e0 Rennes, a annonc\u00e9 sur ses r\u00e9seaux sociaux avoir lanc\u00e9 <strong>une deuxi\u00e8me cagnotte<\/strong> le jeudi 15 mai 2025 pour sauver son bar.<\/p>\n<p class=\" wall-content\"><a href=\"https:\/\/www.instagram.com\/p\/DJpSHKPMUIq\/embed\" title=\"Ouvrir le lien sur Instagram\" target=\"_blank\" rel=\"noopener\">Visualiser le contenu sur Instagram<\/a><\/p>\n<p class=\" wall-content\">Si elle en avait d\u00e9j\u00e0 lanc\u00e9 une premi\u00e8re en juin 2024, la banque a d\u00e9cid\u00e9 d\u00e9but mai 2025 de <strong>retirer son d\u00e9couvert de 2 000 euros<\/strong>, lui laissant 60 jours de redressement. Prise de court par cette d\u00e9cision, Erell Ledan s\u2019est vu contrainte d\u2019ouvrir une nouvelle fois une cagnotte pour faire face \u00e0 la situation.<\/p>\n<p>Une consommation en baisse<\/p>\n<p class=\" wall-content\">Si le seul bar LGBT de Rennes a su trouver sa client\u00e8le, il est aujourd\u2019hui \u00ab\u00a0en difficult\u00e9 face \u00e0 l\u2019inflation et \u00e0 la baisse du pouvoir d\u2019achat, mais aussi face \u00e0 l\u2019augmentation des charges et des imp\u00f4ts\u00a0\u00bb, explique sa g\u00e9rante. De plus, \u00ab\u00a0<strong>la client\u00e8le LGBT est assez pr\u00e9caire. <\/strong>Souvent, les jeunes n\u2019ont pas toujours d\u2019aide financi\u00e8re de la part de leur famille\u00a0\u00bb.<\/p>\n<p class=\" wall-content\">C\u2019est notamment pour cette raison qu\u2019Erell Ledan <strong>a peu suivi l\u2019inflation et presque pas augment\u00e9 ses prix<\/strong>, un cercle vicieux qui la met aujourd\u2019hui en difficult\u00e9. Elle n\u2019a d\u2019ailleurs <strong>plus aucun salari\u00e9<\/strong> depuis le d\u00e9but de l\u2019ann\u00e9e, ce qui l\u2019oblige \u00e0 travailler encore plus.<\/p>\n<p class=\" wall-content\">Avec l\u2019arriv\u00e9e des beaux jours, la g\u00e9rante regrette aussi de <strong>ne pas pouvoir installer de terrasse devant son bar<\/strong>, suite au refus de la Ville de Rennes. La fa\u00e7ade de l\u2019immeuble actuellement en ravalement n\u2019arrange pas non plus la situation. Erell Ledan a d\u2019ailleurs pris la d\u00e9cision d\u2019<strong>ouvrir l\u2019attrape-r\u00eave \u00e0 18h au lieu de 16h<\/strong> en raison du peu de client\u00e8le.<\/p>\n<p>Vid\u00e9os : en ce moment sur Actu\u00ab\u00a0Ils viennent voir le show sans consommer\u00a0\u00bb<\/p>\n<p class=\" wall-content\">R\u00e9put\u00e9 pour ses <strong>drags shows toutes les deux semaines<\/strong>, mais aussi pour ses <strong>karaok\u00e9s<\/strong> \u00e0 la m\u00eame fr\u00e9quence et ses <strong>blind test du dimanche<\/strong>, le bar doit faire face \u00e0 la concurrence d\u2019autres bars rennais qui se sont \u00e9galement mis au drag show.<\/p>\n<p class=\" wall-content\">Erell Ledan s\u2019agace aussi de <strong>ceux qui viennent voir les drags shows sans consommer<\/strong>. \u00ab\u00a0Ils rentrent dans le bar pour venir voir et ils repartent\u00a0\u00bb. Si elle en a d\u00e9j\u00e0 interpell\u00e9 certains, elle ne veut pas \u00ab\u00a0passer pour la m\u00e9chante\u00a0\u00bb.<\/p>\n<p>Des habitu\u00e9s inquiets de la situation<\/p>\n<p class=\" wall-content\">\u00c0 l\u2019attrape-r\u00eave, Erell Ledan constate qu\u2019elle a \u00ab\u00a0beaucoup de tr\u00e8s jeunes clients, entre 18 et 22 ans, qui <strong>ne se sentent pas \u00e0 l\u2019aise ailleurs<\/strong>\u00ab\u00a0.<\/p>\n<blockquote class=\"ac-article-quote wall-content\">\n<p>Si le bar ferme, c&rsquo;est un refuge qui ferme pour beaucoup de gens, car c&rsquo;est le dernier bar LGBT de Rennes.<\/p>\n<p>    <strong>Erell Ledan<\/strong><br \/>\n        G\u00e9rante du bar l&rsquo;attrape-r\u00eave \u00e0 Rennes    <\/p><\/blockquote>\n<p class=\" wall-content\">La g\u00e9rante \u00e9voque notamment <strong>l\u2019impact n\u00e9faste du collectif N\u00e9m\u00e9sis<\/strong>, un groupe d\u2019action f\u00e9ministe d\u2019extr\u00eame droite, et le <strong>recul g\u00e9n\u00e9ral de l\u2019ouverture d\u2019esprit<\/strong> \u00e0 Rennes. Un constat d\u00e9solant pour la communaut\u00e9 LGBT.<\/p>\n<p>\u00ab\u00a0Il faut que je tienne l\u2019\u00e9t\u00e9\u00a0\u00bb<\/p>\n<p class=\" wall-content\">Si la cagnotte de 2024 avait permis \u00e0 Erell Ledan de rembourser ses charges d\u2019\u00e9t\u00e9, l\u2019objectif de sa cagnotte de 2025 est le m\u00eame : \u00ab\u00a0<strong>r\u00e9ussir \u00e0 tenir l\u2019\u00e9t\u00e9<\/strong> puis tout miser sur la rentr\u00e9e\u00a0\u00bb.<\/p>\n<blockquote class=\"ac-article-quote wall-content\">\n<p>Ma m\u00e8re m&rsquo;aide mais j&rsquo;ai 34 ans, ce n&rsquo;est pas normal.<\/p>\n<p>    <strong>Erell Ledan<\/strong><br \/>\n        G\u00e9rante du bar l&rsquo;attrape-r\u00eave \u00e0 Rennes    <\/p><\/blockquote>\n<p class=\" wall-content\">Pour remonter la pente, la g\u00e9rante essaie<strong> de diversifier les \u00e9v\u00e8nements<\/strong> dans son bar. \u00c0 l\u2019occasion de la <strong>gay pride du 7 juin 2025<\/strong>, \u00e0 d\u00e9faut de pouvoir avoir son char habituel, elle pr\u00e9voit d\u2019organiser un dancefloor \u00e0 l\u2019attrape-r\u00eave avec la pr\u00e9sence de la <strong>DJ Queer Tonic \u00e0 partir de 17h.<\/strong><\/p>\n<p>L\u2019attrape-r\u00eave a besoin d\u2019un \u00ab\u00a0petit coup de pouce\u00a0\u00bb<\/p>\n<p class=\" wall-content\">C\u2019est dans ce contexte qu\u2019Erell Ledan demande de l\u2019aide aux Rennaises et Rennais. Si vous souhaitez <strong>participer \u00e0 la cagnotte lanc\u00e9e pour soutenir l\u2019attrape-r\u00eave<\/strong>, rendez-vous sur <a href=\"https:\/\/www.leetchi.com\/fr\/c\/soutien-a-lattrape-reve-1994674?utm_source=native&amp;utm_medium=social_sharing&amp;fbclid=PAZXh0bgNhZW0CMTEAAacmBjxIomKnVzohqVxjVlwN_Ar4ULSDkr9nrQkauXFUMyuZQXpHb22f7J7XSw_aem_M4rW7wMZvqFS65is6zp84A\" target=\"_blank\" rel=\"noopener\">le site Leetchi<\/a>. Il vous reste<strong> jusqu\u2019au 29 juin 2025<\/strong> pour y participer.<\/p>\n<p>Bar l\u2019attrape-r\u00eave, au 37, rue Saint-Melaine, \u00e0 Rennes. Ouvert du mercredi au samedi, de 16h \u00e0 1h, et le dimanche de 16h \u00e0 23h. Retrouvez la cagnotte sur <a href=\"https:\/\/www.leetchi.com\/fr\/c\/soutien-a-lattrape-reve-1994674?utm_source=native&amp;utm_medium=social_sharing&amp;fbclid=PAZXh0bgNhZW0CMTEAAacXzbZqUS-twYcSD26tw3m6V476FfRGn5etq2d-qHubynqGUpHYkrXvXFoHpw_aem_GFhPfc_PANrmsszQgmAdjg\" target=\"_blank\" rel=\"noopener\">le site Leetchi<\/a>.<\/p>\n<p class=\" wall-content\">Suivez toute l\u2019actualit\u00e9 de vos villes et m\u00e9dias favoris en vous inscrivant \u00e0 <a href=\"https:\/\/moncompte.actu.fr\" title=\"D\u00e9couvez Mon Actu\" rel=\"nofollow noopener\" data-trk=\"{&quot;cta&quot;:{&quot;action&quot;:&quot;https:\\\/\\\/moncompte.actu.fr&quot;,&quot;category&quot;:&quot;mon compte&quot;,&quot;from&quot;:&quot;article footer&quot;,&quot;name&quot;:&quot;Mon actu&quot;,&quot;type&quot;:&quot;cta&quot;}}\" target=\"_blank\">Mon Actu<\/a>.<\/p>\n<p>                    <script async src=\"\/\/www.instagram.com\/embed.js\"><\/script><\/p>\n","protected":false},"excerpt":{"rendered":"Par Lou Batteux Publi\u00e9 le 26 mai 2025 \u00e0 11h14 Erell Ledan, la g\u00e9rante du bar l\u2019attrape-r\u00eave situ\u00e9&hellip;\n","protected":false},"author":2,"featured_media":128988,"comment_status":"","ping_status":"","sticky":false,"template":"","format":"standard","meta":{"footnotes":""},"categories":[2821],"tags":[1111,11,829,1777,674,1011,27,9087,12,584,25,104],"class_list":{"0":"post-128987","1":"post","2":"type-post","3":"status-publish","4":"format-standard","5":"has-post-thumbnail","7":"category-rennes","8":"tag-actu","9":"tag-actualites","10":"tag-bretagne","11":"tag-eu","12":"tag-europe","13":"tag-fr","14":"tag-france","15":"tag-lgbt","16":"tag-news","17":"tag-rennes","18":"tag-republique-francaise","19":"tag-societe"},"share_on_mastodon":{"url":"https:\/\/pubeurope.com\/@fr\/114573591444531581","error":""},"_links":{"self":[{"href":"https:\/\/www.europesays.com\/fr\/wp-json\/wp\/v2\/posts\/128987","targetHints":{"allow":["GET"]}}],"collection":[{"href":"https:\/\/www.europesays.com\/fr\/wp-json\/wp\/v2\/posts"}],"about":[{"href":"https:\/\/www.europesays.com\/fr\/wp-json\/wp\/v2\/types\/post"}],"author":[{"embeddable":true,"href":"https:\/\/www.europesays.com\/fr\/wp-json\/wp\/v2\/users\/2"}],"replies":[{"embeddable":true,"href":"https:\/\/www.europesays.com\/fr\/wp-json\/wp\/v2\/comments?post=128987"}],"version-history":[{"count":0,"href":"https:\/\/www.europesays.com\/fr\/wp-json\/wp\/v2\/posts\/128987\/revisions"}],"wp:featuredmedia":[{"embeddable":true,"href":"https:\/\/www.europesays.com\/fr\/wp-json\/wp\/v2\/media\/128988"}],"wp:attachment":[{"href":"https:\/\/www.europesays.com\/fr\/wp-json\/wp\/v2\/media?parent=128987"}],"wp:term":[{"taxonomy":"category","embeddable":true,"href":"https:\/\/www.europesays.com\/fr\/wp-json\/wp\/v2\/categories?post=128987"},{"taxonomy":"post_tag","embeddable":true,"href":"https:\/\/www.europesays.com\/fr\/wp-json\/wp\/v2\/tags?post=128987"}],"curies":[{"name":"wp","href":"https:\/\/api.w.org\/{rel}","templated":true}]}}