{"id":128989,"date":"2025-05-26T10:10:08","date_gmt":"2025-05-26T10:10:08","guid":{"rendered":"https:\/\/www.europesays.com\/fr\/128989\/"},"modified":"2025-05-26T10:10:08","modified_gmt":"2025-05-26T10:10:08","slug":"je-nai-pas-voulu-faire-ca-tout-seul-comment-ce-groupe-breton-a-defini-sa-strategie-dentreprise-video","status":"publish","type":"post","link":"https:\/\/www.europesays.com\/fr\/128989\/","title":{"rendered":"\u00ab\u00a0Je n\u2019ai pas voulu faire \u00e7a tout seul\u00a0\u00bb\u00a0: comment ce groupe breton a d\u00e9fini sa strat\u00e9gie d\u2019entreprise [Vid\u00e9o]"},"content":{"rendered":"<p>C\u2019est l\u2019un des exercices les plus importants pour une entreprise et, en m\u00eame temps, l\u2019un des plus d\u00e9licats : b\u00e2tir sa strat\u00e9gie. Pour en parler, Eur\u00eako !, l\u2019\u00e9mission \u00e9co du T\u00e9l\u00e9gramme et du Mensuel de Rennes, re\u00e7oit Vincent Legendre, le pr\u00e9sident du groupe rennais du m\u00eame nom. Une entreprise familiale sp\u00e9cialis\u00e9e dans la construction et la promotion immobili\u00e8re (1 milliard d\u2019euros de chiffre d\u2019affaires et 2 300 salari\u00e9s). Une entreprise, aussi, confront\u00e9e \u00e0 un march\u00e9 de la promotion neuve en fort d\u00e9clin mais qui peut compter sur sa diversification dans la construction pour tenir le coup. \u00ab C\u2019est important pour nous d\u2019avoir ces deux jambes sur lesquelles marcher \u00bb, explique Vincent Legendre, dont l\u2019objectif est de \u00ab stabiliser et s\u00e9curiser \u00bb le groupe.<\/p>\n<p>Autre axe cl\u00e9 de la strat\u00e9gie : rester agile et en capacit\u00e9 de \u00ab ne pas s\u2019enfermer dans des voies qui vont devenir trop difficiles \u00bb. De cela d\u00e9coule notamment la d\u00e9cision de <a href=\"https:\/\/www.letelegramme.fr\/ille-et-vilaine\/rennes-35000\/pascal-martin-quitte-le-groupe-breton-legendre-et-reprend-deux-de-ses-activites-6512574.php\" target=\"_blank\" rel=\"noopener\">c\u00e9der des activit\u00e9s<\/a> dans l\u2019\u00e9nergie et l\u2019exploitation d\u2019espaces de r\u00e9sidences et de coworking, en 2024.<\/p>\n<p>Pour \u00e9tablir ces grands principes et piloter le groupe, Vincent Legendre s\u2019est entour\u00e9 d\u2019<a href=\"https:\/\/www.letelegramme.fr\/ille-et-vilaine\/rennes-35000\/apres-le-depart-de-pascal-martin-le-groupe-rennais-legendre-reorganise-son-directoire-6512788.php\" target=\"_blank\" rel=\"noopener\">un directoire<\/a>. \u00ab Quand mon p\u00e8re a quitt\u00e9 l\u2019entreprise, fin 2015, je n\u2019ai pas voulu me retrouver tout seul et j\u2019avais envie que la strat\u00e9gie soit men\u00e9e \u00e0 plusieurs \u00bb, explique celui qui dit aussi privil\u00e9gier de plus en plus les \u00ab audits \u00bb et les \u00ab m\u00e9thodes collaboratives \u00bb. De quoi faire remonter attentes et id\u00e9es aupr\u00e8s des salari\u00e9s et des clients, afin de prendre les bonnes d\u00e9cisions.<\/p>\n","protected":false},"excerpt":{"rendered":"C\u2019est l\u2019un des exercices les plus importants pour une entreprise et, en m\u00eame temps, l\u2019un des plus d\u00e9licats&hellip;\n","protected":false},"author":2,"featured_media":128990,"comment_status":"","ping_status":"","sticky":false,"template":"","format":"standard","meta":{"footnotes":""},"categories":[2821],"tags":[1111,11,829,1777,674,1011,27,848,4555,12,584,25],"class_list":{"0":"post-128989","1":"post","2":"type-post","3":"status-publish","4":"format-standard","5":"has-post-thumbnail","7":"category-rennes","8":"tag-actu","9":"tag-actualites","10":"tag-bretagne","11":"tag-eu","12":"tag-europe","13":"tag-fr","14":"tag-france","15":"tag-ille-et-vilaine","16":"tag-local","17":"tag-news","18":"tag-rennes","19":"tag-republique-francaise"},"share_on_mastodon":{"url":"https:\/\/pubeurope.com\/@fr\/114573595361424384","error":""},"_links":{"self":[{"href":"https:\/\/www.europesays.com\/fr\/wp-json\/wp\/v2\/posts\/128989","targetHints":{"allow":["GET"]}}],"collection":[{"href":"https:\/\/www.europesays.com\/fr\/wp-json\/wp\/v2\/posts"}],"about":[{"href":"https:\/\/www.europesays.com\/fr\/wp-json\/wp\/v2\/types\/post"}],"author":[{"embeddable":true,"href":"https:\/\/www.europesays.com\/fr\/wp-json\/wp\/v2\/users\/2"}],"replies":[{"embeddable":true,"href":"https:\/\/www.europesays.com\/fr\/wp-json\/wp\/v2\/comments?post=128989"}],"version-history":[{"count":0,"href":"https:\/\/www.europesays.com\/fr\/wp-json\/wp\/v2\/posts\/128989\/revisions"}],"wp:featuredmedia":[{"embeddable":true,"href":"https:\/\/www.europesays.com\/fr\/wp-json\/wp\/v2\/media\/128990"}],"wp:attachment":[{"href":"https:\/\/www.europesays.com\/fr\/wp-json\/wp\/v2\/media?parent=128989"}],"wp:term":[{"taxonomy":"category","embeddable":true,"href":"https:\/\/www.europesays.com\/fr\/wp-json\/wp\/v2\/categories?post=128989"},{"taxonomy":"post_tag","embeddable":true,"href":"https:\/\/www.europesays.com\/fr\/wp-json\/wp\/v2\/tags?post=128989"}],"curies":[{"name":"wp","href":"https:\/\/api.w.org\/{rel}","templated":true}]}}