{"id":128991,"date":"2025-05-26T10:11:10","date_gmt":"2025-05-26T10:11:10","guid":{"rendered":"https:\/\/www.europesays.com\/fr\/128991\/"},"modified":"2025-05-26T10:11:10","modified_gmt":"2025-05-26T10:11:10","slug":"eurometropole-de-strasbourg-la-collectivite-veut-autoproduire-75-de-ses-besoins-en-electricite-en-2030","status":"publish","type":"post","link":"https:\/\/www.europesays.com\/fr\/128991\/","title":{"rendered":"Eurom\u00e9tropole de Strasbourg. La collectivit\u00e9 veut autoproduire 7,5\u00a0% de ses besoins en \u00e9lectricit\u00e9 en 2030"},"content":{"rendered":"<p>Produire sur place et consommer sur place, dans le domaine de l\u2019\u00e9nergie aussi. Pour atteindre son objectif et piloter au mieux sa politique en la mati\u00e8re, l\u2019Eurom\u00e9tropole de Strasbourg se dote d\u2019une soci\u00e9t\u00e9 publique locale (SPL) (*).<\/p>\n<p>Cette forme juridique parapublique \u00ab\u00a0allie la souplesse du fonctionnement du priv\u00e9 au souci de l\u2019int\u00e9r\u00eat g\u00e9n\u00e9ral du public\u00a0\u00bb, met en avant S\u00e9bastien Kop\u00e9lianskis, son directeur g\u00e9n\u00e9ral. <a href=\"https:\/\/www.dna.fr\/economie\/2024\/12\/17\/une-societe-publique-locale-pour-les-energies-renouvelables\" target=\"_blank\" rel=\"noopener\">D\u00e9cid\u00e9e fin 2024 par la collectivit\u00e9<\/a> , cette nouvelle SPL d\u00e9nomm\u00e9e \u00ab\u00a0Strasbourg \u00c9nergies renouvelables eurom\u00e9tropolitaines\u00a0\u00bb (Sere) a \u00e9t\u00e9 cr\u00e9\u00e9e au d\u00e9but du mois de mai\u00a02025.<\/p>\n<p>Inject\u00e9e dans le r\u00e9seau \u00c9S et affect\u00e9e \u00e0 des \u00e9coles, gymnases, parkings\u2026<\/p>\n<p>Sa mission sera de concevoir, financer, r\u00e9aliser, exploiter et maintenir des installations de production et de distribution\u00a0; essentiellement photovolta\u00efques, m\u00eame si&#8230;<\/p>\n","protected":false},"excerpt":{"rendered":"Produire sur place et consommer sur place, dans le domaine de l\u2019\u00e9nergie aussi. Pour atteindre son objectif et&hellip;\n","protected":false},"author":2,"featured_media":128992,"comment_status":"","ping_status":"","sticky":false,"template":"","format":"standard","meta":{"footnotes":""},"categories":[2820],"tags":[1111,11,2389,2649,4749,130,33,2880,893,436,1777,674,107,1011,27,775,10462,3539,12,316,25,767,640,3265],"class_list":{"0":"post-128991","1":"post","2":"type-post","3":"status-publish","4":"format-standard","5":"has-post-thumbnail","7":"category-strasbourg","8":"tag-actu","9":"tag-actualites","10":"tag-alsace","11":"tag-bas-rhin","12":"tag-btp-et-chantiers","13":"tag-consommation","14":"tag-economie","15":"tag-edition-strasbourg","16":"tag-energie","17":"tag-environnement","18":"tag-eu","19":"tag-europe","20":"tag-fil-info","21":"tag-fr","22":"tag-france","23":"tag-grand-est","24":"tag-lampertheim","25":"tag-les-ecologistes","26":"tag-news","27":"tag-politique","28":"tag-republique-francaise","29":"tag-science-et-technologie","30":"tag-strasbourg","31":"tag-strasbourg-nord"},"share_on_mastodon":{"url":"https:\/\/pubeurope.com\/@fr\/114573599361448125","error":""},"_links":{"self":[{"href":"https:\/\/www.europesays.com\/fr\/wp-json\/wp\/v2\/posts\/128991","targetHints":{"allow":["GET"]}}],"collection":[{"href":"https:\/\/www.europesays.com\/fr\/wp-json\/wp\/v2\/posts"}],"about":[{"href":"https:\/\/www.europesays.com\/fr\/wp-json\/wp\/v2\/types\/post"}],"author":[{"embeddable":true,"href":"https:\/\/www.europesays.com\/fr\/wp-json\/wp\/v2\/users\/2"}],"replies":[{"embeddable":true,"href":"https:\/\/www.europesays.com\/fr\/wp-json\/wp\/v2\/comments?post=128991"}],"version-history":[{"count":0,"href":"https:\/\/www.europesays.com\/fr\/wp-json\/wp\/v2\/posts\/128991\/revisions"}],"wp:featuredmedia":[{"embeddable":true,"href":"https:\/\/www.europesays.com\/fr\/wp-json\/wp\/v2\/media\/128992"}],"wp:attachment":[{"href":"https:\/\/www.europesays.com\/fr\/wp-json\/wp\/v2\/media?parent=128991"}],"wp:term":[{"taxonomy":"category","embeddable":true,"href":"https:\/\/www.europesays.com\/fr\/wp-json\/wp\/v2\/categories?post=128991"},{"taxonomy":"post_tag","embeddable":true,"href":"https:\/\/www.europesays.com\/fr\/wp-json\/wp\/v2\/tags?post=128991"}],"curies":[{"name":"wp","href":"https:\/\/api.w.org\/{rel}","templated":true}]}}