{"id":129011,"date":"2025-05-26T10:21:24","date_gmt":"2025-05-26T10:21:24","guid":{"rendered":"https:\/\/www.europesays.com\/fr\/129011\/"},"modified":"2025-05-26T10:21:24","modified_gmt":"2025-05-26T10:21:24","slug":"le-saviez-vous-tous-les-bonbons-carambar-sont-fabriques-pres-de-lille","status":"publish","type":"post","link":"https:\/\/www.europesays.com\/fr\/129011\/","title":{"rendered":"Le saviez-vous ? Tous les bonbons Carambar sont fabriqu\u00e9s pr\u00e8s de Lille\u00a0!"},"content":{"rendered":"<p>            Par<br \/>\n        <strong><br \/>\n            <a href=\"https:\/\/actu.fr\/auteur\/amandine-vachez\" title=\"Consulter tous les articles de Amandine Vachez\" rel=\"nofollow noopener\" target=\"_blank\">Amandine Vachez<\/a><br \/>\n        <\/strong><\/p>\n<p>        Publi\u00e9 le<\/p>\n<p>            26 mai 2025 \u00e0 8h00        <\/p>\n<p>Il n\u2019a plus sa place \u00e0 faire dans le c\u0153ur des Fran\u00e7ais. Ni sa r\u00e9putation \u00e0 asseoir. Le <b>Carambar<\/b> \u2013 avec ses saveurs et ses blagues \u2013 sort d\u2019une <b>usine de France<\/b>, situ\u00e9e<b> <\/b>pr\u00e8s de <a href=\"https:\/\/actu.fr\/lille\/\" rel=\"nofollow noopener\" target=\"_blank\">Lille<\/a> (Nord), \u00e0 <a href=\"https:\/\/actu.fr\/hauts-de-france\/bondues_59090\" rel=\"nofollow noopener\" target=\"_blank\"><b>Bondues<\/b><\/a>, plus exactement. <b>Chiffres, historique, projets\u2026 <\/b>Zoom sur un savoir-faire <b>100\u2009% nordiste<\/b>, alors qu\u2019une <a href=\"https:\/\/actu.fr\/hauts-de-france\/bondues_59090\/nord-pourquoi-les-blagues-des-pompiers-sinvitent-elles-dans-les-emballages-carambar_62661769.html\" rel=\"nofollow noopener\" target=\"_blank\">toute nouvelle collection vient d\u2019\u00eatre lanc\u00e9e avec les sapeurs-pompiers<\/a>.<\/p>\n<p>72\u00a0ans et 5\u2009000 blagues plus tard<\/p>\n<p class=\" wall-content\">\u00ab\u2009Carambar, c\u2019est de la barre\u2009\u00bb. De la barre cr\u00e9\u00e9e en 1954 et qui compte dans son emballage une surprise tr\u00e8s appr\u00e9ci\u00e9e de nombreux consommateurs\u2009: ses blagues. Ces derni\u00e8res ont fait leur apparition dans les papillotes du bonbon en 1969. Mais saviez-vous que ces sucreries \u00e9taient fabriqu\u00e9es dans la m\u00e9tropole lilloise\u2009? \u00c0 la base situ\u00e9 \u00e0 Marcq-en-Bar\u0153ul, le site de production a migr\u00e9 \u00e0 Bondues en 2022, dans des locaux plus modernes. Chaque ann\u00e9e, <b>82\u2009000 kilom\u00e8tres du bonbon <\/b>sortent de cet unique site de production, qui <b>emploie 320\u00a0personnes en CDI<\/b>. Pour vous situer, Carambar, ce sont<b> 5\u2009000 blagues publi\u00e9es <\/b>et<b> 2\u2009000 barres savour\u00e9es chaque minute\u2009!<\/b><\/p>\n<p>Un nouveau site de production moderne, pour p\u00e9renniser le \u00ab\u2009made in France\u2009\u00bb<\/p>\n<p class=\" wall-content\">La d\u00e9marche du groupe Carambar &amp; Co* [n\u00e9 <a href=\"https:\/\/actu.fr\/hauts-de-france\/lille_59350\/diaporama-dans-les-coulisses-de-carambar_6635970.html\" rel=\"nofollow noopener\" target=\"_blank\">en 2017<\/a> et qui a rachet\u00e9 Carambar, NDLR] est de \u00ab\u2009garder ou r\u00e9injecter, en fonction des produits, toute la production en France\u2009\u00bb, explique l\u2019actuel pr\u00e9sident du groupe, Marc Auclair. Le groupe g\u00e8re<b> plusieurs usines en France<\/b>, dont celle de Bondues, o\u00f9 sont produits les Carambar, mais aussi les bonbons Lutti et les Mi-Cho-Ko.<\/p>\n<p class=\" wall-content\">Il y a quelques mois, le site de Poulain, situ\u00e9 \u00e0 Blois (Loir-et-Cher) a \u00e9t\u00e9 <a href=\"https:\/\/actu.fr\/centre-val-de-loire\/villebarou_41276\/loir-et-cher-c-est-officiel-la-chocolaterie-poulain-de-villebarou-est-sauvee_61997475.html\" rel=\"nofollow noopener\" target=\"_blank\">c\u00e9d\u00e9 \u00e0 Andros, qui fabrique pour le compte de Carambar &amp; Co<\/a>. \u00ab\u2009L\u2019enjeu pour nous est d\u2019\u00e9viter la fermeture des usines. Nous avons en ce sens lanc\u00e9 un grand plan d\u2019investissement. [\u2026] Moderniser les outils de production et ma\u00eetriser les lignes, c\u2019est le secret.\u2009\u00bb Le repr\u00e9sentant de l\u2019entreprise poursuit en pr\u00e9cisant que<b> 70\u2009% du co\u00fbt de production<\/b> actuellement, c\u2019est la<b> mati\u00e8re premi\u00e8re.<\/b><\/p>\n<p>23\u00a0millions d\u2019euros inject\u00e9s sur le site de Bondues<\/p>\n<p class=\" wall-content\">Sur la p\u00e9riode 2023-2026, <b>23\u00a0millions d\u2019euros<\/b> sont investis par le groupe sur le site de Bondues, sur une <b>enveloppe globale de 50\u00a0millions.<\/b> \u00ab\u2009C\u2019est quand m\u00eame tr\u00e8s significatif et massif\u2009\u00bb, souligne Marc Auclair, qui se f\u00e9licite de pouvoir compter sur des actionnaires qui suivent les ambitions du groupe. \u00c0 noter qu\u2019\u00e0 l\u2019\u00e9chelle de Carambar &amp; Co, les <b>bonbons<\/b><b> repr\u00e9sentent 50\u2009% du chiffre d\u2019affaires<\/b>,<b> <\/b>le reste le chocolat\u2009: Poulain, Suchard\u2026 50\u2009% du chiffre d\u2019affaires est fait en France.<\/p>\n<p>De nouvelles recettes r\u00e9guli\u00e8rement cr\u00e9\u00e9es<br \/>\n    <img   decoding=\"async\" loading=\"lazy\" class=\"size-large\" src=\"https:\/\/www.europesays.com\/fr\/wp-content\/uploads\/2025\/05\/863c8f007c286da3c8f007c28ce3c8v-1-960x640.jpeg\" alt=\"Pour cette collaboration in\u00e9dite, une nouvelle saveur a \u00e9t\u00e9 cr\u00e9\u00e9e par les \u00e9quipes de Carambar : citron piment\u00e9.\" width=\"960\" height=\"640\"\/><br \/>\n    Pour une collaboration in\u00e9dite avec la FNSPF, F\u00e9d\u00e9ration nationale des sapeurs-pompiers de France, une nouvelle saveur a \u00e9t\u00e9 cr\u00e9\u00e9e par les \u00e9quipes de Carambar\u2009: citron piquant. \u00a9Amandine Vachez<\/p>\n<p class=\" wall-content\">Les Carambar ont \u00e9t\u00e9 connus avec leur recette caramel. Aujourd\u2019hui, le bonbon est d\u00e9clin\u00e9 sous <b>25 saveurs diff\u00e9rentes<\/b> (attomic, fruits\u2026). Le dernier en date\u2009: le citron piquant, pour la collaboration avec la FNSPF, F\u00e9d\u00e9ration nationale des sapeurs-pompiers de France. Et le champ des possibles reste encore large pour le groupe de 900 collaborateurs, qui compte en son sein un <b>laboratoire R&amp;D<\/b> (recherche et d\u00e9veloppement) o\u00f9 sont imagin\u00e9es les recettes.<\/p>\n<p class=\" wall-content\">Actuellement, les <b>Carambar<\/b>, dont l\u2019ensemble des recettes ont \u00e9t\u00e9 revues sans g\u00e9latine (\u00e0 base de gomme d\u2019Acacia),<b> sont quasiment exclusivement vendus en France. <\/b>Cela va peut-\u00eatre \u00e9voluer prochainement. \u00ab\u2009La question de s\u2019ouvrir se pose, avec tout ce qui en d\u00e9coule\u2009\u00bb, glisse Marc Auclair.<\/p>\n<p class=\" wall-content\">Pour l\u2019heure, la nouvelle collection de la sucrerie star est au c\u0153ur des discussions et des attentes. \u00ab\u2009Actuellement, l\u2019usine ne tourne pas le week-end, pour assurer la production. Demain, on peut tout \u00e0 fait absorber une hausse de l\u2019activit\u00e9\u2009\u00bb, souligne le repr\u00e9sentant de la marque. Une success-story nordiste \u00e0 suivre, assur\u00e9ment.<\/p>\n<p class=\" wall-content\">Suivez toute l\u2019actualit\u00e9 de vos villes et m\u00e9dias favoris en vous inscrivant \u00e0 <a href=\"https:\/\/moncompte.actu.fr\" title=\"D\u00e9couvez Mon Actu\" rel=\"nofollow noopener\" data-trk=\"{&quot;cta&quot;:{&quot;action&quot;:&quot;https:\\\/\\\/moncompte.actu.fr&quot;,&quot;category&quot;:&quot;mon compte&quot;,&quot;from&quot;:&quot;article footer&quot;,&quot;name&quot;:&quot;Mon actu&quot;,&quot;type&quot;:&quot;cta&quot;}}\" target=\"_blank\">Mon Actu<\/a>.<\/p>\n","protected":false},"excerpt":{"rendered":"Par Amandine Vachez Publi\u00e9 le 26 mai 2025 \u00e0 8h00 Il n\u2019a plus sa place \u00e0 faire dans&hellip;\n","protected":false},"author":2,"featured_media":129012,"comment_status":"","ping_status":"","sticky":false,"template":"","format":"standard","meta":{"footnotes":""},"categories":[2815],"tags":[1111,11,258,215,33,1777,674,1011,27,811,1307,12,25],"class_list":{"0":"post-129011","1":"post","2":"type-post","3":"status-publish","4":"format-standard","5":"has-post-thumbnail","7":"category-lille","8":"tag-actu","9":"tag-actualites","10":"tag-alimentation","11":"tag-commerce","12":"tag-economie","13":"tag-eu","14":"tag-europe","15":"tag-fr","16":"tag-france","17":"tag-hauts-de-france","18":"tag-lille","19":"tag-news","20":"tag-republique-francaise"},"share_on_mastodon":{"url":"https:\/\/pubeurope.com\/@fr\/114573638673699845","error":""},"_links":{"self":[{"href":"https:\/\/www.europesays.com\/fr\/wp-json\/wp\/v2\/posts\/129011","targetHints":{"allow":["GET"]}}],"collection":[{"href":"https:\/\/www.europesays.com\/fr\/wp-json\/wp\/v2\/posts"}],"about":[{"href":"https:\/\/www.europesays.com\/fr\/wp-json\/wp\/v2\/types\/post"}],"author":[{"embeddable":true,"href":"https:\/\/www.europesays.com\/fr\/wp-json\/wp\/v2\/users\/2"}],"replies":[{"embeddable":true,"href":"https:\/\/www.europesays.com\/fr\/wp-json\/wp\/v2\/comments?post=129011"}],"version-history":[{"count":0,"href":"https:\/\/www.europesays.com\/fr\/wp-json\/wp\/v2\/posts\/129011\/revisions"}],"wp:featuredmedia":[{"embeddable":true,"href":"https:\/\/www.europesays.com\/fr\/wp-json\/wp\/v2\/media\/129012"}],"wp:attachment":[{"href":"https:\/\/www.europesays.com\/fr\/wp-json\/wp\/v2\/media?parent=129011"}],"wp:term":[{"taxonomy":"category","embeddable":true,"href":"https:\/\/www.europesays.com\/fr\/wp-json\/wp\/v2\/categories?post=129011"},{"taxonomy":"post_tag","embeddable":true,"href":"https:\/\/www.europesays.com\/fr\/wp-json\/wp\/v2\/tags?post=129011"}],"curies":[{"name":"wp","href":"https:\/\/api.w.org\/{rel}","templated":true}]}}