{"id":129021,"date":"2025-05-26T10:26:13","date_gmt":"2025-05-26T10:26:13","guid":{"rendered":"https:\/\/www.europesays.com\/fr\/129021\/"},"modified":"2025-05-26T10:26:13","modified_gmt":"2025-05-26T10:26:13","slug":"deux-nouvelles-unites-au-vinatier-pour-repondre-a-la-demande","status":"publish","type":"post","link":"https:\/\/www.europesays.com\/fr\/129021\/","title":{"rendered":"deux nouvelles unit\u00e9s au Vinatier pour r\u00e9pondre \u00e0 la demande"},"content":{"rendered":"<p>La m\u00e9tropole de Lyon n\u2019est pas moins touch\u00e9e par les addictions que d\u2019autres territoires mais elle est tr\u00e8s sous-dot\u00e9e dans la prise en charge de cette maladie, obligeant les patients lyonnais en qu\u00eate d\u2019une cure de sevrage \u00e0 se tourner vers les cliniques priv\u00e9es ou le centre hospitalier d\u2019Hauteville (Ain).<\/p>\n<p>Pourtant, combler ce d\u00e9ficit a \u00e9t\u00e9 \u00e9rig\u00e9 comme priorit\u00e9 \u00e0 l\u2019h\u00f4pital du Vinatier\u2026 il y a 8 ans. Le temps de convaincre l\u2019Agence r\u00e9gionale de sant\u00e9 et de r\u00e9gler la question du financement &#8211; par la tarification \u00e0 l\u2019activit\u00e9 &#8211; pour que le Service universitaire d\u2019addictologie de Lyon (SUAL), n\u00e9 d\u2019une f\u00e9d\u00e9ration avec les Hospices civils de Lyon, puisse ouvrir, en d\u00e9cembre dernier, une unit\u00e9 d\u2019hospitalisation de jour (HDJ) et une unit\u00e9 d\u2019hospitalisation compl\u00e8te (HC) de 10 lits contre seulement trois lits en soins de suite auparavant.<\/p>\n<p>\u00abIl faudrait encore une unit\u00e9 d\u2019une vingtaine de lits\u00bb<\/p>\n<p>\u00ab On commence \u00e0 rattraper le&#8230;<\/p>\n","protected":false},"excerpt":{"rendered":"La m\u00e9tropole de Lyon n\u2019est pas moins touch\u00e9e par les addictions que d\u2019autres territoires mais elle est tr\u00e8s&hellip;\n","protected":false},"author":2,"featured_media":129022,"comment_status":"","ping_status":"","sticky":false,"template":"","format":"standard","meta":{"footnotes":""},"categories":[1889],"tags":[1111,11,2430,2757,1777,674,1011,27,2428,2756,12,25,2429,71],"class_list":{"0":"post-129021","1":"post","2":"type-post","3":"status-publish","4":"format-standard","5":"has-post-thumbnail","7":"category-lyon","8":"tag-actu","9":"tag-actualites","10":"tag-auvergne-rhone-alpes","11":"tag-edition-lyon-villeurbanne","12":"tag-eu","13":"tag-europe","14":"tag-fr","15":"tag-france","16":"tag-lyon","17":"tag-lyon-bassin","18":"tag-news","19":"tag-republique-francaise","20":"tag-rhone","21":"tag-sante"},"share_on_mastodon":{"url":"https:\/\/pubeurope.com\/@fr\/114573658206426082","error":""},"_links":{"self":[{"href":"https:\/\/www.europesays.com\/fr\/wp-json\/wp\/v2\/posts\/129021","targetHints":{"allow":["GET"]}}],"collection":[{"href":"https:\/\/www.europesays.com\/fr\/wp-json\/wp\/v2\/posts"}],"about":[{"href":"https:\/\/www.europesays.com\/fr\/wp-json\/wp\/v2\/types\/post"}],"author":[{"embeddable":true,"href":"https:\/\/www.europesays.com\/fr\/wp-json\/wp\/v2\/users\/2"}],"replies":[{"embeddable":true,"href":"https:\/\/www.europesays.com\/fr\/wp-json\/wp\/v2\/comments?post=129021"}],"version-history":[{"count":0,"href":"https:\/\/www.europesays.com\/fr\/wp-json\/wp\/v2\/posts\/129021\/revisions"}],"wp:featuredmedia":[{"embeddable":true,"href":"https:\/\/www.europesays.com\/fr\/wp-json\/wp\/v2\/media\/129022"}],"wp:attachment":[{"href":"https:\/\/www.europesays.com\/fr\/wp-json\/wp\/v2\/media?parent=129021"}],"wp:term":[{"taxonomy":"category","embeddable":true,"href":"https:\/\/www.europesays.com\/fr\/wp-json\/wp\/v2\/categories?post=129021"},{"taxonomy":"post_tag","embeddable":true,"href":"https:\/\/www.europesays.com\/fr\/wp-json\/wp\/v2\/tags?post=129021"}],"curies":[{"name":"wp","href":"https:\/\/api.w.org\/{rel}","templated":true}]}}