{"id":129025,"date":"2025-05-26T10:30:08","date_gmt":"2025-05-26T10:30:08","guid":{"rendered":"https:\/\/www.europesays.com\/fr\/129025\/"},"modified":"2025-05-26T10:30:08","modified_gmt":"2025-05-26T10:30:08","slug":"lappel-des-eveques-dile-de-france-contre-leuthanasie","status":"publish","type":"post","link":"https:\/\/www.europesays.com\/fr\/129025\/","title":{"rendered":"l\u2019appel des \u00e9v\u00eaques d\u2019\u00cele-de-France contre l\u2019euthanasie"},"content":{"rendered":"<p><strong>TRIBUNE &#8211;<\/strong> Neuf responsables religieux d\u2019\u00cele-de-France adressent une lettre ouverte aux d\u00e9put\u00e9s et s\u00e9nateurs de leur r\u00e9gion pour leur demander de ne pas voter le texte en faveur de l\u2019euthanasie et du suicide assist\u00e9. Ils alertent sur le risque d\u2019une \u00ab rupture anthropologique\u00bb.<\/p>\n<p class=\"fig-paragraph\">Vous \u00eates investis de\u00a0<a href=\"http:\/\/www.lefigaro.fr\/actualite-france\/fin-de-vie-les-deputes-penalisent-l-entrave-a-l-euthanasie-mais-refusent-de-sanctionner-l-incitation-20250524\" data-fig-type=\"NewsFlash\" data-gtm-custom-categorie=\"navigation\" data-gtm-custom-action=\"crossclick\" data-gtm-custom-label=\"Contextuel\" data-gtm-event=\"customEventSPE\" data-fig-domain=\"LEFIGARO\" target=\"_blank\" rel=\"noopener\">la lourde mission d\u2019\u00e9crire la loi<\/a>, et cette charge commande pour vous le respect de toute la nation. Quant \u00e0 nous, citoyens, dans ce respect dont nous vous assurons, nous ressentons l\u2019imp\u00e9rieuse n\u00e9cessit\u00e9 de porter aujourd\u2019hui notre parole aupr\u00e8s de vous.<\/p>\n<p class=\"fig-paragraph\">Au d\u00e9cours de la vie de notre soci\u00e9t\u00e9, nous comprenons qu\u2019il y a de vrais appels, de vrais d\u00e9couragements et un vrai d\u00e9sespoir devant les douleurs des maladies et de l\u2019approche de la mort. Mais nous ne pouvons pas, sans r\u00e9agir, laisser dire que l\u2019esp\u00e9rance r\u00e9side dans ce que l\u2019on veut appeler un progr\u00e8s, celui pr\u00e9tendu d\u2019une mort douce et choisie.<\/p>\n<p class=\"fig-body-link\">\n            \u00c0 lire aussi<br \/>\n        <a class=\"fig-body-link__link\" href=\"http:\/\/www.lefigaro.fr\/politique\/jean-leonetti-avec-la-nouvelle-loi-sur-la-fin-de-vie-tous-les-verrous-sauteront-tot-ou-tard-20250418\" data-fig-type=\"Article\" data-gtm-custom-categorie=\"navigation\" data-gtm-custom-action=\"crossclick\" data-gtm-custom-label=\"Contextuel\" data-gtm-event=\"customEventSPE\" data-fig-domain=\"LEFIGARO\" target=\"_blank\" rel=\"noopener\">Jean Leonetti\u00a0: \u00abAvec la nouvelle loi sur la fin de vie, tous les verrous sauteront t\u00f4t ou tard\u00bb<br \/>\n    <\/a>\n<\/p>\n<p class=\"fig-paragraph\">C\u2019est en tordant le sens des mots qu\u2019on veut nous faire accepter cette perspective et ce qui en d\u00e9coule\u00a0: d\u00e9signer une p\u00e9riode comme fin de vie sur des crit\u00e8res impossibles \u00e0 d\u00e9finir, en pr\u00e9sentant cette \u00abfin de vie\u00bb comme d\u00e9j\u00e0 hors de la vie. Invoquer un droit \u00e0 mourir alors que la mort est un fait in\u00e9luctable. Appeler aide fraternelle le geste qui tue ou la parole qui y conduit. Appeler mort naturelle celle qui r\u00e9sultera du geste volontaire qui l\u2019aura provoqu\u00e9e. Ajouter un d\u00e9lit d\u2019entrave \u00e0 ce droit \u00e0 mourir, alors que depuis des d\u00e9cennies on densifie la r\u00e9glementation pour \u00e9viter les accidents mortels sur la route ou pour pr\u00e9venir le suicide.<\/p>\n<p class=\"fig-paragraph\">Commencer par dire que cette possibilit\u00e9 de demander la mort ne s\u2019appliquerait que dans quelques rares cas de maladies incurables, pour avouer finalement que ce droit sera en r\u00e9alit\u00e9 peu encadr\u00e9. Assumer la strat\u00e9gie revendiqu\u00e9e de ceux qui comptent, chaque ann\u00e9e, demander \u00e0 \u00e9tendre progressivement le champ d\u2019application de la loi pour permettre, demain, l\u2019euthanasie ou le suicide assist\u00e9 des mineurs,\u00a0<a href=\"http:\/\/www.lefigaro.fr\/actualite-france\/cancer-alzheimer-maladie-de-charcot-un-droit-a-l-aide-a-mourir-pour-qui-20250518\" data-fig-type=\"Article\" data-gtm-custom-categorie=\"navigation\" data-gtm-custom-action=\"crossclick\" data-gtm-custom-label=\"Contextuel\" data-gtm-event=\"customEventSPE\" data-fig-domain=\"LEFIGARO\" target=\"_blank\" rel=\"noopener\">des personnes malades d\u2019Alzheimer, etc.\u00a0<\/a><\/p>\n<p>Notre devoir, notre responsabilit\u00e9 et notre d\u00e9sir, est de rester, au milieu des contradictions que nous rencontrons sur le chemin, lucides et libres pour vivre et agir, avec fid\u00e9lit\u00e9 et audace, en citoyens et en croyants.<\/p>\n<p class=\"fig-paragraph\">Nous ne sommes pas seuls, nous croyants, nous catholiques, \u00e0 dire haut et fort notre opposition la plus vive et la plus fondamentale \u00e0 l\u2019euthanasie et au suicide assist\u00e9. Nous entendons la voix des m\u00e9decins et des soignants\u00a0: la mort donn\u00e9e n\u2019est pas, ne peut pas \u00eatre un soin.\u00a0<a href=\"http:\/\/www.lefigaro.fr\/vox\/politique\/la-loi-sur-l-aide-a-mourir-fera-de-la-mort-une-therapie-parmi-d-autres-575-juristes-alertent-sur-les-risques-de-derive-20250514\" data-fig-type=\"Article\" data-gtm-custom-categorie=\"navigation\" data-gtm-custom-action=\"crossclick\" data-gtm-custom-label=\"Contextuel\" data-gtm-event=\"customEventSPE\" data-fig-domain=\"LEFIGARO\" target=\"_blank\" rel=\"noopener\">Des juristes aussi\u00a0<\/a>: l\u2019\u00e9quilibre l\u00e9gislatif des lois pr\u00e9c\u00e9dentes sera bien rompu. Ceux qui sont proches des plus pauvres, des plus fragiles de notre soci\u00e9t\u00e9, y compris parmi vous, imaginent d\u00e9j\u00e0 que ceux-ci seront les premiers \u00e0 se laisser persuader qu\u2019ils sont de trop d\u00e8s qu\u2019ils seront \u00e2g\u00e9s, malades.<\/p>\n<p class=\"fig-paragraph\">Comment notre soci\u00e9t\u00e9 va-t-elle g\u00e9rer toutes ces contradictions, ces contre-v\u00e9rit\u00e9s, ces faux-semblants d\u2019humanisme, sinon en n\u2019appelant plus les choses par leur nom\u00a0? Ne serait-ce pas le go\u00fbt de vivre qui aurait disparu\u00a0? Ne serait-ce pas l\u2019esp\u00e9rance que l\u2019on voudrait cacher\u00a0?<\/p>\n<p class=\"fig-paragraph\">Au contraire nous affirmons que l\u2019esp\u00e9rance n\u2019est pas morte, nous croyons que l\u2019amiti\u00e9 qui tend la main pour vivre jusqu\u2019\u00e0 la derni\u00e8re seconde entretient la paix de celui qui meurt comme de celui qu\u2019il accompagne.<\/p>\n<p class=\"fig-paragraph\">Nous savons, vous savez, que notre droit garantit depuis 25 ans l\u2019acc\u00e8s aux soins palliatifs, mais que ceux-ci demeurent inaccessibles dans plus d\u2019un d\u00e9partement sur quatre. S\u2019il s\u2019agit de prot\u00e9ger les plus faibles d\u2019entre nous de souffrances terribles, pourquoi ne pas se tourner r\u00e9solument, d\u2019abord, vers ces soins palliatifs\u00a0? Pourquoi ne pas en faire le pr\u00e9alable indispensable, et non l\u2019alternative, de la mort donn\u00e9e comme un soin\u00a0?<\/p>\n<p class=\"fig-paragraph\">Nous savons, vous savez, que chaque jour, dans ces unit\u00e9s de soins palliatifs, des femmes et des hommes qui demandaient \u00e0 mourir changent d\u2019avis, parce qu\u2019ils sont regard\u00e9s non pas comme des \u00ab presque morts\u00a0\u00bb, mais comme des \u00ab toujours vivants\u00a0\u00bb \u00e0 \u00e9couter, \u00e0 soigner, \u00e0 soutenir et \u00e0 soulager dans leurs douleurs et leurs angoisses. \u00c0 chaque fois que cela se produit, c\u2019est la dignit\u00e9, la fraternit\u00e9, l\u2019humanit\u00e9, qui gagnent du terrain.<\/p>\n<p class=\"fig-paragraph\">Nous savons, vous savez, que la\u00a0<a href=\"http:\/\/sante.lefigaro.fr\/social\/sante-publique\/fin-de-vie-qu-autorise-actuellement-la-loi-claeys-leonetti-que-certains-medecins-estiment-suffisante-20240213\" data-fig-type=\"Article\" data-gtm-custom-categorie=\"navigation\" data-gtm-custom-action=\"crossclick\" data-gtm-custom-label=\"Contextuel\" data-gtm-event=\"customEventSPE\" data-fig-domain=\"SANTE\" target=\"_blank\" rel=\"noopener\">loi Claeys-Leonetti<\/a>\u00a0propose des solutions concr\u00e8tes, \u00e9quilibr\u00e9es, exigeantes et humaines, mais qu\u2019elle reste insuffisamment connue et appliqu\u00e9e.<\/p>\n<p class=\"fig-paragraph\">Catholiques, avec d\u2019autres nous sommes r\u00e9solus \u00e0 agir.<\/p>\n<p class=\"fig-paragraph\">Par le t\u00e9moignage, pour d\u00e9noncer avec force ce qui selon nous oriente toute une soci\u00e9t\u00e9 vers la destruction du dernier lien humain qu\u2019est le mouvement spontan\u00e9, imm\u00e9diat, gratuit, qui nous fait infatigablement et quoi qu\u2019il nous en co\u00fbte porter secours aux malades et aux mourants. Ce mouvement qui nous fait, et nous fera toujours, choisir la vie.<\/p>\n<p class=\"fig-paragraph\">Par le geste citoyen, pour vous pr\u00e9senter, \u00e0 vous qui \u00e9crivez la loi, ce qu\u2019en tant que membres du corps social nous estimons \u00eatre une pente infiniment dangereuse et mortif\u00e8re sur laquelle, une fois engag\u00e9s, il sera impossible de ne pas glisser irr\u00e9m\u00e9diablement vers toujours plus de permissivit\u00e9.<\/p>\n<p class=\"fig-paragraph\">Par la pri\u00e8re, pour ceux qui sont dans les angoisses de l\u2019approche de la mort, et de sa solitude, pour ceux qui dans la paix se pr\u00e9parent \u00e0 la fin de leur vie terrestre, pour ceux qui jour apr\u00e8s jour accompagnent fraternellement les grands malades et les mourants, pour vous, qui avez la responsabilit\u00e9 de l\u00e9gif\u00e9rer.<\/p>\n<p class=\"fig-paragraph\">Notre devoir, notre responsabilit\u00e9 et notre d\u00e9sir, est de rester, au milieu des contradictions que nous rencontrons sur le chemin, lucides et libres pour vivre et agir, avec fid\u00e9lit\u00e9 et audace, en citoyens et en croyants.<\/p>\n<p class=\"fig-paragraph\">Mesdames, Messieurs les parlementaires, oui, notre soci\u00e9t\u00e9 est bien inqui\u00e8te, mais nous ne nous r\u00e9soudrons jamais \u00e0 penser qu\u2019elle puisse calmer cette inqui\u00e9tude au prix d\u2019une rupture anthropologique qui cr\u00e9erait les conditions d\u2019un crime contre la dignit\u00e9, d\u2019un crime contre la fraternit\u00e9, d\u2019un crime contre la vie.<\/p>\n<p class=\"fig-paragraph\">Les signataires\u00a0:\u00a0<\/p>\n<p class=\"fig-paragraph\">\u2020 Mgr Laurent Ulrich, archev\u00eaque de Paris\u00a0<br \/>\u2020 Mgr Beno\u00eet Bertrand, \u00e9v\u00eaque de Pontoise\u00a0<br \/>\u2020 Mgr Dominique Blanchet, \u00e9v\u00eaque de Cr\u00e9teil\u00a0<br \/>\u2020 Mgr Guillaume de Lisle, \u00e9v\u00eaque auxiliaire de Meaux\u00a0<br \/>\u2020 Mgr \u00c9tienne Guillet, \u00e9v\u00eaque de Saint-Denis-en-France\u00a0<br \/>\u2020 Mgr Philippe Marsset, \u00e9v\u00eaque auxiliaire de Paris\u00a0<br \/>\u2020 Mgr Jean-Yves Nahmias, \u00e9v\u00eaque de Meaux\u00a0<br \/>\u2020 Mgr Matthieu Roug\u00e9, \u00e9v\u00eaque de Nanterre\u00a0<br \/>\u2020 Mgr Emmanuel Tois, \u00e9v\u00eaque auxiliaire de Paris<\/p>\n","protected":false},"excerpt":{"rendered":"TRIBUNE &#8211; Neuf responsables religieux d\u2019\u00cele-de-France adressent une lettre ouverte aux d\u00e9put\u00e9s et s\u00e9nateurs de leur r\u00e9gion pour&hellip;\n","protected":false},"author":2,"featured_media":129026,"comment_status":"","ping_status":"","sticky":false,"template":"","format":"standard","meta":{"footnotes":""},"categories":[1592],"tags":[1111,11,1428,1292,5361,5360,1777,674,17193,1429,1011,27,662,12,1427,626,1426,4020,25,104],"class_list":{"0":"post-129025","1":"post","2":"type-post","3":"status-publish","4":"format-standard","5":"has-post-thumbnail","7":"category-ile-de-france","8":"tag-actu","9":"tag-actualites","10":"tag-chroniqueurs","11":"tag-debat","12":"tag-debat-societe","13":"tag-debats-societaux","14":"tag-eu","15":"tag-europe","16":"tag-euthanasie","17":"tag-figarovox","18":"tag-fr","19":"tag-france","20":"tag-ile-de-france","21":"tag-news","22":"tag-opinions","23":"tag-paris","24":"tag-questions","25":"tag-religion","26":"tag-republique-francaise","27":"tag-societe"},"share_on_mastodon":{"url":"https:\/\/pubeurope.com\/@fr\/114573674168921568","error":""},"_links":{"self":[{"href":"https:\/\/www.europesays.com\/fr\/wp-json\/wp\/v2\/posts\/129025","targetHints":{"allow":["GET"]}}],"collection":[{"href":"https:\/\/www.europesays.com\/fr\/wp-json\/wp\/v2\/posts"}],"about":[{"href":"https:\/\/www.europesays.com\/fr\/wp-json\/wp\/v2\/types\/post"}],"author":[{"embeddable":true,"href":"https:\/\/www.europesays.com\/fr\/wp-json\/wp\/v2\/users\/2"}],"replies":[{"embeddable":true,"href":"https:\/\/www.europesays.com\/fr\/wp-json\/wp\/v2\/comments?post=129025"}],"version-history":[{"count":0,"href":"https:\/\/www.europesays.com\/fr\/wp-json\/wp\/v2\/posts\/129025\/revisions"}],"wp:featuredmedia":[{"embeddable":true,"href":"https:\/\/www.europesays.com\/fr\/wp-json\/wp\/v2\/media\/129026"}],"wp:attachment":[{"href":"https:\/\/www.europesays.com\/fr\/wp-json\/wp\/v2\/media?parent=129025"}],"wp:term":[{"taxonomy":"category","embeddable":true,"href":"https:\/\/www.europesays.com\/fr\/wp-json\/wp\/v2\/categories?post=129025"},{"taxonomy":"post_tag","embeddable":true,"href":"https:\/\/www.europesays.com\/fr\/wp-json\/wp\/v2\/tags?post=129025"}],"curies":[{"name":"wp","href":"https:\/\/api.w.org\/{rel}","templated":true}]}}