{"id":129064,"date":"2025-05-26T10:52:08","date_gmt":"2025-05-26T10:52:08","guid":{"rendered":"https:\/\/www.europesays.com\/fr\/129064\/"},"modified":"2025-05-26T10:52:08","modified_gmt":"2025-05-26T10:52:08","slug":"cyclisme-tour-des-flandres-julius-lostrup-birkedal-et-paula-ostiz-vainqueurs-en-juniors","status":"publish","type":"post","link":"https:\/\/www.europesays.com\/fr\/129064\/","title":{"rendered":"Cyclisme. Tour des Flandres &#8211; Julius Lostrup Birkedal et Paula Ostiz vainqueurs en Juniors"},"content":{"rendered":"<p>Ce dimanche se disputaient les courses Juniors du <strong><a href=\"https:\/\/www.cyclismactu.net\/..\/news-tour-des-flandres-route-le-coureur-francais-amateur-decede-un-ancien-de-cofidis-87227.html\" target=\"_blank\" rel=\"noopener\">Tour des Flandres<\/a>.\u00a0<\/strong>Chez les gar\u00e7ons, le Danois <strong>Julius Lostrup Birkedal <\/strong>(Team GRENKE-Auto Eder) s\u2019est impos\u00e9 devant l\u2019un de ses co\u00e9quipiers, alors qu\u2019il n\u2019a que 16 ans. Du c\u00f4t\u00e9 des filles, l\u2019Espagne \u00e9tait \u00e0 la f\u00eate gr\u00e2ce \u00e0 la victoire de <strong>Paula Ostiz<\/strong> (Onder Ons Parike).<\/p>\n<p>Vid\u00e9o &#8211; Ostiz s&rsquo;est impos\u00e9e en solitaire, comme Tadej Pogacar Lire la suite de l&rsquo;article&#13;<\/p>\n<p>\u00a0<\/p>\n<p>&#13;<\/p>\n<p>\u00a0<\/p>\n<p>&#13;<br \/>\nOstiz confirme, Birkedal surprend&#13;<\/p>\n<p>Sur la course masculine, la Team GRENKE-Auto Eder, \u00e9quipe Juniors de la formation Red Bull-BORA-hansgrohe, a r\u00e9alis\u00e9 une v\u00e9ritable d\u00e9monstration de force. L\u2019\u00e9quipe allemande a plac\u00e9 cinq de ses six coureurs dans le top 12. \u00c0 l\u2019approche de l\u2019arriv\u00e9e, ils \u00e9taient encore cinq \u00e0 pouvoir jouer la victoire. Mais \u00e0 4 kilom\u00e8tres du but, <strong>Julius Birkedal<\/strong> a plac\u00e9 une ultime acc\u00e9l\u00e9ration d\u00e9cisive. Son co\u00e9quipier <strong>Georgs Tjumins<\/strong> a pris la 2e place, devant <strong>Jan Michal Jackowiak<\/strong>.<\/p>\n<p>&#13;<\/p>\n<p>Chez les filles, la championne d\u2019Espagne <strong>Paula Ostiz<\/strong> s\u2019est impos\u00e9e sans r\u00e9elle surprise. Deuxi\u00e8me des Mondiaux l\u2019an dernier, l\u2019Espagnole confirme son excellent d\u00e9but de saison 2025. En cinq jours de course cette ann\u00e9e, elle n\u2019est jamais sortie du top 3. Ce dimanche, elle s\u2019est impos\u00e9e en solitaire, devant <strong>Megan Arens<\/strong>. <strong>Justine Baud<\/strong> (Auvergne-Rh\u00f4ne-Alpes), premi\u00e8re Fran\u00e7aise, prend la 10e place<\/p>\n","protected":false},"excerpt":{"rendered":"Ce dimanche se disputaient les courses Juniors du Tour des Flandres.\u00a0Chez les gar\u00e7ons, le Danois Julius Lostrup Birkedal&hellip;\n","protected":false},"author":2,"featured_media":129065,"comment_status":"","ping_status":"","sticky":false,"template":"","format":"standard","meta":{"footnotes":""},"categories":[1411],"tags":[1154,207,211,1011,27,209,60,210,522,212,208,213],"class_list":{"0":"post-129064","1":"post","2":"type-post","3":"status-publish","4":"format-standard","5":"has-post-thumbnail","7":"category-cyclisme","8":"tag-cycling","9":"tag-cyclisme","10":"tag-ffc","11":"tag-fr","12":"tag-france","13":"tag-route","14":"tag-sports","15":"tag-tour-de-france","16":"tag-tour-des-flandres","17":"tag-uci","18":"tag-velo","19":"tag-world-tour"},"share_on_mastodon":{"url":"https:\/\/pubeurope.com\/@fr\/114573760455729681","error":""},"_links":{"self":[{"href":"https:\/\/www.europesays.com\/fr\/wp-json\/wp\/v2\/posts\/129064","targetHints":{"allow":["GET"]}}],"collection":[{"href":"https:\/\/www.europesays.com\/fr\/wp-json\/wp\/v2\/posts"}],"about":[{"href":"https:\/\/www.europesays.com\/fr\/wp-json\/wp\/v2\/types\/post"}],"author":[{"embeddable":true,"href":"https:\/\/www.europesays.com\/fr\/wp-json\/wp\/v2\/users\/2"}],"replies":[{"embeddable":true,"href":"https:\/\/www.europesays.com\/fr\/wp-json\/wp\/v2\/comments?post=129064"}],"version-history":[{"count":0,"href":"https:\/\/www.europesays.com\/fr\/wp-json\/wp\/v2\/posts\/129064\/revisions"}],"wp:featuredmedia":[{"embeddable":true,"href":"https:\/\/www.europesays.com\/fr\/wp-json\/wp\/v2\/media\/129065"}],"wp:attachment":[{"href":"https:\/\/www.europesays.com\/fr\/wp-json\/wp\/v2\/media?parent=129064"}],"wp:term":[{"taxonomy":"category","embeddable":true,"href":"https:\/\/www.europesays.com\/fr\/wp-json\/wp\/v2\/categories?post=129064"},{"taxonomy":"post_tag","embeddable":true,"href":"https:\/\/www.europesays.com\/fr\/wp-json\/wp\/v2\/tags?post=129064"}],"curies":[{"name":"wp","href":"https:\/\/api.w.org\/{rel}","templated":true}]}}