{"id":129068,"date":"2025-05-26T10:54:23","date_gmt":"2025-05-26T10:54:23","guid":{"rendered":"https:\/\/www.europesays.com\/fr\/129068\/"},"modified":"2025-05-26T10:54:23","modified_gmt":"2025-05-26T10:54:23","slug":"obseques-de-gerard-rinaldi-cette-derniere-volonte-de-lacteur-qui-a-eu-une-consequence-frappante-sur-ses-funerailles","status":"publish","type":"post","link":"https:\/\/www.europesays.com\/fr\/129068\/","title":{"rendered":"Obs\u00e8ques de G\u00e9rard Rinaldi : cette derni\u00e8re volont\u00e9 de l&rsquo;acteur qui a eu une cons\u00e9quence frappante sur ses fun\u00e9railles"},"content":{"rendered":"<p>G\u00e9rard Rinaldi, un artiste fran\u00e7ais polyvalent, \u00e9tait acteur,<br \/>\nchanteur, musicien et parolier. <strong>Figure embl\u00e9matique des<br \/>\nann\u00e9es 70, il est d\u00e9c\u00e9d\u00e9 le 2 mars 2012 \u00e0 69 ans<\/strong>. Bien<br \/>\nqu&rsquo;il soit surtout reconnu pour le succ\u00e8s des Charlots, il est n\u00e9<br \/>\ndans un milieu modeste. Sa carri\u00e8re a commenc\u00e9 avec le groupe<br \/>\nmusical Antoine et Les Probl\u00e8mes. Cependant, c&rsquo;est l&rsquo;humour d\u00e9cal\u00e9<br \/>\ndes Charlots qui a v\u00e9ritablement lanc\u00e9 sa carri\u00e8re. Malgr\u00e9 sa<br \/>\nr\u00e9ussite, celle-ci a \u00e9t\u00e9 assombrie par des probl\u00e8mes fiscaux.<\/p>\n<p>Notons que G\u00e9rard Rinaldi est mort suite \u00e0 une longue maladie.<br \/>\nL\u2019acteur souffrait notamment d\u2019un <strong>lymphome<\/strong>. Ses<br \/>\nderniers moments, il les a pass\u00e9 \u00e0 l\u2019h\u00f4pital de Briis-sous-Forge,<br \/>\ndans l\u2019Essonne. Outre le succ\u00e8s des Charlots, son r\u00f4le dans<br \/>\n<strong>Marc et Sophie<\/strong>, en 1987, l\u2019avait tout<br \/>\nsimplement propuls\u00e9 dans sa carri\u00e8re. D\u2019ailleurs, juste avant sa<br \/>\nmort, G\u00e9rard Rinaldi doublait encore des s\u00e9ries am\u00e9ricaines. Un an<br \/>\navant sa mort, en 2011, ses fans pouvaient encore profiter de<br \/>\n<a href=\"https:\/\/www.closermag.fr\/people\/exclu-gerard-depardieu-evince-de-son-prochain-film-michel-hazanavicius-dans-lembarras-3268961\" rel=\"nofollow noopener\" target=\"_blank\"><br \/>\n<strong>ses performances<\/strong><\/a> dans Le Vieux, sur<br \/>\nFrance 2.<\/p>\n<blockquote class=\"twitter-tweet\">\n<p dir=\"ltr\" lang=\"fr\">\ud83c\udf39 Une pens\u00e9e pour G\u00e9rard Rinaldi qui, 10 ans<br \/>\napr\u00e8s sa disparition, nous manque toujours autant<br \/>\ud83d\udcda En hommage, sortira bient\u00f4t un livre d&rsquo;entretiens in\u00e9dits (+ de<br \/>\nnombreux t\u00e9moignages) retra\u00e7ant son fabuleux parcours, des Charlots<br \/>\n\u00e0 Feydeau, en passant par la TV &amp; le doublage <a href=\"https:\/\/t.co\/HOIgmaB9aG\" rel=\"nofollow\">pic.twitter.com\/HOIgmaB9aG<\/a><\/p>\n<p>\u2014 Gilles Botineau (@GillesBotineau) <a href=\"https:\/\/twitter.com\/GillesBotineau\/status\/1498933273749295106?ref_src=twsrc%5Etfw\" rel=\"nofollow noopener\" target=\"_blank\"><br \/>\nMarch 2, 2022<\/a><\/p>\n<\/blockquote>\n<p><strong>G\u00e9rard Rinaldi : des obs\u00e8ques<br \/>\nen toute intimit\u00e9<\/strong><\/p>\n<p>Malgr\u00e9 son succ\u00e8s, <a href=\"https:\/\/www.closermag.fr\/people\/gerard-rinaldi-des-obseques-dans-la-plus-stricte-intimite-70243#item=1\" rel=\"nofollow noopener\" target=\"_blank\"><br \/>\n<strong>les obs\u00e8ques de G\u00e9rard Rinaldi<\/strong><\/a> n\u2019ont pas \u00e9t\u00e9<br \/>\naussi explosives. En effet, l\u2019acteur avait d\u00e9j\u00e0 donn\u00e9 des<br \/>\ndirectives claires concernant ses fun\u00e9railles. Il d\u00e9sirait<br \/>\nnotamment \u00eatre <strong>inhum\u00e9 en toute intimit\u00e9<\/strong>. Il<br \/>\nsouhaitait que seuls ses proches y assistent. Une derni\u00e8re volont\u00e9<br \/>\nque sa veuve, Ginette, avait confirm\u00e9 \u00e0 l\u2019AFP. \u00ab\u00a0G\u00e9rard<br \/>\n\u00e9tait <strong>tr\u00e8s discret et pudique<\/strong>.<br \/>\nNous avons toujours fait en sorte que notre intimit\u00e9 soit<br \/>\npr\u00e9serv\u00e9e\u00a0\u00bb, avait-elle d\u00e9clar\u00e9. \u00ab\u00a0Il a souhait\u00e9 que ses<br \/>\nobs\u00e8ques se d\u00e9roulent dans le m\u00eame esprit\u00a0\u00bb, soulignait Ginette<br \/>\nRinaldi. Raison pour laquelle aucune information sur l\u2019inhumation<br \/>\nde la star n\u2019avait \u00e9t\u00e9 divulgu\u00e9e publiquement \u00e0 l\u2019\u00e9poque. Ce qui<br \/>\nn\u2019a aucunement emp\u00each\u00e9 ses fans de lui rendre de <strong>nombreux<br \/>\nhommages<\/strong>.<\/p>\n<p>Diaporama<br \/>\n<img decoding=\"async\" class=\"diapo_img img-responsive lazy-load\" loading=\"lazy\" src=\"https:\/\/www.europesays.com\/fr\/wp-content\/uploads\/2025\/05\/bestimage_00155774_000030.jpg\"\/><\/p>\n<p>Bestimage<\/p>\n<p>1\/15 G\u00e9rard Rinaldi : mort \u00e0 l\u2019\u00e2ge de 69<br \/>\nans<\/p>\n<p>Mort \u00e0 l\u2019\u00e2ge de 69 ans, le 2 mars 2012, G\u00e9rard<br \/>\nRinaldi \u00e9tait une ic\u00f4ne comme on en voit peu. Closer revient sur<br \/>\nles raisons de la grande intimit\u00e9 de ses fun\u00e9railles.<\/p>\n<p><img decoding=\"async\" class=\"diapo_img img-responsive lazy-load\" loading=\"lazy\" src=\"https:\/\/www.europesays.com\/fr\/wp-content\/uploads\/2025\/05\/bestimage_00528725_001323.jpg\"\/><\/p>\n<p>Bestimage<\/p>\n<p>2\/15 G\u00e9rard Rinaldi : une ic\u00f4ne comme on en<br \/>\nvoit peu<\/p>\n<p><b>G\u00e9rard Rinaldi<\/b> \u00e9tait un acteur, chanteur,<br \/>\nmusicien et parolier fran\u00e7ais. Cette ic\u00f4ne des ann\u00e9es 70 est<br \/>\n<b>morte le 2 mars 2012<\/b> \u00e0 l\u2019\u00e2ge de 69 ans.<\/p>\n<p><img decoding=\"async\" class=\"diapo_img img-responsive lazy-load\" loading=\"lazy\" src=\"https:\/\/www.europesays.com\/fr\/wp-content\/uploads\/2025\/05\/bestimage_00130022_000037.jpg\"\/><\/p>\n<p>Bestimage<\/p>\n<p>3\/15 G\u00e9rard Rinaldi : sa carri\u00e8re a command\u00e9<br \/>\navec Antoine et Les Probl\u00e8mes<\/p>\n<p>Connu surtout pour le grand succ\u00e8s des<br \/>\nCharlots, G\u00e9rard Rinaldi a vu le jour dans un milieu modeste. Sa<br \/>\ncarri\u00e8re a d\u00e9but\u00e9 avec <b>Antoine<\/b> et<br \/>\n<b>Les Probl\u00e8mes<\/b> (le groupe de musique).<\/p>\n<p><img decoding=\"async\" class=\"diapo_img img-responsive lazy-load\" loading=\"lazy\" src=\"https:\/\/www.europesays.com\/fr\/wp-content\/uploads\/2025\/05\/bestimage_00528725_001321.jpg\"\/><\/p>\n<p>Bestimage<\/p>\n<p>4\/15 G\u00e9rard Rinaldi : l\u2019humour potache des<br \/>\nCharlots<\/p>\n<p>Seulement, l\u2019humour potache des Charlots a \u00e9t\u00e9<br \/>\nle d\u00e9clic de cette carri\u00e8re r\u00e9ussie. Le succ\u00e8s lui a ouvert ses<br \/>\nbras, mais un succ\u00e8s qui est venu avec son revers.<\/p>\n<p><img decoding=\"async\" class=\"diapo_img img-responsive lazy-load\" loading=\"lazy\" src=\"https:\/\/www.europesays.com\/fr\/wp-content\/uploads\/2025\/05\/bestimage_00528725_002314.jpg\"\/><\/p>\n<p>Bestimage<\/p>\n<p>5\/15 G\u00e9rard Rinaldi : des probl\u00e8mes avec le<br \/>\nfisc<\/p>\n<p>En effet, l\u2019histoire de la star a \u00e9t\u00e9 entach\u00e9e<br \/>\npar ses <b>d\u00e9m\u00eal\u00e9s avec le fisc<\/b>.<\/p>\n<p><img decoding=\"async\" class=\"diapo_img img-responsive lazy-load\" loading=\"lazy\" src=\"https:\/\/www.europesays.com\/fr\/wp-content\/uploads\/2025\/05\/bestimage_00154190_000299.jpg\"\/><\/p>\n<p>Bestimage<\/p>\n<p>6\/15 G\u00e9rard Rinaldi : il souffrait de<br \/>\nlymphome<\/p>\n<p>Notons que G\u00e9rard Rinaldi est mort suite \u00e0 une<br \/>\nlongue maladie. L\u2019acteur souffrait notamment d\u2019un<br \/>\n<b>lymphome<\/b>.<\/p>\n<p><img decoding=\"async\" class=\"diapo_img img-responsive lazy-load\" loading=\"lazy\" src=\"https:\/\/www.europesays.com\/fr\/wp-content\/uploads\/2025\/05\/bestimage_00130022_000036.jpg\"\/><\/p>\n<p>Bestimage<\/p>\n<p>7\/15 G\u00e9rard Rinaldi : Marc et Sophie en<br \/>\n1987<\/p>\n<p>Ses derniers moments, il les a pass\u00e9 \u00e0<br \/>\nl\u2019h\u00f4pital de Briis-sous-Forge, dans l\u2019Essonne. Outre le succ\u00e8s des<br \/>\nCharlots, son r\u00f4le dans <b>Marc et<br \/>\nSophie<\/b>, en 1987, l\u2019avait tout simplement propuls\u00e9<br \/>\ndans sa carri\u00e8re.<\/p>\n<p><img decoding=\"async\" class=\"diapo_img img-responsive lazy-load\" loading=\"lazy\" src=\"https:\/\/www.europesays.com\/fr\/wp-content\/uploads\/2025\/05\/bestimage_00130022_000040.jpg\"\/><\/p>\n<p>Bestimage<\/p>\n<p>8\/15 G\u00e9rard Rinaldi : plusieurs projets avant<br \/>\nsa mort<\/p>\n<p>D\u2019ailleurs, juste avant sa mort, G\u00e9rard Rinaldi<br \/>\ndoublait encore des s\u00e9ries am\u00e9ricaines.<\/p>\n<p><img decoding=\"async\" class=\"diapo_img img-responsive lazy-load\" loading=\"lazy\" src=\"https:\/\/www.europesays.com\/fr\/wp-content\/uploads\/2025\/05\/bestimage_00191136_001804.jpg\"\/><\/p>\n<p>Bestimage<\/p>\n<p>9\/15 G\u00e9rard Rinaldi : Le Vieux en 2011<\/p>\n<p>Un an avant sa mort, en 2011, ses fans<br \/>\npouvaient encore profiter de ses performances dans<br \/>\nLe Vieux, sur<br \/>\nFrance 2.<\/p>\n<p><img decoding=\"async\" class=\"diapo_img img-responsive lazy-load\" loading=\"lazy\" src=\"https:\/\/www.europesays.com\/fr\/wp-content\/uploads\/2025\/05\/bestimage_00150613_000002.jpg\"\/><\/p>\n<p>Bestimage<\/p>\n<p>10\/15 G\u00e9rard Rinaldi : des obs\u00e8ques en toute<br \/>\nintimit\u00e9<\/p>\n<p>Malgr\u00e9 son succ\u00e8s, les obs\u00e8ques de G\u00e9rard<br \/>\nRinaldi n\u2019ont pas \u00e9t\u00e9 aussi explosives. En effet, l\u2019acteur avait<br \/>\nd\u00e9j\u00e0 donn\u00e9 des directives claires concernant ses<br \/>\nfun\u00e9railles.<\/p>\n<p><img decoding=\"async\" class=\"diapo_img img-responsive lazy-load\" loading=\"lazy\" src=\"https:\/\/www.europesays.com\/fr\/wp-content\/uploads\/2025\/05\/bestimage_00191136_001805.jpg\"\/><\/p>\n<p>Bestimage<\/p>\n<p>11\/15 G\u00e9rard Rinaldi a \u00e9t\u00e9 inhum\u00e9<\/p>\n<p>Il d\u00e9sirait notamment \u00eatre <b>inhum\u00e9 en<br \/>\ntoute intimit\u00e9<\/b>. Il souhaitait que seuls ses proches y<br \/>\nassistent.<\/p>\n<p><img decoding=\"async\" class=\"diapo_img img-responsive lazy-load\" loading=\"lazy\" src=\"https:\/\/www.europesays.com\/fr\/wp-content\/uploads\/2025\/05\/bestimage_00528725_002307.jpg\"\/><\/p>\n<p>Bestimage<\/p>\n<p>12\/15 G\u00e9rard Rinaldi : seuls ses proches<br \/>\n\u00e9taient pr\u00e9sents<\/p>\n<p>Une derni\u00e8re volont\u00e9 que sa veuve, Ginette,<br \/>\navait confirm\u00e9 \u00e0 l\u2019AFP.<\/p>\n<p><img decoding=\"async\" class=\"diapo_img img-responsive lazy-load\" loading=\"lazy\" src=\"https:\/\/www.europesays.com\/fr\/wp-content\/uploads\/2025\/05\/bestimage_00212066_000113.jpg\"\/><\/p>\n<p>Bestimage<\/p>\n<p>13\/15 G\u00e9rard Rinaldi : sa veuve s\u2019est<br \/>\nexprim\u00e9e \u00e0 l\u2019AFP<\/p>\n<p>\u00ab\u00a0G\u00e9rard \u00e9tait<br \/>\n<b>tr\u00e8s discret et pudique<\/b>. Nous avons<br \/>\ntoujours fait en sorte que notre intimit\u00e9 soit<br \/>\npr\u00e9serv\u00e9e\u00a0\u00bb, avait-elle d\u00e9clar\u00e9.<\/p>\n<p><img decoding=\"async\" class=\"diapo_img img-responsive lazy-load\" loading=\"lazy\" src=\"https:\/\/www.europesays.com\/fr\/wp-content\/uploads\/2025\/05\/bestimage_00528725_001406.jpg\"\/><\/p>\n<p>Bestimage<\/p>\n<p>14\/15 G\u00e9rard Rinaldi : un homme tr\u00e8s<br \/>\ndiscret<\/p>\n<p>\u00ab\u00a0Il a souhait\u00e9 que ses obs\u00e8ques<br \/>\nse d\u00e9roulent dans le m\u00eame esprit\u00a0\u00bb, soulignait<br \/>\nGinette Rinaldi.<\/p>\n<p><img decoding=\"async\" class=\"diapo_img img-responsive lazy-load\" loading=\"lazy\" src=\"https:\/\/www.europesays.com\/fr\/wp-content\/uploads\/2025\/05\/bestimage_00191136_001765.jpg\"\/><\/p>\n<p>Bestimage<\/p>\n<p>15\/15 G\u00e9rard Rinaldi : de nombreux<br \/>\nhommages<\/p>\n<p>Raison pour laquelle aucune information sur<br \/>\nl\u2019inhumation de la star n\u2019avait \u00e9t\u00e9 divulgu\u00e9e publiquement \u00e0<br \/>\nl\u2019\u00e9poque. Ce qui n\u2019a aucunement emp\u00each\u00e9 ses fans de lui rendre<br \/>\nde <b>nombreux hommages<\/b>.<\/p>\n<p><script async src=\"https:\/\/platform.twitter.com\/widgets.js\" charset=\"utf-8\"><\/script><\/p>\n","protected":false},"excerpt":{"rendered":"G\u00e9rard Rinaldi, un artiste fran\u00e7ais polyvalent, \u00e9tait acteur, chanteur, musicien et parolier. Figure embl\u00e9matique des ann\u00e9es 70, il&hellip;\n","protected":false},"author":2,"featured_media":129069,"comment_status":"","ping_status":"","sticky":false,"template":"","format":"standard","meta":{"footnotes":""},"categories":[1359],"tags":[58,59,1011,27,25330,1638,973,6055],"class_list":{"0":"post-129068","1":"post","2":"type-post","3":"status-publish","4":"format-standard","5":"has-post-thumbnail","7":"category-people","8":"tag-divertissement","9":"tag-entertainment","10":"tag-fr","11":"tag-france","12":"tag-gerard-rinaldi","13":"tag-has_diapo","14":"tag-people","15":"tag-republishing"},"share_on_mastodon":{"url":"https:\/\/pubeurope.com\/@fr\/114573769096960510","error":""},"_links":{"self":[{"href":"https:\/\/www.europesays.com\/fr\/wp-json\/wp\/v2\/posts\/129068","targetHints":{"allow":["GET"]}}],"collection":[{"href":"https:\/\/www.europesays.com\/fr\/wp-json\/wp\/v2\/posts"}],"about":[{"href":"https:\/\/www.europesays.com\/fr\/wp-json\/wp\/v2\/types\/post"}],"author":[{"embeddable":true,"href":"https:\/\/www.europesays.com\/fr\/wp-json\/wp\/v2\/users\/2"}],"replies":[{"embeddable":true,"href":"https:\/\/www.europesays.com\/fr\/wp-json\/wp\/v2\/comments?post=129068"}],"version-history":[{"count":0,"href":"https:\/\/www.europesays.com\/fr\/wp-json\/wp\/v2\/posts\/129068\/revisions"}],"wp:featuredmedia":[{"embeddable":true,"href":"https:\/\/www.europesays.com\/fr\/wp-json\/wp\/v2\/media\/129069"}],"wp:attachment":[{"href":"https:\/\/www.europesays.com\/fr\/wp-json\/wp\/v2\/media?parent=129068"}],"wp:term":[{"taxonomy":"category","embeddable":true,"href":"https:\/\/www.europesays.com\/fr\/wp-json\/wp\/v2\/categories?post=129068"},{"taxonomy":"post_tag","embeddable":true,"href":"https:\/\/www.europesays.com\/fr\/wp-json\/wp\/v2\/tags?post=129068"}],"curies":[{"name":"wp","href":"https:\/\/api.w.org\/{rel}","templated":true}]}}