{"id":129103,"date":"2025-05-26T11:13:15","date_gmt":"2025-05-26T11:13:15","guid":{"rendered":"https:\/\/www.europesays.com\/fr\/129103\/"},"modified":"2025-05-26T11:13:15","modified_gmt":"2025-05-26T11:13:15","slug":"cest-une-belle-promesse-la-ministre-de-la-ville-a-la-beaucaire","status":"publish","type":"post","link":"https:\/\/www.europesays.com\/fr\/129103\/","title":{"rendered":"\u00ab C\u2019est une belle promesse \u00bb : la ministre de la ville \u00e0 la Beaucaire"},"content":{"rendered":"<p><img loading=\"lazy\" decoding=\"async\" alt=\"\u00a9 K. Sarrazin - La ministre de la Ville au club de boxe ASCM de la Beaucaire.\" data-zoom-src=\"https:\/\/www.europesays.com\/fr\/wp-content\/uploads\/2025\/05\/initial-ministre-ville-la-beaucaire-toulon.jpg\" data-zoomable=\"\" height=\"702\" src=\"https:\/\/www.europesays.com\/fr\/wp-content\/uploads\/2025\/05\/initial-ministre-ville-la-beaucaire-toulon.jpg\" width=\"1248\"\/>  <\/p>\n<p class=\"article-desc\">\u00a9 K. Sarrazin &#8211; La ministre de la Ville au club de boxe ASCM de la Beaucaire. <\/p>\n<p>Quel est le point commun entre un <strong>banc color\u00e9 au milieu d\u2019un cour d\u2019\u00e9cole<\/strong>, un <strong>club de boxe<\/strong> et un <strong>commissariat de police<\/strong>\u00a0? Tous ces lieux et initiatives s\u2019inscrivent dans le cadre de <strong>la politique de la ville que m\u00e8ne Toulon<\/strong> dans <a href=\"https:\/\/mesinfos.fr\/83000-toulon\/toulon-un-nouveau-contrat-de-ville-pour-dix-quartiers-prioritaires-208580.html\" rel=\"noopener nofollow\" target=\"_blank\">l\u2019un de ses dix quartiers prioritaires<\/a>, la Beaucaire. <\/p>\n<p>C\u2019est au c\u0153ur de cette cit\u00e9 situ\u00e9e \u00e0 l\u2019extr\u00e9mit\u00e9 ouest de la commune que <strong>la ministre d\u00e9l\u00e9gu\u00e9e charg\u00e9e de la Ville, Juliette M\u00e9adel<\/strong>, s\u2019est rendue le 23 mai dernier. Pendant plus de trois heures, elle a rencontr\u00e9 nombre d\u2019acteurs institutionnels, associatifs, ou des forces de s\u00e9curit\u00e9. <\/p>\n<p>\u00ab\u00a0La s\u00e9curit\u00e9 est une priorit\u00e9\u00a0\u00bb de la politique de la ville <\/p>\n<p>\u00ab\u00a0Vous savez ce que c\u2019est la politique de la Ville ? \u00bb, demande-t-elle \u00e0 un groupe d\u2019une dizaine d\u2019enfants r\u00e9unis dans la cour de l\u2019\u00e9cole primaire la Beaucaire. Ensemble, il<strong>s ont cr\u00e9\u00e9 une fresque sur une station Enedis et ont repeint plusieurs bancs de leur \u00e9tablissement<\/strong>. <\/p>\n<blockquote>\n<p>C\u2019est ce que vous \u00eatres en train de faire, r\u00e9pond-elle. Vous investissez dans vos \u00e9coles, dans votre ville, vous faites des projets ensemble. Et ces actions tirent tout le monde vers le haut\u00a0!\u00a0\u00bb. <\/p>\n<\/blockquote>\n<p>  <img decoding=\"async\" alt=\"\" data-zoomable=\"\" loading=\"lazy\" src=\"https:\/\/www.europesays.com\/fr\/wp-content\/uploads\/2025\/05\/banc-qpv-la-beaucaire-toulon.jpg\" width=\"100%\"\/> \u00a9 K. Sarrazin &#8211; A l&rsquo;\u00e9cole primaire la Beaucaire, les bancs se parent de couleurs. <\/p>\n<p>\u00ab\u00a0Je veux que vos quartiers soient plus entretenus, moins sales, lutter contre le trafic\u00a0\u00bb, a continu\u00e9 la ministre, pour qui \u00ab\u00a0la s\u00e9curit\u00e9 est une priorit\u00e9. Il n\u2019y a pas de libert\u00e9 sans s\u00e9curit\u00e9 \u00bb. A ce sujet, elle s\u2019est entretenue avec J\u00e9r\u00f4me Martin, directeur de la police nationale Var depuis<strong> le commissariat situ\u00e9 au c\u0153ur de quartier<\/strong>. Au total, <strong>21 policiers<\/strong> sont affect\u00e9s pour recevoir les plaintes, enlever les \u00e9paves, \u00ab harceler les points de deal\u00a0\u00bb avec deux op\u00e9rations par semaine. <strong>Un travail qui porte ses fruits<\/strong>\u00a0: depuis le 1er janvier 2025, 35 ont \u00e9t\u00e9 d\u00e9mantel\u00e9s \u00e0 la Beaucaire et 55 personnes interpell\u00e9es.<\/p>\n<p>  Des projets \u00e0 venir pour redessiner la Beaucaire <\/p>\n<p>Pour continuer dans cette optique,<strong> le commissariat pourrait dans un avenir proche s\u2019agrandir <\/strong>en s\u2019installant dans l\u2019espace Beaucaire \u2013 notamment compos\u00e9 d\u2019une antenne France Services &#8211; juste \u00e0 c\u00f4t\u00e9. Dans un jeu de chaises musicales, ce dernier doit d\u00e9m\u00e9nager dans les anciens locaux de la Caisse d\u2019allocations familiales du Var, laiss\u00e9s vacants <a href=\"https:\/\/mesinfos.fr\/83000-toulon\/2025-une-annee-charniere-pour-la-caf-du-var-215748.html\" rel=\"noopener nofollow\" target=\"_blank\">depuis leur d\u00e9m\u00e9nagement \u00e0 la Loubi\u00e8re<\/a>.<\/p>\n<p><strong>Le site de plus de 12 000 m2, qui comprend locaux, parc et jardin<\/strong>, va \u00eatre rachet\u00e9 \u00e0 la CAF par la Ville <strong>le 10 juin prochain<\/strong>. <\/p>\n<blockquote>\n<p>\u00ab\u00a0Nous donnerons plus de d\u00e9tails \u00e0 ce moment-l\u00e0 mais je peux d\u00e9j\u00e0 vous dire qu\u2019en plus dans cet espace, nous avons pour ambition d\u2019y transf\u00e9rer les deux \u00e9coles qui elles, seront remplac\u00e9es par un parc\u00a0\u00bb, indique Jos\u00e9e Massi, maire de Toulon. <\/p>\n<\/blockquote>\n<p>  <img decoding=\"async\" alt=\"\" class=\"img-size-full\" data-zoomable=\"\" loading=\"lazy\" src=\"https:\/\/www.europesays.com\/fr\/wp-content\/uploads\/2025\/05\/la-beaucaire-caf-toulon.jpg\" width=\"100%\"\/> \u00a9 K. Sarrazin &#8211; Les anciens locaux de la CAF vont \u00eatre r\u00e9investis par la Ville de Toulon qui pr\u00e9sentera son projet le 10 juin. \u00ab Pour moi c&rsquo;est \u00e7a, une bonne politique de la ville \u00bb <\/p>\n<p>La d\u00e9ambulation dans les rues de la Beaucaire s\u2019est ponctu\u00e9e <strong>d\u2019une halte au club de boxe ASCM<\/strong>. \u00ab\u00a0Ce sont des jeunes motiv\u00e9s, qui ont envie de se d\u00e9passer. J\u2019en ai m\u00eame rencontr\u00e9 un qui m\u2019a dit\u00a0: \u00ab\u00a0Mme la ministre, je serai champion de boxe dans trois ans. Je m\u2019appelle Aladin et j\u2019y arriverai\u00a0\u00bb. Ce discours qu\u2019est-ce qu\u2019on aimerait l\u2019entendre partout et l\u2019\u00e9riger en exemple\u00a0!\u00a0Pour moi c\u2019est \u00e7a la bonne politique de la ville\u00a0\u00bb, s\u2019enthousiasme Juliette M\u00e9adel. <\/p>\n<blockquote>\n<p>\u00ab\u00a0Il y a beaucoup de travail car c\u2019est le propre des quartiers de politique de la ville mais en m\u00eame temps, je note qu\u2019ici il y a aussi beaucoup d\u2019\u00e9nergies et des habitants qui se prennent en main. C\u2019est une belle promesse\u00a0!\u00a0\u00bb, a-t-elle remarqu\u00e9, saluant le travail effectu\u00e9 par la Ville sur la petite enfance. <\/p>\n<\/blockquote>\n<p>  Quel devenir pour le Carr\u00e9\u00a0? <\/p>\n<p>Souvent repouss\u00e9,<strong> le comit\u00e9 interminist\u00e9riel des villes va finalement se tenir le 6 juin<\/strong>. Au sujet des inqui\u00e9tudes des maires, la repr\u00e9sentante de l\u2019\u00c9tat r\u00e9pond\u00a0: \u00ab Il y a une ministre de la ville, ce qui signifie une envie d\u2019avancer. J\u2019ai pr\u00e9serv\u00e9 jusqu\u2019\u00e0 pr\u00e9sent nos budgets mais c\u2019est certain que les temps \u00e0 venir seront un peu difficiles. J\u2019ai obtenu un financement de 350 millions d\u2019euros avec la Caisse des d\u00e9p\u00f4ts, soit presque la moiti\u00e9 de mon budget, pour les projets d\u2019\u00e9conomie sociale et solidaire. Ils investissent en capital aussi et je pensais leur sugg\u00e9rer ce Carr\u00e9 qui pourrait devenir une belle place de village comme les habitants le disent. \u00bb<\/p>\n<p>Pour <strong>cette place sans ombre au milieu d\u2019un parking, sur laquelle donnent de nombreux immeubles et entour\u00e9e de quelques arbres<\/strong>, \u00ab\u00a0une r\u00e9flexion est en cours pour ramener de l\u2019oxyg\u00e8ne. Nous voulons proposer quelque chose \u00e0 tr\u00e8s court terme\u00a0\u00bb, compl\u00e8te Mohamed Mahali, adjoint \u00e0 l\u2019urbanisme et au logement de la Ville de Toulon, en sa qualit\u00e9 de pr\u00e9sident de pr\u00e9sident de Toulon Habitat M\u00e9diterran\u00e9e.<\/p>\n","protected":false},"excerpt":{"rendered":"\u00a9 K. Sarrazin &#8211; La ministre de la Ville au club de boxe ASCM de la Beaucaire. Quel&hellip;\n","protected":false},"author":2,"featured_media":129104,"comment_status":"","ping_status":"","sticky":false,"template":"","format":"standard","meta":{"footnotes":""},"categories":[9619],"tags":[1111,11,1777,674,1011,27,25334,12,6347,882,25333,25,2310],"class_list":{"0":"post-129103","1":"post","2":"type-post","3":"status-publish","4":"format-standard","5":"has-post-thumbnail","7":"category-toulon","8":"tag-actu","9":"tag-actualites","10":"tag-eu","11":"tag-europe","12":"tag-fr","13":"tag-france","14":"tag-juliette-mu00e9adel","15":"tag-news","16":"tag-politique-de-la-ville","17":"tag-provence-alpes-cote-dazur","18":"tag-qpv","19":"tag-republique-francaise","20":"tag-toulon"},"share_on_mastodon":{"url":"https:\/\/pubeurope.com\/@fr\/114573843253559452","error":""},"_links":{"self":[{"href":"https:\/\/www.europesays.com\/fr\/wp-json\/wp\/v2\/posts\/129103","targetHints":{"allow":["GET"]}}],"collection":[{"href":"https:\/\/www.europesays.com\/fr\/wp-json\/wp\/v2\/posts"}],"about":[{"href":"https:\/\/www.europesays.com\/fr\/wp-json\/wp\/v2\/types\/post"}],"author":[{"embeddable":true,"href":"https:\/\/www.europesays.com\/fr\/wp-json\/wp\/v2\/users\/2"}],"replies":[{"embeddable":true,"href":"https:\/\/www.europesays.com\/fr\/wp-json\/wp\/v2\/comments?post=129103"}],"version-history":[{"count":0,"href":"https:\/\/www.europesays.com\/fr\/wp-json\/wp\/v2\/posts\/129103\/revisions"}],"wp:featuredmedia":[{"embeddable":true,"href":"https:\/\/www.europesays.com\/fr\/wp-json\/wp\/v2\/media\/129104"}],"wp:attachment":[{"href":"https:\/\/www.europesays.com\/fr\/wp-json\/wp\/v2\/media?parent=129103"}],"wp:term":[{"taxonomy":"category","embeddable":true,"href":"https:\/\/www.europesays.com\/fr\/wp-json\/wp\/v2\/categories?post=129103"},{"taxonomy":"post_tag","embeddable":true,"href":"https:\/\/www.europesays.com\/fr\/wp-json\/wp\/v2\/tags?post=129103"}],"curies":[{"name":"wp","href":"https:\/\/api.w.org\/{rel}","templated":true}]}}