{"id":129105,"date":"2025-05-26T11:14:13","date_gmt":"2025-05-26T11:14:13","guid":{"rendered":"https:\/\/www.europesays.com\/fr\/129105\/"},"modified":"2025-05-26T11:14:13","modified_gmt":"2025-05-26T11:14:13","slug":"ou-ont-ete-transferees-les-300-tortues-terrestres-et-les-antilopes-naines","status":"publish","type":"post","link":"https:\/\/www.europesays.com\/fr\/129105\/","title":{"rendered":"o\u00f9 ont \u00e9t\u00e9 transf\u00e9r\u00e9es les 300 tortues terrestres et les antilopes naines\u00a0?"},"content":{"rendered":"<p>            Par<br \/>\n        <strong><br \/>\n            <a href=\"https:\/\/actu.fr\/auteur\/jm-aubert\" title=\"Consulter tous les articles de Jean-Marc Aubert\" rel=\"nofollow noopener\" target=\"_blank\">Jean-Marc Aubert<\/a><br \/>\n        <\/strong><\/p>\n<p>        Publi\u00e9 le<\/p>\n<p>            26 mai 2025 \u00e0 12h58        <\/p>\n<p>Dans le cadre de sa mission de coop\u00e9ration avec les autorit\u00e9s, le<strong> zoo de Lunaret<\/strong>, \u00e0 <strong>Montpellier<\/strong> a accueilli temporairement environ <strong>300 tortues terrestres<\/strong> saisies depuis novembre 2024 par diverses services.<\/p>\n<p class=\" wall-content\">Elles font partie de quatre esp\u00e8ces populaires en captivit\u00e9 en Europe et qui ont s\u00e9journ\u00e9 quelques mois dans le secret du zoo. En effet, plac\u00e9es en quarantaine, les tortues n\u2019ont pas \u00e9t\u00e9 visibles du public. Et \u00e0 la sortie de l\u2019hiver, les soigneurs et les v\u00e9t\u00e9rinaires ont r\u00e9alis\u00e9 un <strong>checkup complet<\/strong> de chaque individu. Comme un malade hospitalis\u00e9 !\u00a0<\/p>\n<p>    <img   decoding=\"async\" loading=\"lazy\" src=\"https:\/\/www.europesays.com\/fr\/wp-content\/uploads\/2025\/05\/0-68-10-960x640.jpeg\" alt=\"De la bonne salade, une des nourritures quotidiennes pr\u00e9f\u00e9r\u00e9es des tortues \" width=\"960\" height=\"640\"\/><br \/>\n    De la bonne salade, une des nourritures quotidiennes pr\u00e9f\u00e9r\u00e9es des tortues (\u00a9Zoo de Montpellier)<\/p>\n<p class=\" wall-content\">Au programme : lecture de puce, pes\u00e9e, vermifugation et v\u00e9rification compl\u00e8te de l\u2019\u00e9tat g\u00e9n\u00e9ral. \u00ab\u00a0Nombre d\u2019entre elles pr\u00e9sentant des malformations et des blessures, l\u2019\u00e9quipe des soigneurs a pris soin d\u2019elles en permanence, afin qu\u2019elles puissent rejoindre leur nouveau lieu de vie dans les meilleures conditions possibles\u00a0\u00bb, explique la direction, du parc animalier de Lunaret qui annonce que les quelque 300 animaux \u00e0 carapace \u00e9paisse viennent de rejoindre la c\u00e9l\u00e8bre <strong>R\u00e9serve africaine de Sigean<\/strong>, dans l\u2019Aude.\u00a0<\/p>\n<p>    <img   decoding=\"async\" loading=\"lazy\" src=\"https:\/\/www.europesays.com\/fr\/wp-content\/uploads\/2025\/05\/0-69-5-960x640.jpeg\" alt=\"Avant de partir \u00e0 la R\u00e9serve africaine due Sigean, l'heure de la pes\u00e9e \" width=\"960\" height=\"640\"\/><br \/>\n    Avant de partir \u00e0 la R\u00e9serve africaine due Sigean, l\u2019heure de la pes\u00e9e (\u00a9Zoo de Montpellier)Vid\u00e9os : en ce moment sur Actu<\/p>\n<p class=\" wall-content\">Les d\u00e9couvertes fortuites de tortues sont r\u00e9guli\u00e8res dans l\u2019H\u00e9rault, qu\u2019elles soient abandonn\u00e9es par les propri\u00e9taires ou en vadrouille apr\u00e8s s\u2019\u00eatre \u00e9chapp\u00e9es : ainsi, ces derniers jours, une grosse tortue, une marine cette fois, a \u00e9t\u00e9 r\u00e9cup\u00e9r\u00e9e par les <strong>sapeurs-pompiers de Saint-Mathieu-de-Tr\u00e9viers<\/strong>. D\u2019o\u00f9 vient-elle ? Myst\u00e8re !\u00a0<\/p>\n<p>Les dik-dik de Kirk prot\u00e9g\u00e9s<\/p>\n<p class=\" wall-content\">Par ailleurs, d\u2019autres d\u00e9parts viennent d\u2019avoir lieu au zoo de Lunaret : les\u00a0trois <strong>dik-dik de Kirk <\/strong>ont r\u00e9cemment pris la route vers leur nouveau foyer, au zoo de Beauval. Bien que l\u2019esp\u00e8ce se trouve dans la cat\u00e9gorie \u00ab\u00a0pr\u00e9occupation mineure\u00a0\u00bb dans la liste rouge de l\u2019UICN, elle reste prot\u00e9g\u00e9e et fait l\u2019objet d\u2019un suivi attentif. Le dik-dik de Kirk est un mammif\u00e8re de la famille des bovid\u00e9s et de la sous-famille des antilopes et fait partie d\u2019un genre d\u2019<strong>antilopes naines<\/strong>.<\/p>\n<p>    <img   decoding=\"async\" loading=\"lazy\" src=\"https:\/\/www.europesays.com\/fr\/wp-content\/uploads\/2025\/05\/0-68-11-960x640.jpeg\" alt=\"Les dik-dik de Kirk on t quitt\u00e9 leur enclos du zoo de Lunaret \" width=\"960\" height=\"640\"\/><br \/>\n    Les dik-dik de Kirk on t quitt\u00e9 leur enclos du zoo de Lunaret (\u00a9Zoo de Lunaret )<\/p>\n<p class=\" wall-content\">\u00ab\u00a0Cette esp\u00e8ce b\u00e9n\u00e9ficie d\u2019un EEP -Programme de conservation Ex-situ de l\u2019EAZA- qui a pour objectif d\u2019assurer l\u2019\u00e9quilibre de la population de dik-dik de Kirk (\ud835\ude14\ud835\ude22\ud835\ude25\ud835\ude30\ud835\ude32\ud835\ude36\ud835\ude22 \ud835\ude2c\ud835\ude2a\ud835\ude33\ud835\ude2c\ud835\ude2a\ud835\ude2a).\u00a0Un coordinateur europ\u00e9en r\u00e9unit les informations sur les individus et \u00e9met des recommandations de gestion\u00a0\u00bb, explique la direction du zoo de Lunaret. Ce transfert vers Beauval a \u00e9t\u00e9 r\u00e9alis\u00e9 dans le cadre de ce programme de conservation. Si vous n\u2019avez jamais visit\u00e9 ce parc animalier \u00e0 la p\u00e9riph\u00e9rie nord de Montpellier, voil\u00e0 une bonne id\u00e9e de sortie en famille un jour f\u00e9ri\u00e9 ou un week-end.<\/p>\n<p>&gt; Toutes les infos sur le zoo de Lunaret \u00e0 Montpellier ici\u00a0<a href=\"https:\/\/zoo.montpellier.fr\" rel=\"nofollow noopener\" target=\"_blank\">https:\/\/zoo.montpellier.fr<\/a><\/p>\n<p class=\" wall-content\">Suivez toute l\u2019actualit\u00e9 de vos villes et m\u00e9dias favoris en vous inscrivant \u00e0 <a href=\"https:\/\/moncompte.actu.fr\" title=\"D\u00e9couvez Mon Actu\" rel=\"nofollow noopener\" data-trk=\"{&quot;cta&quot;:{&quot;action&quot;:&quot;https:\\\/\\\/moncompte.actu.fr&quot;,&quot;category&quot;:&quot;mon compte&quot;,&quot;from&quot;:&quot;article footer&quot;,&quot;name&quot;:&quot;Mon actu&quot;,&quot;type&quot;:&quot;cta&quot;}}\" target=\"_blank\">Mon Actu<\/a>.<\/p>\n","protected":false},"excerpt":{"rendered":"Par Jean-Marc Aubert Publi\u00e9 le 26 mai 2025 \u00e0 12h58 Dans le cadre de sa mission de coop\u00e9ration&hellip;\n","protected":false},"author":2,"featured_media":129106,"comment_status":"","ping_status":"","sticky":false,"template":"","format":"standard","meta":{"footnotes":""},"categories":[9599],"tags":[1111,11,1867,1777,674,1011,27,2208,12,2680,52,25],"class_list":{"0":"post-129105","1":"post","2":"type-post","3":"status-publish","4":"format-standard","5":"has-post-thumbnail","7":"category-montpellier","8":"tag-actu","9":"tag-actualites","10":"tag-animaux","11":"tag-eu","12":"tag-europe","13":"tag-fr","14":"tag-france","15":"tag-montpellier","16":"tag-news","17":"tag-occitanie","18":"tag-planete","19":"tag-republique-francaise"},"share_on_mastodon":{"url":"https:\/\/pubeurope.com\/@fr\/114573847094652607","error":""},"_links":{"self":[{"href":"https:\/\/www.europesays.com\/fr\/wp-json\/wp\/v2\/posts\/129105","targetHints":{"allow":["GET"]}}],"collection":[{"href":"https:\/\/www.europesays.com\/fr\/wp-json\/wp\/v2\/posts"}],"about":[{"href":"https:\/\/www.europesays.com\/fr\/wp-json\/wp\/v2\/types\/post"}],"author":[{"embeddable":true,"href":"https:\/\/www.europesays.com\/fr\/wp-json\/wp\/v2\/users\/2"}],"replies":[{"embeddable":true,"href":"https:\/\/www.europesays.com\/fr\/wp-json\/wp\/v2\/comments?post=129105"}],"version-history":[{"count":0,"href":"https:\/\/www.europesays.com\/fr\/wp-json\/wp\/v2\/posts\/129105\/revisions"}],"wp:featuredmedia":[{"embeddable":true,"href":"https:\/\/www.europesays.com\/fr\/wp-json\/wp\/v2\/media\/129106"}],"wp:attachment":[{"href":"https:\/\/www.europesays.com\/fr\/wp-json\/wp\/v2\/media?parent=129105"}],"wp:term":[{"taxonomy":"category","embeddable":true,"href":"https:\/\/www.europesays.com\/fr\/wp-json\/wp\/v2\/categories?post=129105"},{"taxonomy":"post_tag","embeddable":true,"href":"https:\/\/www.europesays.com\/fr\/wp-json\/wp\/v2\/tags?post=129105"}],"curies":[{"name":"wp","href":"https:\/\/api.w.org\/{rel}","templated":true}]}}