{"id":129113,"date":"2025-05-26T11:21:13","date_gmt":"2025-05-26T11:21:13","guid":{"rendered":"https:\/\/www.europesays.com\/fr\/129113\/"},"modified":"2025-05-26T11:21:13","modified_gmt":"2025-05-26T11:21:13","slug":"haute-savoie-une-enfant-heliportee-a-grenoble-apres-une-noyade-linfo-re","status":"publish","type":"post","link":"https:\/\/www.europesays.com\/fr\/129113\/","title":{"rendered":"Haute-Savoie : une enfant h\u00e9liport\u00e9e \u00e0 Grenoble apr\u00e8s une noyade &#8211; LINFO.re"},"content":{"rendered":"<p>Dimanche 25 mai, une fillette a \u00e9t\u00e9 victime d\u2019une noyade dans une mare \u00e0 poissons situ\u00e9e sur une propri\u00e9t\u00e9 priv\u00e9e \u00e0 Sevrier, mobilisant d\u2019importants moyens de secours en Haute-Savoie.<\/p>\n<p>Dimanche matin \u00e0 Sevrier, en <a href=\"https:\/\/www.linfo.re\/tags\/haute-savoie\" target=\"_blank\" rel=\"nofollow noopener\"><strong>Haute-Savoie<\/strong><\/a>, une fillette de moins de 5 ans a \u00e9t\u00e9 victime d\u2019une noyade sur une propri\u00e9t\u00e9 priv\u00e9e, selon Le Dauphin\u00e9 Lib\u00e9r\u00e9. L\u2019accident s\u2019est produit dans un bassin d\u2019agr\u00e9ment situ\u00e9 chez un membre de sa famille. L\u2019enfant, en visite chez son oncle, a \u00e9t\u00e9 retrouv\u00e9e inconsciente. La S\u00e9curit\u00e9 civile a mobilis\u00e9 un h\u00e9licopt\u00e8re, qui a atterri pr\u00e8s de la route d\u00e9partementale 1508, entra\u00eenant une interruption temporaire de la circulation.<\/p>\n<p>La fillette a ensuite \u00e9t\u00e9 transport\u00e9e d\u2019urgence au centre hospitalier de <strong>Grenoble<\/strong>, accompagn\u00e9e de sa m\u00e8re. L\u2019intervention rapide des secours n\u2019a pas emp\u00each\u00e9 une grande \u00e9motion dans la commune. Le maire de Sevrier, Bruno Lyonnaz, a exprim\u00e9 sa profonde tristesse, qualifiant l\u2019\u00e9v\u00e9nement de dramatique, relaie 20 Minutes. Cet incident rappelle les dangers que repr\u00e9sentent les points d\u2019eau non s\u00e9curis\u00e9s pour les jeunes enfants, m\u00eame en milieu priv\u00e9 et familial, o\u00f9 la vigilance reste indispensable.<\/p>\n<p>&gt; Voir plus de <a href=\"https:\/\/www.linfo.re\/france\/faits-divers\/\" target=\"_blank\" rel=\"nofollow noopener\"><strong>faits divers en France sur LINFO.re<\/strong><\/a><\/p>\n","protected":false},"excerpt":{"rendered":"Dimanche 25 mai, une fillette a \u00e9t\u00e9 victime d\u2019une noyade dans une mare \u00e0 poissons situ\u00e9e sur une&hellip;\n","protected":false},"author":2,"featured_media":129114,"comment_status":"","ping_status":"","sticky":false,"template":"","format":"standard","meta":{"footnotes":""},"categories":[9566],"tags":[1111,47,11,2430,1777,674,118,1011,27,2731,4638,1922,12,25],"class_list":{"0":"post-129113","1":"post","2":"type-post","3":"status-publish","4":"format-standard","5":"has-post-thumbnail","7":"category-grenoble","8":"tag-actu","9":"tag-actualite","10":"tag-actualites","11":"tag-auvergne-rhone-alpes","12":"tag-eu","13":"tag-europe","14":"tag-faits-divers","15":"tag-fr","16":"tag-france","17":"tag-grenoble","18":"tag-haute-savoie","19":"tag-info","20":"tag-news","21":"tag-republique-francaise"},"share_on_mastodon":{"url":"https:\/\/pubeurope.com\/@fr\/114573874497053016","error":""},"_links":{"self":[{"href":"https:\/\/www.europesays.com\/fr\/wp-json\/wp\/v2\/posts\/129113","targetHints":{"allow":["GET"]}}],"collection":[{"href":"https:\/\/www.europesays.com\/fr\/wp-json\/wp\/v2\/posts"}],"about":[{"href":"https:\/\/www.europesays.com\/fr\/wp-json\/wp\/v2\/types\/post"}],"author":[{"embeddable":true,"href":"https:\/\/www.europesays.com\/fr\/wp-json\/wp\/v2\/users\/2"}],"replies":[{"embeddable":true,"href":"https:\/\/www.europesays.com\/fr\/wp-json\/wp\/v2\/comments?post=129113"}],"version-history":[{"count":0,"href":"https:\/\/www.europesays.com\/fr\/wp-json\/wp\/v2\/posts\/129113\/revisions"}],"wp:featuredmedia":[{"embeddable":true,"href":"https:\/\/www.europesays.com\/fr\/wp-json\/wp\/v2\/media\/129114"}],"wp:attachment":[{"href":"https:\/\/www.europesays.com\/fr\/wp-json\/wp\/v2\/media?parent=129113"}],"wp:term":[{"taxonomy":"category","embeddable":true,"href":"https:\/\/www.europesays.com\/fr\/wp-json\/wp\/v2\/categories?post=129113"},{"taxonomy":"post_tag","embeddable":true,"href":"https:\/\/www.europesays.com\/fr\/wp-json\/wp\/v2\/tags?post=129113"}],"curies":[{"name":"wp","href":"https:\/\/api.w.org\/{rel}","templated":true}]}}