{"id":129119,"date":"2025-05-26T11:24:08","date_gmt":"2025-05-26T11:24:08","guid":{"rendered":"https:\/\/www.europesays.com\/fr\/129119\/"},"modified":"2025-05-26T11:24:08","modified_gmt":"2025-05-26T11:24:08","slug":"pres-de-strasbourg-ce-supermarche-auchan-casse-les-prix-avant-travaux-des-offres-jusqua","status":"publish","type":"post","link":"https:\/\/www.europesays.com\/fr\/129119\/","title":{"rendered":"Pr\u00e8s de Strasbourg. Ce supermarch\u00e9 Auchan casse les prix avant travaux : des offres jusqu&rsquo;\u00e0"},"content":{"rendered":"<p>            Par<br \/>\n        <strong><br \/>\n            <a href=\"https:\/\/actu.fr\/auteur\/margot-fournie\" title=\"Consulter tous les articles de Margot Fournie\" target=\"_blank\" rel=\"noopener\">Margot Fournie<\/a><br \/>\n        <\/strong><\/p>\n<p>        Publi\u00e9 le<\/p>\n<p>            26 mai 2025 \u00e0 12h30        <\/p>\n<p>Un <a href=\"https:\/\/actu.fr\/tag\/bons-plans-a-strasbourg\" target=\"_blank\" rel=\"noopener\">bon plan<\/a>. Ce supermarch\u00e9 Auchan, situ\u00e9 dans une commune limitrophe de <a href=\"https:\/\/actu.fr\/strasbourg\/\" target=\"_blank\" rel=\"noopener\">Strasbourg<\/a>, est <strong>en liquidation<\/strong> avant travaux.<\/p>\n<p class=\" wall-content\">Pour \u00e9couler ses stocks, il organise des ventes \u00e0 prix cass\u00e9s avec <strong>des remises<\/strong> pouvant aller <strong>jusqu\u2019\u00e0 -60\u2009%<\/strong>. Et ce, jusqu\u2019au 23\u00a0juin. On vous en dit plus \u00e0 ce sujet.<\/p>\n<p>Bonnes affaires sur l\u2019\u00e9lectrom\u00e9nager, le multim\u00e9dia\u2026<\/p>\n<p class=\" wall-content\">\u00c0 <strong>Auchan\u00a0Hypermarch\u00e9 d\u2019Illkirch<\/strong>, en ce moment, on peut faire de bonnes affaires sur l\u2019\u00e9lectrom\u00e9nager, dont les <strong>machines \u00e0 caf\u00e9<\/strong>.<\/p>\n<p class=\" wall-content\">Mais aussi sur tout ce qui concerne la d\u00e9coration de la maison, le bricolage ou m\u00eame <strong>le jardin<\/strong>. En exemple phare, on retrouve <strong>une tonnelle<\/strong> \u00e0 645\u00a0euros au lieu de 1290.<\/p>\n<p>    <a href=\"https:\/\/www.facebook.com\/plugins\/post.php?href=https%3A%2F%2Fwww.facebook.com%2FAuchanHypermarcheIllkirch%2Fposts%2Fpfbid02FvWe2jJSjbk44UCv6umTwPuv9Db6VTqGth9X5frZGXLxx7N7UugqjaqgnpARxUzil&amp;show_text=true&amp;width=350\" title=\"Ouvrie le lien\" target=\"_blank\" rel=\"noopener\">Cliquez ici pour visualiser le contenu<\/a><\/p>\n<p class=\" wall-content\">Il faudra \u00e9galement compter sur de bonnes affaires dans le rayon <strong>multim\u00e9dia<\/strong>, notamment sur <strong>les tablettes<\/strong>. Ou encore sur le linge de maison, les produits d\u2019hygi\u00e8ne et la parfumerie.<\/p>\n<p class=\" wall-content\">Suivez toute l\u2019actualit\u00e9 de vos villes et m\u00e9dias favoris en vous inscrivant \u00e0 <a href=\"https:\/\/moncompte.actu.fr\" title=\"D\u00e9couvez Mon Actu\" rel=\"nofollow noopener\" data-trk=\"{&quot;cta&quot;:{&quot;action&quot;:&quot;https:\\\/\\\/moncompte.actu.fr&quot;,&quot;category&quot;:&quot;mon compte&quot;,&quot;from&quot;:&quot;article footer&quot;,&quot;name&quot;:&quot;Mon actu&quot;,&quot;type&quot;:&quot;cta&quot;}}\" target=\"_blank\">Mon Actu<\/a>.<\/p>\n<ul class=\"ac-article-tag wall-content\">\n<li><a href=\"https:\/\/actu.fr\/tag\/auchan\" data-trk=\"{&quot;cta&quot;:{&quot;action&quot;:&quot;Auchan&quot;,&quot;category&quot;:&quot;tag&quot;,&quot;from&quot;:&quot;article footer&quot;,&quot;name&quot;:&quot;Auchan&quot;,&quot;type&quot;:&quot;cta&quot;}}\" target=\"_blank\" rel=\"noopener\">#Auchan<\/a><\/li>\n<li><a href=\"https:\/\/actu.fr\/tag\/bons-plans-a-strasbourg\" data-trk=\"{&quot;cta&quot;:{&quot;action&quot;:&quot;Bons plans \\u00e0 Strasbourg&quot;,&quot;category&quot;:&quot;tag&quot;,&quot;from&quot;:&quot;article footer&quot;,&quot;name&quot;:&quot;Bons plans \\u00e0 Strasbourg&quot;,&quot;type&quot;:&quot;cta&quot;}}\" target=\"_blank\" rel=\"noopener\">#Bons plans \u00e0 Strasbourg<\/a><\/li>\n<\/ul>\n","protected":false},"excerpt":{"rendered":"Par Margot Fournie Publi\u00e9 le 26 mai 2025 \u00e0 12h30 Un bon plan. Ce supermarch\u00e9 Auchan, situ\u00e9 dans&hellip;\n","protected":false},"author":2,"featured_media":129120,"comment_status":"","ping_status":"","sticky":false,"template":"","format":"standard","meta":{"footnotes":""},"categories":[2820],"tags":[1111,11,14474,13978,1777,674,1011,27,775,12,25,104,640],"class_list":{"0":"post-129119","1":"post","2":"type-post","3":"status-publish","4":"format-standard","5":"has-post-thumbnail","7":"category-strasbourg","8":"tag-actu","9":"tag-actualites","10":"tag-auchan","11":"tag-bons-plans-a-strasbourg","12":"tag-eu","13":"tag-europe","14":"tag-fr","15":"tag-france","16":"tag-grand-est","17":"tag-news","18":"tag-republique-francaise","19":"tag-societe","20":"tag-strasbourg"},"share_on_mastodon":{"url":"https:\/\/pubeurope.com\/@fr\/114573886395729713","error":""},"_links":{"self":[{"href":"https:\/\/www.europesays.com\/fr\/wp-json\/wp\/v2\/posts\/129119","targetHints":{"allow":["GET"]}}],"collection":[{"href":"https:\/\/www.europesays.com\/fr\/wp-json\/wp\/v2\/posts"}],"about":[{"href":"https:\/\/www.europesays.com\/fr\/wp-json\/wp\/v2\/types\/post"}],"author":[{"embeddable":true,"href":"https:\/\/www.europesays.com\/fr\/wp-json\/wp\/v2\/users\/2"}],"replies":[{"embeddable":true,"href":"https:\/\/www.europesays.com\/fr\/wp-json\/wp\/v2\/comments?post=129119"}],"version-history":[{"count":0,"href":"https:\/\/www.europesays.com\/fr\/wp-json\/wp\/v2\/posts\/129119\/revisions"}],"wp:featuredmedia":[{"embeddable":true,"href":"https:\/\/www.europesays.com\/fr\/wp-json\/wp\/v2\/media\/129120"}],"wp:attachment":[{"href":"https:\/\/www.europesays.com\/fr\/wp-json\/wp\/v2\/media?parent=129119"}],"wp:term":[{"taxonomy":"category","embeddable":true,"href":"https:\/\/www.europesays.com\/fr\/wp-json\/wp\/v2\/categories?post=129119"},{"taxonomy":"post_tag","embeddable":true,"href":"https:\/\/www.europesays.com\/fr\/wp-json\/wp\/v2\/tags?post=129119"}],"curies":[{"name":"wp","href":"https:\/\/api.w.org\/{rel}","templated":true}]}}