{"id":129123,"date":"2025-05-26T11:26:09","date_gmt":"2025-05-26T11:26:09","guid":{"rendered":"https:\/\/www.europesays.com\/fr\/129123\/"},"modified":"2025-05-26T11:26:09","modified_gmt":"2025-05-26T11:26:09","slug":"vos-enfants-ont-entre-3-et-15-ans-envoyez-nous-cette-bouteille-avec-leur-idee-pour-sauver-locean","status":"publish","type":"post","link":"https:\/\/www.europesays.com\/fr\/129123\/","title":{"rendered":"Vos enfants ont entre 3 et 15 ans? Envoyez-nous cette bouteille avec leur id\u00e9e pour sauver l&rsquo;Oc\u00e9an"},"content":{"rendered":"<p>Il n&rsquo;y a pas d&rsquo;\u00e2ge pour avoir de bonnes id\u00e9es! Le Groupe Nice-Matin s\u2019associe au magazine Science &amp; Vie Junior. L\u2019objectif est de p\u00eacher toutes les bonnes id\u00e9es de la jeunesse pour sauver l\u2019oc\u00e9an dans l\u2019op\u00e9ration \u00ab\u00a0\u2005SOS Bouteilles \u00e0 la mer\u2005\u00a0\u00bb. Une initiative du magazine \u00e0 l\u2019occasion du Sommet de l\u2019Oc\u00e9an \u00e0 Nice (9 au 13 juin, Conf\u00e9rence des Nations unies sur l\u2019Oc\u00e9an) dont il est le partenaire m\u00e9dia jeunesse.<\/p>\n<p>Alors si vos enfants ont entre 3 et 15 ans, voici une bouteille \u00e0 la mer pour s\u2019exprimer. Ils peuvent dessiner et\/ou \u00e9crire un message dessus (n\u2019oubliez pas de noter son pr\u00e9nom et son \u00e2ge): la bouteille est \u00e0 imprimer et \u00e0 d\u00e9couper ci-dessous. Renvoyez-nous ce message (voir ci-dessous). Il doit arriver \u00e0 bon port au plus vite. Il ne restera pas en rade. Le magazine a d\u00e9j\u00e0 collect\u00e9 des bouteilles aupr\u00e8s des abonn\u00e9s de ses trois magazines jeunesse. Toutes seront rassembl\u00e9es pour cr\u00e9er une grande guirlande qui sera expos\u00e9e d\u00e8s le 3 juin et pendant toute la dur\u00e9e du Sommet dans l\u2019espace de La Baleine. Un endroit ouvert au grand public gratuitement sur inscription <a href=\"https:\/\/we-are-the-ocean.com\/\" target=\"_blank\" rel=\"noopener\">ici<\/a>.<\/p>\n<p>Alors, pour que la vague se transforme en une d\u00e9ferlante de bonnes id\u00e9es pour lutter contre la pollution, la surp\u00eache, les menaces qui p\u00e8sent sur la biodiversit\u00e9&#8230;, que les enfants et les ados ne tardent pas \u00e0 les envoyer (on compte sur les parents\u2005!). \u00a0\u00bb On s\u2019est pos\u00e9 la question de comment engager les enfants sur la protection de l\u2019oc\u00e9an, explique Danielle McCaffrey, directrice des r\u00e9dactions de Science &amp; Vie. Et cette id\u00e9e des bouteilles est venue des tout-petits.\u2005\u00a0\u00bb<\/p>\n<p>Un rendez-vous le 3 juin <\/p>\n<p>Vous pourrez r\u00e9aliser votre bouteille ou nous l\u2019apporter sur place lors d\u2019une animation le mardi 3 juin de 14\u2005h\u200545 \u00e0 18\u2005h, toujours dans l\u2019espace de La Baleine. Vous pourrez aussi venir l\u2019accrocher jusqu\u2019au 13 juin. Deux autres rendez-vous sont \u00e0 noter pour engager la jeunesse. Un atelier SOS pollution de l\u2019oc\u00e9an\u2005: le mercredi 11 juin, de 16\u2005h\u200515 \u00e0 18\u2005h\u200545 (La Baleine). Science &amp; Vie Junior, avec Les Savants fous, propose des manipulations pour les enfants de 3 \u00e0 10 ans. Enfin, des jeunes des Alpes-Maritimes vont int\u00e9grer un comit\u00e9 de r\u00e9daction pour r\u00e9aliser un reportage comme des journalistes pro\u2005! Article \u00e0 d\u00e9couvrir bient\u00f4t dans Science &amp; Vie Junior et dans Nice-Matin\/Var-matin. \u00ab\u00a0\u2005On va les inciter \u00e0 aller au contact des experts, \u00e0 trouver des sources scientifiques fiables. Pour des citoyens et citoyennes engag\u00e9s et concern\u00e9s!\u2005\u00a0\u00bb, conclut Danielle McCaffrey.<\/p>\n<p>O\u00f9 envoyer votre bouteille? <\/p>\n<p>Groupe Nice-Matin (\u00e0 l\u2019attention de Sophie Rambure, \u00ab\u00a0Bouteilles \u00e0 la mer\u00a0\u00bb), 214 boulevard du Mercantour, 06 290 Nice CEDEX 3.<\/p>\n<p>En savoir + :\u00a0https:\/\/science-et-vie-junior.fr\/les-bons-plans\/<\/p>\n<p>              <img ci-src=\"https:\/\/www.nicematin.com\/jeunesse\/Bouteille+pour+web-fyoJGHRT.jpg?vh=c9e04c&amp;ci_seal=f1f54955ea\" alt=\"\"\/><br \/>\n        Op\u00e9ration Bouteilles \u00e0 la mer. Le Groupe Nice-Matin s&rsquo;associe \u00e0 Science&amp;Vie Junior. A d\u00e9couper et \u00e0 envoyer par les 3 \u00e0 15 ans.  <strong>DR.<\/strong> <\/p>\n","protected":false},"excerpt":{"rendered":"Il n&rsquo;y a pas d&rsquo;\u00e2ge pour avoir de bonnes id\u00e9es! Le Groupe Nice-Matin s\u2019associe au magazine Science &amp;&hellip;\n","protected":false},"author":2,"featured_media":129124,"comment_status":"","ping_status":"","sticky":false,"template":"","format":"standard","meta":{"footnotes":""},"categories":[2819],"tags":[1111,11,436,1777,674,1011,27,4075,12,2401,882,25],"class_list":{"0":"post-129123","1":"post","2":"type-post","3":"status-publish","4":"format-standard","5":"has-post-thumbnail","7":"category-nice","8":"tag-actu","9":"tag-actualites","10":"tag-environnement","11":"tag-eu","12":"tag-europe","13":"tag-fr","14":"tag-france","15":"tag-jeunesse","16":"tag-news","17":"tag-nice","18":"tag-provence-alpes-cote-dazur","19":"tag-republique-francaise"},"share_on_mastodon":{"url":"https:\/\/pubeurope.com\/@fr\/114573894280678061","error":""},"_links":{"self":[{"href":"https:\/\/www.europesays.com\/fr\/wp-json\/wp\/v2\/posts\/129123","targetHints":{"allow":["GET"]}}],"collection":[{"href":"https:\/\/www.europesays.com\/fr\/wp-json\/wp\/v2\/posts"}],"about":[{"href":"https:\/\/www.europesays.com\/fr\/wp-json\/wp\/v2\/types\/post"}],"author":[{"embeddable":true,"href":"https:\/\/www.europesays.com\/fr\/wp-json\/wp\/v2\/users\/2"}],"replies":[{"embeddable":true,"href":"https:\/\/www.europesays.com\/fr\/wp-json\/wp\/v2\/comments?post=129123"}],"version-history":[{"count":0,"href":"https:\/\/www.europesays.com\/fr\/wp-json\/wp\/v2\/posts\/129123\/revisions"}],"wp:featuredmedia":[{"embeddable":true,"href":"https:\/\/www.europesays.com\/fr\/wp-json\/wp\/v2\/media\/129124"}],"wp:attachment":[{"href":"https:\/\/www.europesays.com\/fr\/wp-json\/wp\/v2\/media?parent=129123"}],"wp:term":[{"taxonomy":"category","embeddable":true,"href":"https:\/\/www.europesays.com\/fr\/wp-json\/wp\/v2\/categories?post=129123"},{"taxonomy":"post_tag","embeddable":true,"href":"https:\/\/www.europesays.com\/fr\/wp-json\/wp\/v2\/tags?post=129123"}],"curies":[{"name":"wp","href":"https:\/\/api.w.org\/{rel}","templated":true}]}}