{"id":129139,"date":"2025-05-26T11:34:08","date_gmt":"2025-05-26T11:34:08","guid":{"rendered":"https:\/\/www.europesays.com\/fr\/129139\/"},"modified":"2025-05-26T11:34:08","modified_gmt":"2025-05-26T11:34:08","slug":"lille-et-gravelines-recompensees-en-2025","status":"publish","type":"post","link":"https:\/\/www.europesays.com\/fr\/129139\/","title":{"rendered":"Lille et Gravelines r\u00e9compens\u00e9es en 2025"},"content":{"rendered":"<p>            Par<br \/>\n        <strong><br \/>\n            <a href=\"https:\/\/actu.fr\/auteur\/raphael-mahlmann\" title=\"Consulter tous les articles de Rapha\u00ebl Mahlmann\" rel=\"nofollow noopener\" target=\"_blank\">Rapha\u00ebl Mahlmann<\/a><br \/>\n        <\/strong><\/p>\n<p>        Publi\u00e9 le<\/p>\n<p>            26 mai 2025 \u00e0 13h00        <\/p>\n<p>Croyez-le ou non, Lille et <a href=\"https:\/\/actu.fr\/hauts-de-france\/gravelines_59273\/gravelines-1-an-et-demi-apres-un-nouvel-incendie-ravage-a-nouveau-la-salle-sportica_62561969.html\" rel=\"nofollow noopener\" target=\"_blank\">Gravelines<\/a> font partie des villes propres de France. L\u2019Association des Villes pour la Propret\u00e9 Urbaine (AVPU) a <b>distingu\u00e9 cette ann\u00e9e<\/b> <b>45 collectivit\u00e9s par son label \u00ab\u2009Ville Eco-propre\u2009\u00bb<\/b>. Cette distinction r\u00e9compense les collectivit\u00e9s engag\u00e9es dans la <a href=\"https:\/\/actu.fr\/hauts-de-france\/lille_59350\/dechets-le-tri-du-verre-debarque-dans-le-vieux-lille_62055506.html\" rel=\"nofollow noopener\" target=\"_blank\">propret\u00e9<\/a> de leurs espaces publics. En <b>2025<\/b>, les villes de Lille et Gravelines ont \u00e9t\u00e9 r\u00e9compens\u00e9es\u2009! On vous en dit plus sur ce label.<\/p>\n<p>Comment fonctionne ce label\u2009?<\/p>\n<p class=\" wall-content\">L\u2019attribution du label \u00ab\u2009Ville Eco-propre\u2009\u00bb se fait pour une p\u00e9riode de trois ans. Il valorise \u00ab\u2009les moyens mis en \u0153uvre pour diminuer la salissure (\u00e9quipements, communication, m\u00e9diation, sensibilisation, coercition, etc.) obtenue par une am\u00e9lioration durable des comportements des usagers sur l\u2019espace public\u2009\u00bb, explique l\u2019association. Le label est constitu\u00e9 de<b> 5 \u00e9toiles<\/b>. La <b>premi\u00e8re \u00e9toile <\/b>est d\u00e9cern\u00e9e aux communes mettant en \u0153uvre la m\u00e9thodologie d\u2019\u00e9valuation de l\u2019AVPU\u2009: Les Indicateurs Objectifs de Propret\u00e9 (IOP). Ces indicateurs permettent aux villes d\u2019identifier leurs points forts et leurs points faibles, selon les moyennes des autres collectivit\u00e9s.\u00a0La <b>deuxi\u00e8me \u00e9toile<\/b> est destin\u00e9e aux communes ayant d\u00e9j\u00e0 obtenu la premi\u00e8re \u00e9toile et qui ont r\u00e9agi avec un plan d\u2019action. La<b> troisi\u00e8me \u00e9toile<\/b> met en valeur les collectivit\u00e9s engag\u00e9es dans le d\u00e9veloppement durable dans diff\u00e9rents domaines li\u00e9s au nettoiement. La <b>quatri\u00e8me \u00e9toile<\/b> r\u00e9compense les villes qui incitent les habitants aux actions de propret\u00e9 urbaine. La <b>cinqui\u00e8me \u00e9toile <\/b>\u00ab\u2009Investir tous les domaines de la propret\u00e9 urbaine et obtenir des r\u00e9sultats\u2009\u00bb r\u00e9compense les villes ayant un plan d\u2019action pr\u00e9sentant des propositions sur l\u2019ensemble des probl\u00e9matiques relevant de la propret\u00e9 urbaine.<\/p>\n<p>Lille et Gravelines obtiennent le label \u00ab\u2009Ville Eco-propre\u2009\u00bb<\/p>\n<p class=\" wall-content\">Pour le palmar\u00e8s 2025, Lille a obtenu une<b> troisi\u00e8me \u00e9toile <\/b>et Gravelines sa <b>quatri\u00e8me \u00e9toile<\/b>. En 2024, 131 collectivit\u00e9s b\u00e9n\u00e9ficiaient du label. Depuis sa cr\u00e9ation en 2016, d\u2019autres villes du Nord et du Pas-de-Calais ont \u00e9t\u00e9 labellis\u00e9es\u2009: B\u00e9thune, Calais, Douai, Caudry, Faches-Thumesnil, Hautmont, Hazebrouck, Maubeuge, Roubaix et Tourcoing.<\/p>\n<p class=\" wall-content\">Voici le reste du classement en France en 2025\u2009:<\/p>\n<p class=\" wall-content\"><b>Deux collectivit\u00e9s obtiennent la \u00ab\u20095e \u00e9toile\u2009\u00bb du label\u2009:<\/b><\/p>\n<p class=\" wall-content\">\u2013 Antibes<\/p>\n<p>Vid\u00e9os : en ce moment sur Actu<\/p>\n<p class=\" wall-content\">\u2013 Le\u00a0Havre<\/p>\n<p class=\" wall-content\"><b>Huit collectivit\u00e9s obtiennent la \u00ab\u20094e \u00e9toile\u2009\u00bb du label\u2009:<\/b><\/p>\n<p class=\" wall-content\">\u2013 Alfortville<\/p>\n<p class=\" wall-content\">\u2013 Gravelines<\/p>\n<p class=\" wall-content\">\u2013 Illkirch-Graffenstaden<\/p>\n<p class=\" wall-content\">\u2013 Montigny-l\u00e8s-Metz<\/p>\n<p class=\" wall-content\">\u2013 Nantes m\u00e9tropole<\/p>\n<p class=\" wall-content\">\u2013 Pau<\/p>\n<p class=\" wall-content\">\u2013 Rennes<\/p>\n<p class=\" wall-content\">\u2013 Saint-Maur-des-Foss\u00e9s<\/p>\n<p class=\" wall-content\"><b>Douze collectivit\u00e9s obtiennent la \u00ab\u20093e \u00e9toile\u2009\u00bb du label\u2009:<\/b><\/p>\n<p class=\" wall-content\">\u2013 Ch\u00e2teauroux<\/p>\n<p class=\" wall-content\">\u2013 Enghien-les-Bains<\/p>\n<p class=\" wall-content\">\u2013 Lille<\/p>\n<p class=\" wall-content\">\u2013 Limoges m\u00e9tropole<\/p>\n<p class=\" wall-content\">\u2013 M\u00e2con<\/p>\n<p class=\" wall-content\">\u2013 Melun<\/p>\n<p class=\" wall-content\">\u2013 Montville<\/p>\n<p class=\" wall-content\">\u2013 N\u00eemes<\/p>\n<p class=\" wall-content\">\u2013 Saint-Chamond<\/p>\n<p class=\" wall-content\">\u2013 Sanary-sur-mer<\/p>\n<p class=\" wall-content\">\u2013 Sens<\/p>\n<p class=\" wall-content\">\u2013 Vincennes<\/p>\n<p class=\" wall-content\"><b>Quinze collectivit\u00e9s obtiennent la \u00ab\u20092e \u00e9toile\u2009\u00bb du label\u2009:<\/b><\/p>\n<p class=\" wall-content\">\u2013 Arcachon<\/p>\n<p class=\" wall-content\">\u2013 Bourg-en-Bresse<\/p>\n<p class=\" wall-content\">\u2013 \u00c9vreux<\/p>\n<p class=\" wall-content\">\u2013 La Farl\u00e8de<\/p>\n<p class=\" wall-content\">\u2013 Libourne<\/p>\n<p class=\" wall-content\">\u2013 Mont-Saint-Aignan<\/p>\n<p class=\" wall-content\">\u2013 Mulhouse Alsace agglom\u00e9ration<\/p>\n<p class=\" wall-content\">\u2013 Namur<\/p>\n<p class=\" wall-content\">\u2013 Nancy<\/p>\n<p class=\" wall-content\">\u2013 Paray-Vieille-Poste<\/p>\n<p class=\" wall-content\">\u2013 Pauillac<\/p>\n<p class=\" wall-content\">\u2013 Quimper<\/p>\n<p class=\" wall-content\">\u2013 Reims<\/p>\n<p class=\" wall-content\">\u2013 Saintes<\/p>\n<p class=\" wall-content\">\u2013 Woluwe-Saint-Pierre<\/p>\n<p class=\" wall-content\"><b>Huit collectivit\u00e9s rentrent dans le processus du label, en obtenant la \u00ab\u20091re \u00e9toile\u2009\u00bb du label\u2009:<\/b><\/p>\n<p class=\" wall-content\">\u2013 Bordeaux<\/p>\n<p class=\" wall-content\">\u2013 Bourges<\/p>\n<p class=\" wall-content\">\u2013 Gentilly<\/p>\n<p class=\" wall-content\">\u2013 Hy\u00e8res (Toulon Provence M\u00e9diterran\u00e9e)<\/p>\n<p class=\" wall-content\">\u2013 M\u00e9rignac<\/p>\n<p class=\" wall-content\">\u2013 Pessac<\/p>\n<p class=\" wall-content\">\u2013 Saint-Nazaire<\/p>\n<p class=\" wall-content\">\u2013 Vitry-sur-Seine<\/p>\n<p class=\" wall-content\">Suivez toute l\u2019actualit\u00e9 de vos villes et m\u00e9dias favoris en vous inscrivant \u00e0 <a href=\"https:\/\/moncompte.actu.fr\" title=\"D\u00e9couvez Mon Actu\" rel=\"nofollow noopener\" data-trk=\"{&quot;cta&quot;:{&quot;action&quot;:&quot;https:\\\/\\\/moncompte.actu.fr&quot;,&quot;category&quot;:&quot;mon compte&quot;,&quot;from&quot;:&quot;article footer&quot;,&quot;name&quot;:&quot;Mon actu&quot;,&quot;type&quot;:&quot;cta&quot;}}\" target=\"_blank\">Mon Actu<\/a>.<\/p>\n","protected":false},"excerpt":{"rendered":"Par Rapha\u00ebl Mahlmann Publi\u00e9 le 26 mai 2025 \u00e0 13h00 Croyez-le ou non, Lille et Gravelines font partie&hellip;\n","protected":false},"author":2,"featured_media":129140,"comment_status":"","ping_status":"","sticky":false,"template":"","format":"standard","meta":{"footnotes":""},"categories":[2815],"tags":[1111,11,51,436,1777,674,1011,27,811,1307,12,25,104],"class_list":{"0":"post-129139","1":"post","2":"type-post","3":"status-publish","4":"format-standard","5":"has-post-thumbnail","7":"category-lille","8":"tag-actu","9":"tag-actualites","10":"tag-ecologie","11":"tag-environnement","12":"tag-eu","13":"tag-europe","14":"tag-fr","15":"tag-france","16":"tag-hauts-de-france","17":"tag-lille","18":"tag-news","19":"tag-republique-francaise","20":"tag-societe"},"share_on_mastodon":{"url":"https:\/\/pubeurope.com\/@fr\/114573925662609939","error":""},"_links":{"self":[{"href":"https:\/\/www.europesays.com\/fr\/wp-json\/wp\/v2\/posts\/129139","targetHints":{"allow":["GET"]}}],"collection":[{"href":"https:\/\/www.europesays.com\/fr\/wp-json\/wp\/v2\/posts"}],"about":[{"href":"https:\/\/www.europesays.com\/fr\/wp-json\/wp\/v2\/types\/post"}],"author":[{"embeddable":true,"href":"https:\/\/www.europesays.com\/fr\/wp-json\/wp\/v2\/users\/2"}],"replies":[{"embeddable":true,"href":"https:\/\/www.europesays.com\/fr\/wp-json\/wp\/v2\/comments?post=129139"}],"version-history":[{"count":0,"href":"https:\/\/www.europesays.com\/fr\/wp-json\/wp\/v2\/posts\/129139\/revisions"}],"wp:featuredmedia":[{"embeddable":true,"href":"https:\/\/www.europesays.com\/fr\/wp-json\/wp\/v2\/media\/129140"}],"wp:attachment":[{"href":"https:\/\/www.europesays.com\/fr\/wp-json\/wp\/v2\/media?parent=129139"}],"wp:term":[{"taxonomy":"category","embeddable":true,"href":"https:\/\/www.europesays.com\/fr\/wp-json\/wp\/v2\/categories?post=129139"},{"taxonomy":"post_tag","embeddable":true,"href":"https:\/\/www.europesays.com\/fr\/wp-json\/wp\/v2\/tags?post=129139"}],"curies":[{"name":"wp","href":"https:\/\/api.w.org\/{rel}","templated":true}]}}