{"id":129143,"date":"2025-05-26T11:36:13","date_gmt":"2025-05-26T11:36:13","guid":{"rendered":"https:\/\/www.europesays.com\/fr\/129143\/"},"modified":"2025-05-26T11:36:13","modified_gmt":"2025-05-26T11:36:13","slug":"concert-de-jul-tentatives-dintrusion-jeune-femme-frappee-scenes-de-chaos-a-marseille","status":"publish","type":"post","link":"https:\/\/www.europesays.com\/fr\/129143\/","title":{"rendered":"Concert de Jul : tentatives d&rsquo;intrusion, jeune femme frapp\u00e9e&#8230; sc\u00e8nes de chaos \u00e0 Marseille"},"content":{"rendered":"<p>                                            Faits divers\n                                                                            <\/p>\n<p>\n                                            Les deux concerts du rappeur marseillais Jul ont \u00e9t\u00e9 marqu\u00e9s par des incidents \u00e0 l\u2019int\u00e9rieur et \u00e0 l\u2019ext\u00e9rieur du stade. Une trentaine de personnes ont \u00e9t\u00e9 interpell\u00e9es par les forces de l\u2019ordre.                                        <\/p>\n<p>                                                Publi\u00e9 le 26 mai 2025 \u00e0 12h07                                                                                            <\/p>\n<p>                                            <img loading=\"lazy\" width=\"1024\" height=\"683\" src=\"https:\/\/www.europesays.com\/fr\/wp-content\/uploads\/2025\/05\/SIPA_00792852_0000681.jpg\" class=\"attachment-post-thumbnail size-post-thumbnail wp-post-image lazy\" alt=\"Les forces de l'ordre ont interpell\u00e9 33 personnes en marge de deux concerts du rappeur marseillais Jul. PHOTO \u00a9 NIVIERE\/SIPA\" decoding=\"async\"  data-\/><\/p>\n<p>                                            Les forces de l&rsquo;ordre ont interpell\u00e9 33 personnes en marge de deux concerts du rappeur marseillais Jul. PHOTO \u00a9 NIVIERE\/SIPA<\/p>\n<p>Les r\u00e9seaux sociaux se sont fait l\u2019\u00e9cho de sc\u00e8nes de chaos \u00e0 Marseille. Aux abords du stade V\u00e9lodrome o\u00f9 se tenaient les concerts de Jul, vendredi 23 et samedi 24 mai, plusieurs incidents ont \u00e9t\u00e9 recens\u00e9s. Le <a href=\"https:\/\/www.valeursactuelles.com\/clubvaleurs\/societe\/vulgaires-sexistes-anti-flics-le-vrai-visage-des-rappeurs-marseillais\" target=\"_blank\" rel=\"noopener sponsored\">c\u00e9l\u00e8bre rappeur marseillais<\/a> a rassembl\u00e9 plus de 150 000 spectateurs sur les deux soirs, une foule dense, qui a provoqu\u00e9 d\u2019importants embouteillages dans la cit\u00e9 phoc\u00e9enne, et qui a \u00e9t\u00e9 victime de mouvements de foule et d\u2019actes de violence.<\/p>\n<p><a href=\"https:\/\/www.valeursactuelles.com\/clubvaleurs\/societe\/marseille-la-police-municipale-sous-ingerence\" class=\"h-flex h-align-items-center h-border-tb h-ptb-15\" target=\"_blank\" rel=\"noopener\">A\u00a0LIRE\u00a0Marseille : la police municipale sous ing\u00e9rence ?<\/a><\/p>\n<p>\u00a0<\/p>\n<blockquote class=\"twitter-tweet\">\n<p dir=\"ltr\" lang=\"fr\">On a \u00e9vit\u00e9 des morts hier soir c\u2019\u00e9tait l\u2019apocalypse\u2026\ud83e\udd26\u200d\u2642\ufe0f <a href=\"https:\/\/twitter.com\/hashtag\/TeamOM?src=hash&amp;ref_src=twsrc%5Etfw\" target=\"_blank\" rel=\"noopener\">#TeamOM<\/a> <a href=\"https:\/\/twitter.com\/hashtag\/Marseille?src=hash&amp;ref_src=twsrc%5Etfw\" target=\"_blank\" rel=\"noopener\">#Marseille<\/a> <a href=\"https:\/\/twitter.com\/hashtag\/concertdejul?src=hash&amp;ref_src=twsrc%5Etfw\" target=\"_blank\" rel=\"noopener\">#concertdejul<\/a><\/p>\n<p>\ud83c\udfa5 <a href=\"https:\/\/twitter.com\/AQABABE_?ref_src=twsrc%5Etfw\" target=\"_blank\" rel=\"noopener\">@AQABABE_<\/a> <a href=\"https:\/\/t.co\/PeUIVYjWVM\">pic.twitter.com\/PeUIVYjWVM<\/a><\/p>\n<p>\u2014 \u00c9dition Marseille (@EditoMarseille) <a href=\"https:\/\/twitter.com\/EditoMarseille\/status\/1926634788040925389?ref_src=twsrc%5Etfw\" target=\"_blank\" rel=\"noopener\">May 25, 2025<\/a><\/p>\n<\/blockquote>\n<p>Au final, les forces de l\u2019ordre ont interpell\u00e9 33 personnes au cours du week-end \u00ab pour d\u00e9gradations, violences contre personnes d\u00e9positaires de l\u2019autorit\u00e9 publique et revente illicite de billets \u00bb, a indiqu\u00e9 la pr\u00e9fecture de police, qui pr\u00e9cise \u00e9galement qu\u2019il \u00ab n\u2019y a eu aucun bless\u00e9 \u00bb.<\/p>\n<blockquote class=\"twitter-tweet\">\n<p dir=\"ltr\" lang=\"fr\">Au cas o\u00f9 monsieur le procureur de la R\u00e9publique de <a href=\"https:\/\/twitter.com\/hashtag\/Marseille?src=hash&amp;ref_src=twsrc%5Etfw\" target=\"_blank\" rel=\"noopener\">#Marseille<\/a> <a href=\"https:\/\/twitter.com\/PR_Marseille?ref_src=twsrc%5Etfw\" target=\"_blank\" rel=\"noopener\">@PR_Marseille<\/a> n\u2019aurait pas \u00e9t\u00e9 inform\u00e9, je lui signale ces <a href=\"https:\/\/twitter.com\/hashtag\/violences?src=hash&amp;ref_src=twsrc%5Etfw\" target=\"_blank\" rel=\"noopener\">#violences<\/a> volontaires commises par un figurant \u00e0 <a href=\"https:\/\/twitter.com\/hashtag\/v%C3%A9lo?src=hash&amp;ref_src=twsrc%5Etfw\" target=\"_blank\" rel=\"noopener\">#v\u00e9lo<\/a> c\/ 1 jeune <a href=\"https:\/\/twitter.com\/hashtag\/femme?src=hash&amp;ref_src=twsrc%5Etfw\" target=\"_blank\" rel=\"noopener\">#femme<\/a> lors du concert de <a href=\"https:\/\/twitter.com\/hashtag\/Jul?src=hash&amp;ref_src=twsrc%5Etfw\" target=\"_blank\" rel=\"noopener\">#Jul<\/a> \u00e0 <a href=\"https:\/\/twitter.com\/hashtag\/Marseille?src=hash&amp;ref_src=twsrc%5Etfw\" target=\"_blank\" rel=\"noopener\">#Marseille<\/a> ; violence gratuite, <a href=\"https:\/\/twitter.com\/hashtag\/sexiste?src=hash&amp;ref_src=twsrc%5Etfw\" target=\"_blank\" rel=\"noopener\">#sexiste<\/a> et r\u00e9pugnante \ud83d\udc4e\ud83c\udffd <a href=\"https:\/\/t.co\/0lCjzvKFkG\">pic.twitter.com\/0lCjzvKFkG<\/a><\/p>\n<p>\u2014 Jeanne Lepic (@Jeanne_Lepic) <a href=\"https:\/\/twitter.com\/Jeanne_Lepic\/status\/1926411828118106531?ref_src=twsrc%5Etfw\" target=\"_blank\" rel=\"noopener\">May 24, 2025<\/a><\/p>\n<\/blockquote>\n<p>Des sc\u00e8nes film\u00e9es et post\u00e9es sur les r\u00e9seaux sociaux montrent pourtant des heurts entre spectateurs, des mouvements de foule ou encore une jeune femme frapp\u00e9e par un des figurants cagoul\u00e9s, sillonnant la foule \u00e0 v\u00e9lo.<\/p>\n<\/p>\n<p>Tentatives d\u2019intrusions mises en \u00e9chec<\/p>\n<p>Avant le show, une centaine de personnes ont tent\u00e9 de forcer les grilles pour p\u00e9n\u00e9trer dans le stade sans billet. Les forces de l\u2019ordre, d\u00e9ploy\u00e9es en nombre, sont parvenues, non sans mal, \u00e0 repousser les individus.<\/p>\n<blockquote class=\"twitter-tweet\">\n<p dir=\"ltr\" lang=\"fr\">On a \u00e9vit\u00e9 des morts hier soir c\u2019\u00e9tait l\u2019apocalypse\u2026\ud83e\udd26\u200d\u2642\ufe0f <a href=\"https:\/\/twitter.com\/hashtag\/TeamOM?src=hash&amp;ref_src=twsrc%5Etfw\" target=\"_blank\" rel=\"noopener\">#TeamOM<\/a> <a href=\"https:\/\/twitter.com\/hashtag\/Marseille?src=hash&amp;ref_src=twsrc%5Etfw\" target=\"_blank\" rel=\"noopener\">#Marseille<\/a> <a href=\"https:\/\/twitter.com\/hashtag\/concertdejul?src=hash&amp;ref_src=twsrc%5Etfw\" target=\"_blank\" rel=\"noopener\">#concertdejul<\/a><\/p>\n<p>\ud83c\udfa5 <a href=\"https:\/\/twitter.com\/AQABABE_?ref_src=twsrc%5Etfw\" target=\"_blank\" rel=\"noopener\">@AQABABE_<\/a> <a href=\"https:\/\/t.co\/PeUIVYjWVM\">pic.twitter.com\/PeUIVYjWVM<\/a><\/p>\n<p>\u2014 \u00c9dition Marseille (@EditoMarseille) <a href=\"https:\/\/twitter.com\/EditoMarseille\/status\/1926634788040925389?ref_src=twsrc%5Etfw\" target=\"_blank\" rel=\"noopener\">May 25, 2025<\/a><\/p>\n<\/blockquote>\n<p>En outre, la boutique de l\u2019Olympique de Marseille a \u00e9t\u00e9 prise pour cible en marge de la cohue. Selon la pr\u00e9fecture de police, des d\u00e9gradations sont \u00e0 d\u00e9plorer, mais la tentative d\u2019intrusion et de pillage ont, elles aussi, \u00e9t\u00e9 mises en \u00e9chec par les forces de s\u00e9curit\u00e9, a assur\u00e9 la pr\u00e9fecture.<\/p>\n<blockquote class=\"twitter-tweet\">\n<p dir=\"ltr\" lang=\"fr\">Pourquoi certains se sentent oblig\u00e9s de se comporter comme des sauvages au concert de Jul \u00e0 Marseille ?<\/p>\n<p>Mouvement de foule, stand saccag\u00e9, racailles qui forcent l\u2019entr\u00e9e comme si tout leur \u00e9tait d\u00fb\u2026<br \/>Pour un concert ? S\u00e9rieux ?<\/p>\n<p>L\u2019\u00e9ducation des gosses a vraiment foutu le camp ! <a href=\"https:\/\/t.co\/DA1jolWnYd\">pic.twitter.com\/DA1jolWnYd<\/a><\/p>\n<p>\u2014 Matthieu Valet (@mvalet_officiel) <a href=\"https:\/\/twitter.com\/mvalet_officiel\/status\/1926570830261100997?ref_src=twsrc%5Etfw\" target=\"_blank\" rel=\"noopener\">May 25, 2025<\/a><\/p>\n<\/blockquote>\n<p>\u00ab Pourquoi certains se sentent oblig\u00e9s de se comporter comme des sauvages au concert de Jul \u00e0 Marseille ? Mouvement de foule, stand saccag\u00e9, racailles qui forcent l\u2019entr\u00e9e comme si tout leur \u00e9tait d\u00fb\u2026 Pour un concert ? S\u00e9rieux ? \u00bb, s\u2019est ainsi questionn\u00e9 Matthieu Valet, eurod\u00e9put\u00e9 RN et ancien porte-parole du Syndicat ind\u00e9pendant des commissaires de police, en joignant de nouvelles images captur\u00e9es sur place.<\/p>\n<p>                                                                    <script async src=\"https:\/\/platform.twitter.com\/widgets.js\" charset=\"utf-8\"><\/script><\/p>\n","protected":false},"excerpt":{"rendered":"Faits divers Les deux concerts du rappeur marseillais Jul ont \u00e9t\u00e9 marqu\u00e9s par des incidents \u00e0 l\u2019int\u00e9rieur et&hellip;\n","protected":false},"author":2,"featured_media":129144,"comment_status":"","ping_status":"","sticky":false,"template":"","format":"standard","meta":{"footnotes":""},"categories":[2814],"tags":[1111,11,1697,1777,674,1011,27,1279,884,12,882,25,2949],"class_list":{"0":"post-129143","1":"post","2":"type-post","3":"status-publish","4":"format-standard","5":"has-post-thumbnail","7":"category-marseille","8":"tag-actu","9":"tag-actualites","10":"tag-concert","11":"tag-eu","12":"tag-europe","13":"tag-fr","14":"tag-france","15":"tag-jul","16":"tag-marseille","17":"tag-news","18":"tag-provence-alpes-cote-dazur","19":"tag-republique-francaise","20":"tag-violences"},"share_on_mastodon":{"url":"https:\/\/pubeurope.com\/@fr\/114573933560829225","error":""},"_links":{"self":[{"href":"https:\/\/www.europesays.com\/fr\/wp-json\/wp\/v2\/posts\/129143","targetHints":{"allow":["GET"]}}],"collection":[{"href":"https:\/\/www.europesays.com\/fr\/wp-json\/wp\/v2\/posts"}],"about":[{"href":"https:\/\/www.europesays.com\/fr\/wp-json\/wp\/v2\/types\/post"}],"author":[{"embeddable":true,"href":"https:\/\/www.europesays.com\/fr\/wp-json\/wp\/v2\/users\/2"}],"replies":[{"embeddable":true,"href":"https:\/\/www.europesays.com\/fr\/wp-json\/wp\/v2\/comments?post=129143"}],"version-history":[{"count":0,"href":"https:\/\/www.europesays.com\/fr\/wp-json\/wp\/v2\/posts\/129143\/revisions"}],"wp:featuredmedia":[{"embeddable":true,"href":"https:\/\/www.europesays.com\/fr\/wp-json\/wp\/v2\/media\/129144"}],"wp:attachment":[{"href":"https:\/\/www.europesays.com\/fr\/wp-json\/wp\/v2\/media?parent=129143"}],"wp:term":[{"taxonomy":"category","embeddable":true,"href":"https:\/\/www.europesays.com\/fr\/wp-json\/wp\/v2\/categories?post=129143"},{"taxonomy":"post_tag","embeddable":true,"href":"https:\/\/www.europesays.com\/fr\/wp-json\/wp\/v2\/tags?post=129143"}],"curies":[{"name":"wp","href":"https:\/\/api.w.org\/{rel}","templated":true}]}}